{"id":96103,"date":"2025-06-26T11:57:21","date_gmt":"2025-06-26T11:57:21","guid":{"rendered":"https:\/\/jorgezanoni.com.br\/2019\/?p=96103"},"modified":"2025-06-26T11:57:21","modified_gmt":"2025-06-26T11:57:21","slug":"policia-civil-prende-homem-em-flagrante-por-trafico-de-drogas-nas-proximidades-da-linha-ferrea-em-dracena","status":"publish","type":"post","link":"https:\/\/jorgezanoni.com.br\/2019\/policia-civil-prende-homem-em-flagrante-por-trafico-de-drogas-nas-proximidades-da-linha-ferrea-em-dracena\/","title":{"rendered":"Pol\u00edcia Civil prende homem em flagrante por Tr\u00e1fico de Drogas nas proximidades da Linha F\u00e9rrea em Dracena"},"content":{"rendered":"<p style=\"text-align: justify;\"><strong>Suspeito tamb\u00e9m era considerado foragido do sistema prisional por n\u00e3o retornar da sa\u00edda tempor\u00e1ria.<\/strong><\/p>\n<p style=\"text-align: justify;\">A Pol\u00edcia Civil do Estado de S\u00e3o Paulo, por interm\u00e9dio das Unidades Especializadas da Delegacia de Investiga\u00e7\u00f5es Gerais (DIG) e da Delegacia de Investiga\u00e7\u00f5es Sobre Entorpecentes (DISE) de Dracena, prendeu em flagrante, nesta quarta-feira (25), um homem de 36 anos suspeito de comercializar entorpecentes nas imedia\u00e7\u00f5es da antiga esta\u00e7\u00e3o ferrovi\u00e1ria de Dracena, \u00e1rea conhecida pelo intenso fluxo de pessoas em situa\u00e7\u00e3o de vulnerabilidade social e depend\u00eancia qu\u00edmica.<\/p>\n<p style=\"text-align: justify;\">A pris\u00e3o foi resultado de um trabalho investigativo desenvolvido pelos policiais civis, com foco no combate ao tr\u00e1fico de drogas na regi\u00e3o central do munic\u00edpio, especialmente nos arredores da esta\u00e7\u00e3o ferrovi\u00e1ria e do terminal rodovi\u00e1rio, locais frequentemente utilizados como pontos de venda e consumo de subst\u00e2ncias il\u00edcitas.<\/p>\n<p style=\"text-align: justify;\">Ap\u00f3s a coleta de informa\u00e7\u00f5es que indicavam a atua\u00e7\u00e3o do suspeito na venda de drogas no local, os agentes realizaram dilig\u00eancias e conseguiram abord\u00e1-lo. Durante a revista pessoal, diante da fundada suspeita, foram encontradas em sua posse oito por\u00e7\u00f5es de crack, uma por\u00e7\u00e3o fragmentada de maconha e cerca de R$ 180,00 em dinheiro.<\/p>\n<p style=\"text-align: justify;\">As subst\u00e2ncias entorpecentes foram apreendidas e encaminhadas \u00e0 per\u00edcia, que confirmou tratar-se de crack e maconha, conforme laudos de constata\u00e7\u00e3o provis\u00f3ria.<\/p>\n<p style=\"text-align: justify;\">Al\u00e9m do flagrante por tr\u00e1fico de drogas, foi lavrado tamb\u00e9m o auto de captura do foragido, j\u00e1 que o suspeito se encontrava evadido do sistema prisional. Ele havia sido beneficiado recentemente com a sa\u00edda tempor\u00e1ria, mas n\u00e3o retornou \u00e0 unidade prisional no prazo legal, passando \u00e0 condi\u00e7\u00e3o de procurado.<\/p>\n<p style=\"text-align: justify;\">O preso ser\u00e1 apresentado em audi\u00eancia de cust\u00f3dia. Ele possui antecedentes criminais por crimes de roubo e furto.<\/p>\n<p>Fonte: Com. Social Pol\u00edcia Civil<\/p>\n","protected":false},"excerpt":{"rendered":"<p>Suspeito tamb\u00e9m era considerado foragido do sistema prisional por n\u00e3o retornar da sa\u00edda tempor\u00e1ria. A Pol\u00edcia Civil do Estado de S\u00e3o Paulo, por interm\u00e9dio das Unidades Especializadas da Delegacia de Investiga\u00e7\u00f5es Gerais (DIG) e da Delegacia de Investiga\u00e7\u00f5es Sobre Entorpecentes (DISE) de Dracena, prendeu em flagrante, nesta quarta-feira (25), um homem de 36 anos suspeito [&hellip;]<\/p>\n","protected":false},"author":1,"featured_media":96104,"comment_status":"closed","ping_status":"open","sticky":false,"template":"","format":"standard","meta":{"footnotes":""},"categories":[110,2],"tags":[],"class_list":["post-96103","post","type-post","status-publish","format-standard","has-post-thumbnail","hentry","category-noticiasdestaque","category-policial"],"_links":{"self":[{"href":"https:\/\/jorgezanoni.com.br\/2019\/wp-json\/wp\/v2\/posts\/96103","targetHints":{"allow":["GET"]}}],"collection":[{"href":"https:\/\/jorgezanoni.com.br\/2019\/wp-json\/wp\/v2\/posts"}],"about":[{"href":"https:\/\/jorgezanoni.com.br\/2019\/wp-json\/wp\/v2\/types\/post"}],"author":[{"embeddable":true,"href":"https:\/\/jorgezanoni.com.br\/2019\/wp-json\/wp\/v2\/users\/1"}],"replies":[{"embeddable":true,"href":"https:\/\/jorgezanoni.com.br\/2019\/wp-json\/wp\/v2\/comments?post=96103"}],"version-history":[{"count":1,"href":"https:\/\/jorgezanoni.com.br\/2019\/wp-json\/wp\/v2\/posts\/96103\/revisions"}],"predecessor-version":[{"id":96105,"href":"https:\/\/jorgezanoni.com.br\/2019\/wp-json\/wp\/v2\/posts\/96103\/revisions\/96105"}],"wp:featuredmedia":[{"embeddable":true,"href":"https:\/\/jorgezanoni.com.br\/2019\/wp-json\/wp\/v2\/media\/96104"}],"wp:attachment":[{"href":"https:\/\/jorgezanoni.com.br\/2019\/wp-json\/wp\/v2\/media?parent=96103"}],"wp:term":[{"taxonomy":"category","embeddable":true,"href":"https:\/\/jorgezanoni.com.br\/2019\/wp-json\/wp\/v2\/categories?post=96103"},{"taxonomy":"post_tag","embeddable":true,"href":"https:\/\/jorgezanoni.com.br\/2019\/wp-json\/wp\/v2\/tags?post=96103"}],"curies":[{"name":"wp","href":"https:\/\/api.w.org\/{rel}","templated":true}]}}