{"id":96052,"date":"2025-06-24T23:05:07","date_gmt":"2025-06-24T23:05:07","guid":{"rendered":"https:\/\/jorgezanoni.com.br\/2019\/?p=96052"},"modified":"2025-06-24T23:07:08","modified_gmt":"2025-06-24T23:07:08","slug":"acidente-frontal-entre-dois-veiculos-entre-dracena-e-jacipora-com-duas-vitimas-grave","status":"publish","type":"post","link":"https:\/\/jorgezanoni.com.br\/2019\/acidente-frontal-entre-dois-veiculos-entre-dracena-e-jacipora-com-duas-vitimas-grave\/","title":{"rendered":"Acidente frontal entre dois ve\u00edculos entre Dracena e Jacipor\u00e3 com duas v\u00edtimas grave"},"content":{"rendered":"<p style=\"text-align: justify;\"><strong>Acidente foi registrado por volta de 18:25 H. desta ter\u00e7a-feira (24), na Vicinal Marcelo Lorenzetti que liga Dracena a Jacipor\u00e3.<\/strong><\/p>\n<p style=\"text-align: justify;\">As primeiras informa\u00e7\u00f5es \u00e9 que dois ve\u00edculos Corsa e Foz, um deles dirigido por uma Professora de 25,\u00a0 anos, I.P. que leciona em Jacipor\u00e3 e outro por um homem de 34 anos D.S.S. , colidiram frontalmente.<\/p>\n<p style=\"text-align: justify;\">Ambos os condutores que estavam s\u00f3 nos carros, foram socorridos em estado grav\u00edssimo por Unidades de Resgate do Corpo de Bombeiros, ao Pronto Atendimento Muncipal do Bairro S\u00e3o Crist\u00f3v\u00e3o em Dracena.<\/p>\n<p style=\"text-align: justify;\">A ocorr\u00eancia ainda est\u00e1 em andamento e assim que tivermos mais informa\u00e7\u00f5es, atualizaremos a mat\u00e9ria.<\/p>\n<p><img loading=\"lazy\" decoding=\"async\" class=\"alignnone size-full wp-image-96055\" src=\"https:\/\/jorgezanoni.com.br\/2019\/wp-content\/uploads\/2025\/06\/zz-Pequeno.jpg\" alt=\"\" width=\"360\" height=\"480\" srcset=\"https:\/\/jorgezanoni.com.br\/2019\/wp-content\/uploads\/2025\/06\/zz-Pequeno.jpg 360w, https:\/\/jorgezanoni.com.br\/2019\/wp-content\/uploads\/2025\/06\/zz-Pequeno-225x300.jpg 225w, https:\/\/jorgezanoni.com.br\/2019\/wp-content\/uploads\/2025\/06\/zz-Pequeno-315x420.jpg 315w\" sizes=\"auto, (max-width: 360px) 100vw, 360px\" \/> <img loading=\"lazy\" decoding=\"async\" class=\"alignnone size-full wp-image-96056\" src=\"https:\/\/jorgezanoni.com.br\/2019\/wp-content\/uploads\/2025\/06\/zz1-Pequeno.jpg\" alt=\"\" width=\"360\" height=\"480\" srcset=\"https:\/\/jorgezanoni.com.br\/2019\/wp-content\/uploads\/2025\/06\/zz1-Pequeno.jpg 360w, https:\/\/jorgezanoni.com.br\/2019\/wp-content\/uploads\/2025\/06\/zz1-Pequeno-225x300.jpg 225w, https:\/\/jorgezanoni.com.br\/2019\/wp-content\/uploads\/2025\/06\/zz1-Pequeno-315x420.jpg 315w\" sizes=\"auto, (max-width: 360px) 100vw, 360px\" \/> <img loading=\"lazy\" decoding=\"async\" class=\"alignnone size-full wp-image-96058\" src=\"https:\/\/jorgezanoni.com.br\/2019\/wp-content\/uploads\/2025\/06\/zz3-Pequeno.jpg\" alt=\"\" width=\"360\" height=\"480\" srcset=\"https:\/\/jorgezanoni.com.br\/2019\/wp-content\/uploads\/2025\/06\/zz3-Pequeno.jpg 360w, https:\/\/jorgezanoni.com.br\/2019\/wp-content\/uploads\/2025\/06\/zz3-Pequeno-225x300.jpg 225w, https:\/\/jorgezanoni.com.br\/2019\/wp-content\/uploads\/2025\/06\/zz3-Pequeno-315x420.jpg 315w\" sizes=\"auto, (max-width: 360px) 100vw, 360px\" \/><\/p>\n<p>Fotos Bombeiros\/cedidas<\/p>\n<p>Jorge Zanoni<\/p>\n<p>&nbsp;<\/p>\n<p>&nbsp;<\/p>\n<p>&nbsp;<\/p>\n<p>&nbsp;<\/p>\n<p>&nbsp;<\/p>\n","protected":false},"excerpt":{"rendered":"<p>Acidente foi registrado por volta de 18:25 H. desta ter\u00e7a-feira (24), na Vicinal Marcelo Lorenzetti que liga Dracena a Jacipor\u00e3. As primeiras informa\u00e7\u00f5es \u00e9 que dois ve\u00edculos Corsa e Foz, um deles dirigido por uma Professora de 25,\u00a0 anos, I.P. que leciona em Jacipor\u00e3 e outro por um homem de 34 anos D.S.S. , colidiram [&hellip;]<\/p>\n","protected":false},"author":1,"featured_media":96057,"comment_status":"closed","ping_status":"open","sticky":false,"template":"","format":"standard","meta":{"footnotes":""},"categories":[170,110],"tags":[],"class_list":["post-96052","post","type-post","status-publish","format-standard","has-post-thumbnail","hentry","category-acidentes","category-noticiasdestaque"],"_links":{"self":[{"href":"https:\/\/jorgezanoni.com.br\/2019\/wp-json\/wp\/v2\/posts\/96052","targetHints":{"allow":["GET"]}}],"collection":[{"href":"https:\/\/jorgezanoni.com.br\/2019\/wp-json\/wp\/v2\/posts"}],"about":[{"href":"https:\/\/jorgezanoni.com.br\/2019\/wp-json\/wp\/v2\/types\/post"}],"author":[{"embeddable":true,"href":"https:\/\/jorgezanoni.com.br\/2019\/wp-json\/wp\/v2\/users\/1"}],"replies":[{"embeddable":true,"href":"https:\/\/jorgezanoni.com.br\/2019\/wp-json\/wp\/v2\/comments?post=96052"}],"version-history":[{"count":3,"href":"https:\/\/jorgezanoni.com.br\/2019\/wp-json\/wp\/v2\/posts\/96052\/revisions"}],"predecessor-version":[{"id":96061,"href":"https:\/\/jorgezanoni.com.br\/2019\/wp-json\/wp\/v2\/posts\/96052\/revisions\/96061"}],"wp:featuredmedia":[{"embeddable":true,"href":"https:\/\/jorgezanoni.com.br\/2019\/wp-json\/wp\/v2\/media\/96057"}],"wp:attachment":[{"href":"https:\/\/jorgezanoni.com.br\/2019\/wp-json\/wp\/v2\/media?parent=96052"}],"wp:term":[{"taxonomy":"category","embeddable":true,"href":"https:\/\/jorgezanoni.com.br\/2019\/wp-json\/wp\/v2\/categories?post=96052"},{"taxonomy":"post_tag","embeddable":true,"href":"https:\/\/jorgezanoni.com.br\/2019\/wp-json\/wp\/v2\/tags?post=96052"}],"curies":[{"name":"wp","href":"https:\/\/api.w.org\/{rel}","templated":true}]}}