{"id":9594,"date":"2019-10-24T16:00:31","date_gmt":"2019-10-24T16:00:31","guid":{"rendered":"https:\/\/jorgezanoni.com.br\/2019\/?p=9594"},"modified":"2019-10-24T16:01:39","modified_gmt":"2019-10-24T16:01:39","slug":"governo-do-estado-divulgou-a-lista-dos-selecionados-no-programa-frente-de-trabalho-em-dracena","status":"publish","type":"post","link":"https:\/\/jorgezanoni.com.br\/2019\/governo-do-estado-divulgou-a-lista-dos-selecionados-no-programa-frente-de-trabalho-em-dracena\/","title":{"rendered":"Governo do Estado divulgou a lista dos selecionados no programa \u201cFrente de Trabalho\u201d em Dracena"},"content":{"rendered":"<p style=\"text-align: justify;\">O Governo do Estado de S\u00e3o Paulo, por meio da Secretaria de Desenvolvimento Econ\u00f4mico, divulgou os vinte e cinco nomes dos(as) dracenenses selecionados(as) para o Programa Emergencial de Aux\u00edlio Desemprego \u201cFrente de Trabalho\u201d.<\/p>\n<p style=\"text-align: justify;\">Ontem (23), as pessoas convocadas estiveram presentes na Sala do Cidad\u00e3o do Pa\u00e7o Municipal para assinatura do termo e assumir a vaga.<\/p>\n<p style=\"text-align: justify;\">Os selecionados realizar\u00e3o trabalho remunerado e tamb\u00e9m far\u00e3o um curso de assistente administrativo, que ser\u00e1 ministrado na ETEC Carmelina Barbosa. O curso tem in\u00edcio no dia 04 de novembro e o trabalho se inicia na pr\u00f3xima ter\u00e7a-feira (29).<\/p>\n<p style=\"text-align: justify;\"><em><strong>*Lista com os nomes em anexo.<\/strong><\/em><\/p>\n<p><img loading=\"lazy\" decoding=\"async\" class=\"alignnone size-full wp-image-9595\" src=\"https:\/\/jorgezanoni.com.br\/2019\/wp-content\/uploads\/2019\/10\/lista.jpeg\" alt=\"\" width=\"560\" height=\"879\" srcset=\"https:\/\/jorgezanoni.com.br\/2019\/wp-content\/uploads\/2019\/10\/lista.jpeg 560w, https:\/\/jorgezanoni.com.br\/2019\/wp-content\/uploads\/2019\/10\/lista-191x300.jpeg 191w, https:\/\/jorgezanoni.com.br\/2019\/wp-content\/uploads\/2019\/10\/lista-268x420.jpeg 268w\" sizes=\"auto, (max-width: 560px) 100vw, 560px\" \/><\/p>\n<p>Fonte: Diretoria de Comunica\u00e7\u00e3o<\/p>\n","protected":false},"excerpt":{"rendered":"<p>O Governo do Estado de S\u00e3o Paulo, por meio da Secretaria de Desenvolvimento Econ\u00f4mico, divulgou os vinte e cinco nomes dos(as) dracenenses selecionados(as) para o Programa Emergencial de Aux\u00edlio Desemprego \u201cFrente de Trabalho\u201d. Ontem (23), as pessoas convocadas estiveram presentes na Sala do Cidad\u00e3o do Pa\u00e7o Municipal para assinatura do termo e assumir a vaga. [&hellip;]<\/p>\n","protected":false},"author":1,"featured_media":9596,"comment_status":"closed","ping_status":"open","sticky":false,"template":"","format":"standard","meta":{"footnotes":""},"categories":[114,110],"tags":[],"class_list":["post-9594","post","type-post","status-publish","format-standard","has-post-thumbnail","hentry","category-geralecomercio","category-noticiasdestaque"],"_links":{"self":[{"href":"https:\/\/jorgezanoni.com.br\/2019\/wp-json\/wp\/v2\/posts\/9594","targetHints":{"allow":["GET"]}}],"collection":[{"href":"https:\/\/jorgezanoni.com.br\/2019\/wp-json\/wp\/v2\/posts"}],"about":[{"href":"https:\/\/jorgezanoni.com.br\/2019\/wp-json\/wp\/v2\/types\/post"}],"author":[{"embeddable":true,"href":"https:\/\/jorgezanoni.com.br\/2019\/wp-json\/wp\/v2\/users\/1"}],"replies":[{"embeddable":true,"href":"https:\/\/jorgezanoni.com.br\/2019\/wp-json\/wp\/v2\/comments?post=9594"}],"version-history":[{"count":0,"href":"https:\/\/jorgezanoni.com.br\/2019\/wp-json\/wp\/v2\/posts\/9594\/revisions"}],"wp:featuredmedia":[{"embeddable":true,"href":"https:\/\/jorgezanoni.com.br\/2019\/wp-json\/wp\/v2\/media\/9596"}],"wp:attachment":[{"href":"https:\/\/jorgezanoni.com.br\/2019\/wp-json\/wp\/v2\/media?parent=9594"}],"wp:term":[{"taxonomy":"category","embeddable":true,"href":"https:\/\/jorgezanoni.com.br\/2019\/wp-json\/wp\/v2\/categories?post=9594"},{"taxonomy":"post_tag","embeddable":true,"href":"https:\/\/jorgezanoni.com.br\/2019\/wp-json\/wp\/v2\/tags?post=9594"}],"curies":[{"name":"wp","href":"https:\/\/api.w.org\/{rel}","templated":true}]}}