{"id":95926,"date":"2025-06-17T22:54:44","date_gmt":"2025-06-17T22:54:44","guid":{"rendered":"https:\/\/jorgezanoni.com.br\/2019\/?p=95926"},"modified":"2025-06-17T22:54:44","modified_gmt":"2025-06-17T22:54:44","slug":"sicredi-realiza-4a-edicao-do-summit-de-governanca","status":"publish","type":"post","link":"https:\/\/jorgezanoni.com.br\/2019\/sicredi-realiza-4a-edicao-do-summit-de-governanca\/","title":{"rendered":"Sicredi realiza 4\u00aa edi\u00e7\u00e3o do Summit de Governan\u00e7a"},"content":{"rendered":"<div class=\"v1elementToProof\" style=\"text-align: justify;\"><b><i>Evento contou com discuss\u00f5es sobre estrat\u00e9gias de governan\u00e7a e bem-estar financeiro, refor\u00e7ando o papel transformador do cooperativismo de cr\u00e9dito.<\/i><\/b><\/div>\n<div><\/div>\n<div class=\"v1elementToProof\" style=\"text-align: justify;\"><i>O Sicredi, institui\u00e7\u00e3o financeira cooperativa com presen\u00e7a nacional, promoveu no dia 11 de junho a 4\u00aa edi\u00e7\u00e3o do Summit Sicredi de Governan\u00e7a \u2013 Lideran\u00e7a que inspira e constr\u00f3i o futuro. O evento reuniu conselheiros de administra\u00e7\u00e3o, fiscais, diretores executivos, coordenadores e lideran\u00e7as das 103 cooperativas e Centrais, com o objetivo de fortalecer a governan\u00e7a, alinhar temas estrat\u00e9gicos e impulsionar o desenvolvimento sustent\u00e1vel do Sicredi.<\/i><\/div>\n<div><\/div>\n<div class=\"v1elementToProof\" style=\"text-align: justify;\"><i>Durante a abertura, o presidente do Conselho de Administra\u00e7\u00e3o da SicrediPar, Fernando Dall&#8217;Agnese, destacou o compromisso da empresa com a constru\u00e7\u00e3o coletiva e o cooperativismo aut\u00eantico em sua ess\u00eancia. &#8220;Decis\u00f5es cada vez mais transparentes, participativas e alinhadas aos valores cooperativistas mostram nossa capacidade de adapta\u00e7\u00e3o e a for\u00e7a da nossa governan\u00e7a, mesmo em cen\u00e1rios desafiadores&#8221;, afirmou.<\/i><\/div>\n<div class=\"v1elementToProof\" style=\"text-align: justify;\"><i>Em um ano simb\u00f3lico, reconhecido pela ONU como o Ano Internacional das Cooperativas, o presidente ressaltou a import\u00e2ncia de dar visibilidade ao papel transformador do cooperativismo na promo\u00e7\u00e3o do desenvolvimento sustent\u00e1vel e da inclus\u00e3o financeira. &#8220;O desconhecimento sobre o cooperativismo ainda \u00e9 um dos nossos grandes desafios. Cabe a n\u00f3s, que vivenciamos esse modelo diariamente, seguir mostrando os impactos positivos que ele gera nos territ\u00f3rios onde est\u00e1 presente&#8221;, completou.<\/i><\/div>\n<div><\/div>\n<div class=\"v1elementToProof\" style=\"text-align: justify;\"><i>O evento contou com discuss\u00f5es sobre importantes temas em diversos pain\u00e9is. O diretor-presidente do Banco Cooperativo Sicredi, C\u00e9sar Bochi, em sua apresenta\u00e7\u00e3o refor\u00e7ou o papel do Conselho na defini\u00e7\u00e3o de prioridades estrat\u00e9gicas e no apoio ao crescimento sustent\u00e1vel das cooperativas. J\u00e1 T\u00e2nia Zanella, superintendente do Sistema OCB, abordou os desafios futuros do movimento cooperativista, destacando programas e a\u00e7\u00f5es promovidas pela organiza\u00e7\u00e3o para potencializar as oportunidades neste ano.\u00a0<\/i><\/div>\n<div><\/div>\n<div class=\"v1elementToProof\" style=\"text-align: justify;\"><i>Na ocasi\u00e3o, aconteceu tamb\u00e9m, a transmiss\u00e3o de um podcast conduzido por Erik Arrais, superintendente de Riscos N\u00e3o Financeiros do Sicredi. A conversa reuniu especialistas de destaque: o s\u00f3cio l\u00edder da \u00e1rea de Cyber Security da KPMG na Am\u00e9rica Latina e membro do board global da empresa; Luiz Amato, executive partner do Gartner e Saulo Oliveira, gerente de Riscos Operacionais, Emergentes, Reputacionais e de Capital do Sicredi. O bate-papo abordou temas estrat\u00e9gicos como resili\u00eancia organizacional, riscos emergentes, ciberseguran\u00e7a, intelig\u00eancia artificial e a import\u00e2ncia de manter as organiza\u00e7\u00f5es preparadas para garantir a continuidade dos neg\u00f3cios.\u00a0<\/i><\/div>\n<div><\/div>\n<div class=\"v1elementToProof\" style=\"text-align: justify;\"><b><i>Bem-estar financeiro no centro das discuss\u00f5es<\/i><\/b><\/div>\n<div class=\"v1elementToProof\" style=\"text-align: justify;\"><i>A tarde teve in\u00edcio com a apresenta\u00e7\u00e3o da gerente de Produtos do Sicredi, Bruna Remus, dedicada a uma reflex\u00e3o sobre uma pesquisa com foco em bem-estar financeiro. A conversa contou com a participa\u00e7\u00e3o especial de Isabela Correa, diretora de Relacionamento, Cidadania e Supervis\u00e3o de Conduta do Banco Central, que destacou o papel do regulador na promo\u00e7\u00e3o de a\u00e7\u00f5es estruturadas para fortalecer a cidadania financeira, como a inser\u00e7\u00e3o da educa\u00e7\u00e3o financeira na jornada dos associados, o est\u00edmulo ao uso consciente do cr\u00e9dito e a amplia\u00e7\u00e3o do acesso a produtos e servi\u00e7os financeiros de qualidade. Evidenciando iniciativas do Sicredi que contribuem para a constru\u00e7\u00e3o de um sistema financeiro mais saud\u00e1vel e justo.\u00a0<\/i><\/div>\n<div><\/div>\n<div class=\"v1elementToProof\" style=\"text-align: justify;\"><i>Encerrando o painel, o diretor executivo de Estrat\u00e9gia, Sustentabilidade, Administra\u00e7\u00e3o e Finan\u00e7as, Alexandre Barbosa e a gerente de Risco de Cr\u00e9dito, Mariana Wink, ambos do Sicredi, participaram de um debate sobre o bem-estar financeiro e sobre o papel da governan\u00e7a na garantia da efetividade dessa agenda. Como exemplo, o executivo trouxe os resultados da Semana Nacional de Educa\u00e7\u00e3o Financeira (ENEF), que contou com mais de 4.570 a\u00e7\u00f5es realizadas e mais de 33 milh\u00f5es de pessoas alcan\u00e7adas.<\/i><\/div>\n<div><\/div>\n<div class=\"v1elementToProof\" style=\"text-align: justify;\"><i>A diretora executiva de Pessoas e Cultura do Sicredi, Daniele Schmidt conduziu um debate com reflex\u00f5es sobre o futuro com prop\u00f3sito e os valores que s\u00e3o importantes na constru\u00e7\u00e3o do amanh\u00e3. O convidado especial foi Jos\u00e9 Salibi Neto, cofundador da HSM &#8211; uma das maiores plataformas de educa\u00e7\u00e3o corporativa do Brasil &#8211; e uma das maiores autoridades em Gest\u00e3o Empresarial, que fez uma apresenta\u00e7\u00e3o sobre cultura organizacional, trazendo para a discuss\u00e3o elementos da cultura de adaptabilidade em meio ao cen\u00e1rio de transforma\u00e7\u00e3o digital. O especialista debateu tamb\u00e9m, o impacto da lideran\u00e7a e governan\u00e7a na constru\u00e7\u00e3o de uma s\u00f3lida cultura organizacional alinhada aos valores da organiza\u00e7\u00e3o.\u00a0\u00a0<\/i><\/div>\n<div><\/div>\n<div class=\"v1elementToProof\" style=\"text-align: justify;\"><i>O Summit de Governan\u00e7a tamb\u00e9m teve a participa\u00e7\u00e3o dos presidentes das Centrais: Manfred Alfonso Dasenbrock da PR\/RJ\/SP; Jo\u00e3o Carlos Spenthof da Centro Norte; Wilson Ribeiro de Moraes Filho da Nordeste e M\u00e1rcio Port da Sul\/Sudeste.<\/i><\/div>\n<div><\/div>\n<div class=\"v1elementToProof\" style=\"text-align: justify;\"><b><i>Sobre o Sicredi<\/i><\/b><\/div>\n<p class=\"v1elementToProof\" style=\"text-align: justify;\"><i>O Sicredi \u00e9 uma institui\u00e7\u00e3o financeira cooperativa comprometida com o crescimento de seus associados e com o desenvolvimento das regi\u00f5es onde atua. Possui um modelo de gest\u00e3o que valoriza a participa\u00e7\u00e3o dos mais de 9 milh\u00f5es de associados, que exercem o papel de donos do neg\u00f3cio. Com mais de 2.900 ag\u00eancias, o Sicredi est\u00e1 presente fisicamente em todos os estados brasileiros e no Distrito Federal, disponibilizando uma gama completa de solu\u00e7\u00f5es financeiras e n\u00e3o financeiras.<\/i><\/p>\n<p style=\"text-align: justify;\">CAPA: <b><i>Para Fernando Dall&#8217;Agnese, a for\u00e7a da governan\u00e7a est\u00e1 na constru\u00e7\u00e3o coletiva e no cooperativismo aut\u00eantico, com decis\u00f5es transparentes e cada vez mais\u00a0participativas<br \/>\nCr\u00e9ditos: Divulga\u00e7\u00e3o\/ Sicredi<\/i><\/b><\/p>\n<p class=\"v1elementToProof\"><b><i>Site do Sicredi:\u00a0<\/i><\/b><b><i><u><a id=\"v1OWA7f6ad2b9-a874-fb68-8108-575befaad02c\" class=\"v1OWAAutoLink\" href=\"http:\/\/www.sicredi.com.br\/\" target=\"_blank\" rel=\"noopener noreferrer\">www.sicredi.com.br<\/a><\/u><\/i><\/b><\/p>\n<p class=\"v1elementToProof\"><b><i>Redes Sociais:\u00a0<\/i><\/b><b><i><u><a id=\"v1OWA10797d6f-b97d-da4a-f91c-aa9889925d9a\" class=\"v1OWAAutoLink\" href=\"http:\/\/www.facebook.com\/sicredicentrooestepaulista\" target=\"_blank\" rel=\"noopener noreferrer\">Facebook<\/a><\/u><\/i><\/b><i>\u00a0|<\/i>\u00a0<b><i><u><a id=\"v1OWAb90b6148-dcf3-7360-c196-f11523bde41a\" class=\"v1OWAAutoLink\" href=\"https:\/\/www.linkedin.com\/company\/sicredi-centro-oeste-paulista\/\" target=\"_blank\" rel=\"noopener noreferrer\">LinkedIn<\/a><\/u><\/i><\/b><i>\u00a0|<\/i>\u00a0<b><i><u><a id=\"v1OWA298b67b1-eb95-8a29-7220-9ffeae42a679\" class=\"v1OWAAutoLink\" href=\"http:\/\/www.youtube.com\/sicredicentrooestepaulista\" target=\"_blank\" rel=\"noopener noreferrer\">YouTube<\/a><\/u><\/i><\/b>\u00a0<i>|\u00a0<\/i><b><i><u><a id=\"v1OWAb88875c8-6bc1-0e26-e614-8e14c5c693e2\" class=\"v1OWAAutoLink\" href=\"http:\/\/www.instagram.com\/sicredicentrooestepaulista\" target=\"_blank\" rel=\"noopener noreferrer\">Instagram<\/a><\/u><\/i><\/b><\/p>\n<p>Fonte: Comunica\u00e7\u00e3o e Marketing<\/p>\n","protected":false},"excerpt":{"rendered":"<p>Evento contou com discuss\u00f5es sobre estrat\u00e9gias de governan\u00e7a e bem-estar financeiro, refor\u00e7ando o papel transformador do cooperativismo de cr\u00e9dito. O Sicredi, institui\u00e7\u00e3o financeira cooperativa com presen\u00e7a nacional, promoveu no dia 11 de junho a 4\u00aa edi\u00e7\u00e3o do Summit Sicredi de Governan\u00e7a \u2013 Lideran\u00e7a que inspira e constr\u00f3i o futuro. O evento reuniu conselheiros de administra\u00e7\u00e3o, [&hellip;]<\/p>\n","protected":false},"author":1,"featured_media":95927,"comment_status":"closed","ping_status":"open","sticky":false,"template":"","format":"standard","meta":{"footnotes":""},"categories":[110,116],"tags":[],"class_list":["post-95926","post","type-post","status-publish","format-standard","has-post-thumbnail","hentry","category-noticiasdestaque","category-politicaeeconomia"],"_links":{"self":[{"href":"https:\/\/jorgezanoni.com.br\/2019\/wp-json\/wp\/v2\/posts\/95926","targetHints":{"allow":["GET"]}}],"collection":[{"href":"https:\/\/jorgezanoni.com.br\/2019\/wp-json\/wp\/v2\/posts"}],"about":[{"href":"https:\/\/jorgezanoni.com.br\/2019\/wp-json\/wp\/v2\/types\/post"}],"author":[{"embeddable":true,"href":"https:\/\/jorgezanoni.com.br\/2019\/wp-json\/wp\/v2\/users\/1"}],"replies":[{"embeddable":true,"href":"https:\/\/jorgezanoni.com.br\/2019\/wp-json\/wp\/v2\/comments?post=95926"}],"version-history":[{"count":1,"href":"https:\/\/jorgezanoni.com.br\/2019\/wp-json\/wp\/v2\/posts\/95926\/revisions"}],"predecessor-version":[{"id":95928,"href":"https:\/\/jorgezanoni.com.br\/2019\/wp-json\/wp\/v2\/posts\/95926\/revisions\/95928"}],"wp:featuredmedia":[{"embeddable":true,"href":"https:\/\/jorgezanoni.com.br\/2019\/wp-json\/wp\/v2\/media\/95927"}],"wp:attachment":[{"href":"https:\/\/jorgezanoni.com.br\/2019\/wp-json\/wp\/v2\/media?parent=95926"}],"wp:term":[{"taxonomy":"category","embeddable":true,"href":"https:\/\/jorgezanoni.com.br\/2019\/wp-json\/wp\/v2\/categories?post=95926"},{"taxonomy":"post_tag","embeddable":true,"href":"https:\/\/jorgezanoni.com.br\/2019\/wp-json\/wp\/v2\/tags?post=95926"}],"curies":[{"name":"wp","href":"https:\/\/api.w.org\/{rel}","templated":true}]}}