{"id":9590,"date":"2019-10-24T12:40:37","date_gmt":"2019-10-24T12:40:37","guid":{"rendered":"https:\/\/jorgezanoni.com.br\/2019\/?p=9590"},"modified":"2019-10-24T12:40:37","modified_gmt":"2019-10-24T12:40:37","slug":"fenomeno-raro-nuvem-rolo-chama-atencao-em-ourinhos-video","status":"publish","type":"post","link":"https:\/\/jorgezanoni.com.br\/2019\/fenomeno-raro-nuvem-rolo-chama-atencao-em-ourinhos-video\/","title":{"rendered":"Fen\u00f4meno raro, nuvem rolo chama aten\u00e7\u00e3o em Ourinhos; v\u00eddeo"},"content":{"rendered":"<h2 class=\"content-head__subtitle\" style=\"text-align: justify;\">Imagens foram registradas na passarela da Raposo Tavares, na Vila Esperan\u00e7a, e tamb\u00e9m do alto de um pr\u00e9dio.<\/h2>\n<div class=\"mc-column content-text active-extra-styles \" data-block-type=\"unstyled\" data-block-weight=\"36\" data-block-id=\"2\">\n<p class=\"content-text__container \" style=\"text-align: justify;\" data-track-category=\"Link no Texto\" data-track-links=\"\">O fen\u00f4meno meteorol\u00f3gico conhecido como \u201cnuvem rolo\u201d chamou a aten\u00e7\u00e3o em Ourinhos (SP). As imagens foram feitas na passarela da Raposo Tavares, na Vila Esperan\u00e7a, e tamb\u00e9m do alto de um pr\u00e9dio empresarial da cidade.<\/p>\n<\/div>\n<div class=\"wall protected-content\">\n<div class=\"mc-column content-text active-extra-styles \" data-block-type=\"unstyled\" data-block-weight=\"39\" data-block-id=\"3\">\n<p class=\"content-text__container \" style=\"text-align: justify;\" data-track-category=\"Link no Texto\" data-track-links=\"\">Elas mostram uma grande nuvem em formato de rolo tomando o c\u00e9u da cidade.\u00a0<strong><em>(veja abaixo).\u00a0<\/em><\/strong>O v\u00eddeo, que est\u00e1 com a velocidade aumentada, mostra o deslocamento da nuvem, como se fosse uma grande onda que percorre o c\u00e9u.<\/p>\n<p style=\"text-align: justify;\" data-track-category=\"Link no Texto\" data-track-links=\"\"><img loading=\"lazy\" decoding=\"async\" class=\"alignnone size-full wp-image-9591\" src=\"https:\/\/jorgezanoni.com.br\/2019\/wp-content\/uploads\/2019\/10\/nuvem1.jpg\" alt=\"\" width=\"2016\" height=\"929\" srcset=\"https:\/\/jorgezanoni.com.br\/2019\/wp-content\/uploads\/2019\/10\/nuvem1.jpg 2016w, https:\/\/jorgezanoni.com.br\/2019\/wp-content\/uploads\/2019\/10\/nuvem1-300x138.jpg 300w, https:\/\/jorgezanoni.com.br\/2019\/wp-content\/uploads\/2019\/10\/nuvem1-768x354.jpg 768w, https:\/\/jorgezanoni.com.br\/2019\/wp-content\/uploads\/2019\/10\/nuvem1-1024x472.jpg 1024w, https:\/\/jorgezanoni.com.br\/2019\/wp-content\/uploads\/2019\/10\/nuvem1-696x321.jpg 696w, https:\/\/jorgezanoni.com.br\/2019\/wp-content\/uploads\/2019\/10\/nuvem1-1068x492.jpg 1068w, https:\/\/jorgezanoni.com.br\/2019\/wp-content\/uploads\/2019\/10\/nuvem1-911x420.jpg 911w\" sizes=\"auto, (max-width: 2016px) 100vw, 2016px\" \/>Nuvem chamou a aten\u00e7\u00e3o em Ourinhos (SP) na tarde de segunda-feira (21) \u2014 Foto: Luciano Miguel Diniz\/Arquivo pessoal<\/p>\n<div class=\"mc-column content-text active-extra-styles \" data-block-type=\"unstyled\" data-block-weight=\"25\" data-block-id=\"5\">\n<p class=\"content-text__container \" style=\"text-align: justify;\" data-track-category=\"Link no Texto\" data-track-links=\"\">A nuvem observada em Ourinhos \u00e9 um fen\u00f4meno meteorol\u00f3gico raro, que pode chegar a mil metros de comprimento por dois quil\u00f4metros de largura. Al\u00e9m disso, a nuvem pode ficar a apenas 100 metros do solo, o que d\u00e1 a impress\u00e3o de que ela est\u00e1 bastante pr\u00f3xima das pessoas, cobrindo a cidade como se fosse uma onda.<\/p>\n<div class=\"mc-column content-text active-extra-styles \" style=\"text-align: justify;\" data-block-type=\"unstyled\" data-block-weight=\"40\" data-block-id=\"9\">\n<p class=\"content-text__container \" data-track-category=\"Link no Texto\" data-track-links=\"\">O fen\u00f4meno \u00e9 formado em dias de instabilidade e pode ser causado pelo choque da massa de ar frio com uma massa de ar quente ou tamb\u00e9m em dias de chuva. Na tarde de segunda-feira (21), Ourinhos registrou chuva moderada.<\/p>\n<\/div>\n<div class=\"mc-column content-text active-extra-styles \" style=\"text-align: justify;\" data-block-type=\"unstyled\" data-block-weight=\"36\" data-block-id=\"10\">\n<p class=\"content-text__container \" data-track-category=\"Link no Texto\" data-track-links=\"\">Segundo o Instituto de Pesquisas Meteorol\u00f3gicas da Unesp de Bauru, Ipmet, como n\u00e3o h\u00e1 registro de frente fria na regi\u00e3o nesses \u00faltimos dias, a nuvem realmente foi ocasionada por conta da chuva na segunda-feira (21).<\/p>\n<\/div>\n<div class=\"mc-column content-text active-extra-styles \" data-block-type=\"unstyled\" data-block-weight=\"35\" data-block-id=\"11\">\n<p class=\"content-text__container \" style=\"text-align: justify;\" data-track-category=\"Link no Texto\" data-track-links=\"\">&#8220;Ontem n\u00e3o havia frente fria, h\u00e1 uma frente fria que ainda est\u00e1 no Oceano Atl\u00e2ntico, mas havia tempestades que podem ter provocado frentes com potencial para formar nuvens rolo&#8221;, explica o meteorologista Fernando Tavares.<\/p>\n<div class=\"mc-column content-text active-extra-styles \" style=\"text-align: justify;\" data-block-type=\"unstyled\" data-block-weight=\"40\" data-block-id=\"9\">\n<p class=\"content-text__container \" data-track-category=\"Link no Texto\" data-track-links=\"\">O fen\u00f4meno \u00e9 formado em dias de instabilidade e pode ser causado pelo choque da massa de ar frio com uma massa de ar quente ou tamb\u00e9m em dias de chuva. Na tarde de segunda-feira (21), Ourinhos registrou chuva moderada.<\/p>\n<\/div>\n<div class=\"mc-column content-text active-extra-styles \" style=\"text-align: justify;\" data-block-type=\"unstyled\" data-block-weight=\"36\" data-block-id=\"10\">\n<p class=\"content-text__container \" data-track-category=\"Link no Texto\" data-track-links=\"\">Segundo o Instituto de Pesquisas Meteorol\u00f3gicas da Unesp de Bauru, Ipmet, como n\u00e3o h\u00e1 registro de frente fria na regi\u00e3o nesses \u00faltimos dias, a nuvem realmente foi ocasionada por conta da chuva na segunda-feira (21).<\/p>\n<div id=\"fb-root\"><\/div>\n<p><script async=\"1\" defer=\"1\" crossorigin=\"anonymous\" src=\"https:\/\/connect.facebook.net\/en_US\/sdk.js#xfbml=1&amp;version=v4.0\"><\/script><\/p>\n<div class=\"fb-video\" data-href=\"https:\/\/www.facebook.com\/jorgeluizzanoni\/videos\/3253666078040841\/\" data-width=\"696\">\n<blockquote cite=\"https:\/\/www.facebook.com\/jorgeluizzanoni\/videos\/3253666078040841\/\" class=\"fb-xfbml-parse-ignore\"><p><a href=\"https:\/\/www.facebook.com\/jorgeluizzanoni\/videos\/3253666078040841\/\"><\/a><\/p>\n<p>Posted by <a href=\"https:\/\/www.facebook.com\/jorgeluizzanoni\">Jorge Luiz Zanoni<\/a> on Thursday, October 24, 2019<\/p><\/blockquote>\n<\/div>\n<p data-track-category=\"Link no Texto\" data-track-links=\"\">\n<\/div>\n<div class=\"mc-column content-text active-extra-styles \" data-block-type=\"unstyled\" data-block-weight=\"35\" data-block-id=\"11\">\n<p style=\"text-align: justify;\">https:\/\/g1.globo.com\/sp\/bauru-marilia\/noticia\/2019\/10\/22\/fenomeno-raro-nuvem-rolo-chama-atencao-em-ourinhos-video.ghtml<\/p>\n<\/div>\n<\/div>\n<\/div>\n<\/div>\n<\/div>\n","protected":false},"excerpt":{"rendered":"<p>Imagens foram registradas na passarela da Raposo Tavares, na Vila Esperan\u00e7a, e tamb\u00e9m do alto de um pr\u00e9dio. O fen\u00f4meno meteorol\u00f3gico conhecido como \u201cnuvem rolo\u201d chamou a aten\u00e7\u00e3o em Ourinhos (SP). As imagens foram feitas na passarela da Raposo Tavares, na Vila Esperan\u00e7a, e tamb\u00e9m do alto de um pr\u00e9dio empresarial da cidade. Elas mostram [&hellip;]<\/p>\n","protected":false},"author":1,"featured_media":9592,"comment_status":"closed","ping_status":"open","sticky":false,"template":"","format":"video","meta":{"footnotes":""},"categories":[169],"tags":[],"class_list":["post-9590","post","type-post","status-publish","format-video","has-post-thumbnail","hentry","category-videos","post_format-post-format-video"],"_links":{"self":[{"href":"https:\/\/jorgezanoni.com.br\/2019\/wp-json\/wp\/v2\/posts\/9590","targetHints":{"allow":["GET"]}}],"collection":[{"href":"https:\/\/jorgezanoni.com.br\/2019\/wp-json\/wp\/v2\/posts"}],"about":[{"href":"https:\/\/jorgezanoni.com.br\/2019\/wp-json\/wp\/v2\/types\/post"}],"author":[{"embeddable":true,"href":"https:\/\/jorgezanoni.com.br\/2019\/wp-json\/wp\/v2\/users\/1"}],"replies":[{"embeddable":true,"href":"https:\/\/jorgezanoni.com.br\/2019\/wp-json\/wp\/v2\/comments?post=9590"}],"version-history":[{"count":0,"href":"https:\/\/jorgezanoni.com.br\/2019\/wp-json\/wp\/v2\/posts\/9590\/revisions"}],"wp:featuredmedia":[{"embeddable":true,"href":"https:\/\/jorgezanoni.com.br\/2019\/wp-json\/wp\/v2\/media\/9592"}],"wp:attachment":[{"href":"https:\/\/jorgezanoni.com.br\/2019\/wp-json\/wp\/v2\/media?parent=9590"}],"wp:term":[{"taxonomy":"category","embeddable":true,"href":"https:\/\/jorgezanoni.com.br\/2019\/wp-json\/wp\/v2\/categories?post=9590"},{"taxonomy":"post_tag","embeddable":true,"href":"https:\/\/jorgezanoni.com.br\/2019\/wp-json\/wp\/v2\/tags?post=9590"}],"curies":[{"name":"wp","href":"https:\/\/api.w.org\/{rel}","templated":true}]}}