{"id":9587,"date":"2019-10-24T12:15:56","date_gmt":"2019-10-24T12:15:56","guid":{"rendered":"https:\/\/jorgezanoni.com.br\/2019\/?p=9587"},"modified":"2019-10-24T12:15:56","modified_gmt":"2019-10-24T12:15:56","slug":"familia-de-equinos-passeia-tranquilamente-por-avenida-movimentada-de-dracena","status":"publish","type":"post","link":"https:\/\/jorgezanoni.com.br\/2019\/familia-de-equinos-passeia-tranquilamente-por-avenida-movimentada-de-dracena\/","title":{"rendered":"Familia de Equinos passeia tranquilamente por avenida movimentada de Dracena"},"content":{"rendered":"<p style=\"text-align: justify;\">Na manh\u00e3 desta quinta-feira (24), uma fam\u00edlia de equinos, pelos menos seis animais, passeava tranquilamente pela avenida Presidente Roosevelt.<\/p>\n<p style=\"text-align: justify;\">O local \u00e9 de intenso movimento pegando todo o movimento oeste que vai para o centro da cidade e outros locais, especialmente para trabalhos e escolas.<\/p>\n<p style=\"text-align: justify;\">O local fotografado \u00e9 pr\u00f3ximo a conflu\u00eancia das avenidas Vargas e Roosevelt, pr\u00f3ximo ao jardim Eldorado.<\/p>\n<p style=\"text-align: justify;\">Pedir provid\u00eancias pra quem se ningu\u00e9m atenta para um grave problema. Talvez quando acontecer um acidente grave ir\u00e3o resolver a situa\u00e7\u00e3o.<\/p>\n<p style=\"text-align: justify;\">Jorge Zanoni<\/p>\n","protected":false},"excerpt":{"rendered":"<p>Na manh\u00e3 desta quinta-feira (24), uma fam\u00edlia de equinos, pelos menos seis animais, passeava tranquilamente pela avenida Presidente Roosevelt. O local \u00e9 de intenso movimento pegando todo o movimento oeste que vai para o centro da cidade e outros locais, especialmente para trabalhos e escolas. O local fotografado \u00e9 pr\u00f3ximo a conflu\u00eancia das avenidas Vargas [&hellip;]<\/p>\n","protected":false},"author":1,"featured_media":9588,"comment_status":"closed","ping_status":"open","sticky":false,"template":"","format":"standard","meta":{"footnotes":""},"categories":[179,184,180],"tags":[],"class_list":["post-9587","post","type-post","status-publish","format-standard","has-post-thumbnail","hentry","category-cidadeseregiao","category-dracena","category-estradastransitoveiculos"],"_links":{"self":[{"href":"https:\/\/jorgezanoni.com.br\/2019\/wp-json\/wp\/v2\/posts\/9587","targetHints":{"allow":["GET"]}}],"collection":[{"href":"https:\/\/jorgezanoni.com.br\/2019\/wp-json\/wp\/v2\/posts"}],"about":[{"href":"https:\/\/jorgezanoni.com.br\/2019\/wp-json\/wp\/v2\/types\/post"}],"author":[{"embeddable":true,"href":"https:\/\/jorgezanoni.com.br\/2019\/wp-json\/wp\/v2\/users\/1"}],"replies":[{"embeddable":true,"href":"https:\/\/jorgezanoni.com.br\/2019\/wp-json\/wp\/v2\/comments?post=9587"}],"version-history":[{"count":0,"href":"https:\/\/jorgezanoni.com.br\/2019\/wp-json\/wp\/v2\/posts\/9587\/revisions"}],"wp:featuredmedia":[{"embeddable":true,"href":"https:\/\/jorgezanoni.com.br\/2019\/wp-json\/wp\/v2\/media\/9588"}],"wp:attachment":[{"href":"https:\/\/jorgezanoni.com.br\/2019\/wp-json\/wp\/v2\/media?parent=9587"}],"wp:term":[{"taxonomy":"category","embeddable":true,"href":"https:\/\/jorgezanoni.com.br\/2019\/wp-json\/wp\/v2\/categories?post=9587"},{"taxonomy":"post_tag","embeddable":true,"href":"https:\/\/jorgezanoni.com.br\/2019\/wp-json\/wp\/v2\/tags?post=9587"}],"curies":[{"name":"wp","href":"https:\/\/api.w.org\/{rel}","templated":true}]}}