{"id":9581,"date":"2019-10-24T11:39:11","date_gmt":"2019-10-24T11:39:11","guid":{"rendered":"https:\/\/jorgezanoni.com.br\/2019\/?p=9581"},"modified":"2019-10-24T11:39:11","modified_gmt":"2019-10-24T11:39:11","slug":"secretaria-de-educacao-de-dracena-realiza-formacao-com-gestores-da-rede-municipal-de-ensino","status":"publish","type":"post","link":"https:\/\/jorgezanoni.com.br\/2019\/secretaria-de-educacao-de-dracena-realiza-formacao-com-gestores-da-rede-municipal-de-ensino\/","title":{"rendered":"Secretaria de Educa\u00e7\u00e3o de Dracena realiza forma\u00e7\u00e3o com gestores da Rede Municipal de Ensino"},"content":{"rendered":"<p style=\"text-align: justify;\">A Secretaria Municipal de Educa\u00e7\u00e3o de Dracena promoveu segunda (21) e ter\u00e7a-feira (22) uma forma\u00e7\u00e3o para os Gestores da Rede Municipal de Ensino, no audit\u00f3rio do SENAI, com o palestrante Valther Maestro, professor Doutor com vasta experi\u00eancia na \u00e1rea educacional.<\/p>\n<p style=\"text-align: justify;\">O encontro teve como tema \u201cMetodologias para o Desenvolvimento de Habilidades dos Estudantes\u201d e o intuito foi evitar a fragmenta\u00e7\u00e3o e a descontinuidade do trabalho pedag\u00f3gico.<\/p>\n<p style=\"text-align: justify;\">Ainda foi destaque a quest\u00e3o da Progress\u00e3o da Aprendizagem, que pode tanto estar relacionada aos processos cognitivos quanto aos objetos de conhecimento, ou mesmo, fazer refer\u00eancia a contextos mais familiares e, aos poucos, expandir-se para contextos mais amplos.<\/p>\n<p style=\"text-align: justify;\">O suporte te\u00f3rico enriquece a capacita\u00e7\u00e3o do profissional, leva ao aprimoramento, \u00e0 an\u00e1lise e \u00e0 reflex\u00e3o, que s\u00f3 trar\u00e3o benef\u00edcios aos estudantes, aos professores e equipe gestora. Essas forma\u00e7\u00f5es tamb\u00e9m servem para melhorar as rela\u00e7\u00f5es, tornando o grupo mais seguro e fortalecido, atrav\u00e9s das trocas de experi\u00eancias.<\/p>\n<p style=\"text-align: justify;\">De acordo com a Secret\u00e1ria Municipal de Educa\u00e7\u00e3o Prof.\u00aa Ms. Vanessa Redigolo Castilho a equipe da Secretaria de Educa\u00e7\u00e3o, juntamente com os gestores e professores, est\u00e3o trabalhando arduamente para que a aprendizagem dos alunos seja cada vez mais significativa e a busca ao aprimoramento abre espa\u00e7o para novas pr\u00e1ticas educacionais e com isso d\u00e1-se um novo significado e sentido ao ato de aprender.<\/p>\n<p style=\"text-align: justify;\">\u201cEssas forma\u00e7\u00f5es s\u00e3o muito v\u00e1lidas, pois atualmente a informa\u00e7\u00e3o e o conhecimento s\u00e3o compartilhados de maneira muito r\u00e1pida, quase instantaneamente, e manter-se atualizado \u00e9 requisito indispens\u00e1vel para qualquer profissional\u201d, destacou a secret\u00e1ria. \u201c\u00c9 uma oportunidade de refletir e aperfei\u00e7oar as pr\u00e1ticas, potencializando o processo de ensino-aprendizagem\u201d, complementou.<\/p>\n<p><img loading=\"lazy\" decoding=\"async\" class=\"alignnone size-full wp-image-9582\" src=\"https:\/\/jorgezanoni.com.br\/2019\/wp-content\/uploads\/2019\/10\/Educa2.jpg\" alt=\"\" width=\"1032\" height=\"774\" srcset=\"https:\/\/jorgezanoni.com.br\/2019\/wp-content\/uploads\/2019\/10\/Educa2.jpg 1032w, https:\/\/jorgezanoni.com.br\/2019\/wp-content\/uploads\/2019\/10\/Educa2-300x225.jpg 300w, https:\/\/jorgezanoni.com.br\/2019\/wp-content\/uploads\/2019\/10\/Educa2-768x576.jpg 768w, https:\/\/jorgezanoni.com.br\/2019\/wp-content\/uploads\/2019\/10\/Educa2-1024x768.jpg 1024w, https:\/\/jorgezanoni.com.br\/2019\/wp-content\/uploads\/2019\/10\/Educa2-80x60.jpg 80w, https:\/\/jorgezanoni.com.br\/2019\/wp-content\/uploads\/2019\/10\/Educa2-265x198.jpg 265w, https:\/\/jorgezanoni.com.br\/2019\/wp-content\/uploads\/2019\/10\/Educa2-696x522.jpg 696w, https:\/\/jorgezanoni.com.br\/2019\/wp-content\/uploads\/2019\/10\/Educa2-560x420.jpg 560w\" sizes=\"auto, (max-width: 1032px) 100vw, 1032px\" \/> <img loading=\"lazy\" decoding=\"async\" class=\"alignnone size-full wp-image-9583\" src=\"https:\/\/jorgezanoni.com.br\/2019\/wp-content\/uploads\/2019\/10\/educa3.jpg\" alt=\"\" width=\"1032\" height=\"774\" srcset=\"https:\/\/jorgezanoni.com.br\/2019\/wp-content\/uploads\/2019\/10\/educa3.jpg 1032w, https:\/\/jorgezanoni.com.br\/2019\/wp-content\/uploads\/2019\/10\/educa3-300x225.jpg 300w, https:\/\/jorgezanoni.com.br\/2019\/wp-content\/uploads\/2019\/10\/educa3-768x576.jpg 768w, https:\/\/jorgezanoni.com.br\/2019\/wp-content\/uploads\/2019\/10\/educa3-1024x768.jpg 1024w, https:\/\/jorgezanoni.com.br\/2019\/wp-content\/uploads\/2019\/10\/educa3-80x60.jpg 80w, https:\/\/jorgezanoni.com.br\/2019\/wp-content\/uploads\/2019\/10\/educa3-265x198.jpg 265w, https:\/\/jorgezanoni.com.br\/2019\/wp-content\/uploads\/2019\/10\/educa3-696x522.jpg 696w, https:\/\/jorgezanoni.com.br\/2019\/wp-content\/uploads\/2019\/10\/educa3-560x420.jpg 560w\" sizes=\"auto, (max-width: 1032px) 100vw, 1032px\" \/><img loading=\"lazy\" decoding=\"async\" class=\"alignnone size-full wp-image-9584\" src=\"https:\/\/jorgezanoni.com.br\/2019\/wp-content\/uploads\/2019\/10\/educa1.jpg\" alt=\"\" width=\"1032\" height=\"774\" srcset=\"https:\/\/jorgezanoni.com.br\/2019\/wp-content\/uploads\/2019\/10\/educa1.jpg 1032w, https:\/\/jorgezanoni.com.br\/2019\/wp-content\/uploads\/2019\/10\/educa1-300x225.jpg 300w, https:\/\/jorgezanoni.com.br\/2019\/wp-content\/uploads\/2019\/10\/educa1-768x576.jpg 768w, https:\/\/jorgezanoni.com.br\/2019\/wp-content\/uploads\/2019\/10\/educa1-1024x768.jpg 1024w, https:\/\/jorgezanoni.com.br\/2019\/wp-content\/uploads\/2019\/10\/educa1-80x60.jpg 80w, https:\/\/jorgezanoni.com.br\/2019\/wp-content\/uploads\/2019\/10\/educa1-265x198.jpg 265w, https:\/\/jorgezanoni.com.br\/2019\/wp-content\/uploads\/2019\/10\/educa1-696x522.jpg 696w, https:\/\/jorgezanoni.com.br\/2019\/wp-content\/uploads\/2019\/10\/educa1-560x420.jpg 560w\" sizes=\"auto, (max-width: 1032px) 100vw, 1032px\" \/><\/p>\n<p style=\"text-align: justify;\">Fonte: Diretoria de Comunica\u00e7\u00e3o<\/p>\n","protected":false},"excerpt":{"rendered":"<p>A Secretaria Municipal de Educa\u00e7\u00e3o de Dracena promoveu segunda (21) e ter\u00e7a-feira (22) uma forma\u00e7\u00e3o para os Gestores da Rede Municipal de Ensino, no audit\u00f3rio do SENAI, com o palestrante Valther Maestro, professor Doutor com vasta experi\u00eancia na \u00e1rea educacional. O encontro teve como tema \u201cMetodologias para o Desenvolvimento de Habilidades dos Estudantes\u201d e o [&hellip;]<\/p>\n","protected":false},"author":1,"featured_media":9585,"comment_status":"closed","ping_status":"open","sticky":false,"template":"","format":"standard","meta":{"footnotes":""},"categories":[122],"tags":[],"class_list":["post-9581","post","type-post","status-publish","format-standard","has-post-thumbnail","hentry","category-saudeeducacaoeconcurso"],"_links":{"self":[{"href":"https:\/\/jorgezanoni.com.br\/2019\/wp-json\/wp\/v2\/posts\/9581","targetHints":{"allow":["GET"]}}],"collection":[{"href":"https:\/\/jorgezanoni.com.br\/2019\/wp-json\/wp\/v2\/posts"}],"about":[{"href":"https:\/\/jorgezanoni.com.br\/2019\/wp-json\/wp\/v2\/types\/post"}],"author":[{"embeddable":true,"href":"https:\/\/jorgezanoni.com.br\/2019\/wp-json\/wp\/v2\/users\/1"}],"replies":[{"embeddable":true,"href":"https:\/\/jorgezanoni.com.br\/2019\/wp-json\/wp\/v2\/comments?post=9581"}],"version-history":[{"count":0,"href":"https:\/\/jorgezanoni.com.br\/2019\/wp-json\/wp\/v2\/posts\/9581\/revisions"}],"wp:featuredmedia":[{"embeddable":true,"href":"https:\/\/jorgezanoni.com.br\/2019\/wp-json\/wp\/v2\/media\/9585"}],"wp:attachment":[{"href":"https:\/\/jorgezanoni.com.br\/2019\/wp-json\/wp\/v2\/media?parent=9581"}],"wp:term":[{"taxonomy":"category","embeddable":true,"href":"https:\/\/jorgezanoni.com.br\/2019\/wp-json\/wp\/v2\/categories?post=9581"},{"taxonomy":"post_tag","embeddable":true,"href":"https:\/\/jorgezanoni.com.br\/2019\/wp-json\/wp\/v2\/tags?post=9581"}],"curies":[{"name":"wp","href":"https:\/\/api.w.org\/{rel}","templated":true}]}}