{"id":9578,"date":"2019-10-24T11:28:31","date_gmt":"2019-10-24T11:28:31","guid":{"rendered":"https:\/\/jorgezanoni.com.br\/2019\/?p=9578"},"modified":"2019-10-24T11:28:31","modified_gmt":"2019-10-24T11:28:31","slug":"projeto-para-modernizacao-da-iluminacao-publica-de-dracena-ja-foi-aprovado-e-assinado-na-prefeitura","status":"publish","type":"post","link":"https:\/\/jorgezanoni.com.br\/2019\/projeto-para-modernizacao-da-iluminacao-publica-de-dracena-ja-foi-aprovado-e-assinado-na-prefeitura\/","title":{"rendered":"Projeto para moderniza\u00e7\u00e3o da ilumina\u00e7\u00e3o p\u00fablica de Dracena j\u00e1 foi aprovado e assinado na Prefeitura"},"content":{"rendered":"<p style=\"text-align: justify;\"><strong><em>Diversos pontos da cidade receber\u00e3o l\u00e2mpadas de LED.<\/em><\/strong><\/p>\n<p style=\"text-align: justify;\">A ilumina\u00e7\u00e3o p\u00fablica de Dracena passar\u00e1 por uma grande moderniza\u00e7\u00e3o. L\u00e2mpadas de led ser\u00e3o instaladas em diversas regi\u00f5es, ruas e avenidas do nosso munic\u00edpio, substituindo as l\u00e2mpadas antigas de vapor de s\u00f3dio.<\/p>\n<p style=\"text-align: justify;\">Esse investimento est\u00e1 na ordem de 1 milh\u00e3o de reais, sendo que 320 mil reais s\u00e3o de emenda parlamentar do Deputado Estadual Reinaldo Alguz.<\/p>\n<p style=\"text-align: justify;\">A troca de l\u00e2mpadas convencionais por ilumina\u00e7\u00e3o LED oferece diversas vantagens, principalmente em termos de durabilidade e economia. O LED pode chegar a mais de 50.000 horas de vida \u00fatil, enquanto uma l\u00e2mpada incandescente dura apenas 1000 horas. Para efeito de compara\u00e7\u00e3o 1 LED \u00e9 o equivalente a 50 l\u00e2mpadas incandescentes ou 8 l\u00e2mpadas compactadas fluorescentes ou 16 l\u00e2mpadas hal\u00f3genas. Outra vantagem \u00e9 que, como a ilumina\u00e7\u00e3o LED n\u00e3o emite radia\u00e7\u00e3o IV\/UV, ela evita danos \u00e0 pele, plantas e tamb\u00e9m objetos expostos como roupas, m\u00f3veis, decora\u00e7\u00e3o e obras de arte.<\/p>\n<p style=\"text-align: justify;\">A cidade ficar\u00e1 mais iluminada, uma vez que LED oferece cores e ilumina\u00e7\u00e3o mais viva. Esse plano da prefeitura foi elaborado no m\u00eas de junho de 2019.<\/p>\n<p style=\"text-align: justify;\">A execu\u00e7\u00e3o do projeto ser\u00e1 dividida em duas etapas, a primeira ser\u00e1 a troca das l\u00e2mpadas em Dracena e a segunda etapa far\u00e1 a troca da ilumina\u00e7\u00e3o nos distritos de Jamaica e Jacipor\u00e3.<\/p>\n<p style=\"text-align: justify;\">Em breve Dracena estar\u00e1 com grande parte de sua ilumina\u00e7\u00e3o p\u00fablica ampliada e modernizada, como j\u00e1 pode ser visto nas grandes cidades do nosso pa\u00eds.<\/p>\n<p style=\"text-align: justify;\">Nesta primeira etapa, as ruas, avenidas e locais que receber\u00e3o a ilumina\u00e7\u00e3o de LED s\u00e3o: Rua Adolpho Cavalhieri, Avenida dos Expedicion\u00e1rios, Avenida Jos\u00e9 Bonif\u00e1cio, Avenida Rui Barbosa, Estrada Jo\u00e3o Ara\u00fajo, Avenida Pres. Vargas, Avenida Pres. Roosevelt, Rua 08 de Dezembro, Avenida Brasil, Pra\u00e7a Am\u00e9rica (Pra\u00e7a Rotary), Rua Bol\u00edvia, Rua Salvador e Rua Amazonas.<\/p>\n<p style=\"text-align: justify;\">Fonte: Diretoria de Comunica\u00e7\u00e3o<\/p>\n","protected":false},"excerpt":{"rendered":"<p>Diversos pontos da cidade receber\u00e3o l\u00e2mpadas de LED. A ilumina\u00e7\u00e3o p\u00fablica de Dracena passar\u00e1 por uma grande moderniza\u00e7\u00e3o. L\u00e2mpadas de led ser\u00e3o instaladas em diversas regi\u00f5es, ruas e avenidas do nosso munic\u00edpio, substituindo as l\u00e2mpadas antigas de vapor de s\u00f3dio. Esse investimento est\u00e1 na ordem de 1 milh\u00e3o de reais, sendo que 320 mil reais [&hellip;]<\/p>\n","protected":false},"author":1,"featured_media":9579,"comment_status":"closed","ping_status":"open","sticky":false,"template":"","format":"standard","meta":{"footnotes":""},"categories":[179,184,114],"tags":[],"class_list":["post-9578","post","type-post","status-publish","format-standard","has-post-thumbnail","hentry","category-cidadeseregiao","category-dracena","category-geralecomercio"],"_links":{"self":[{"href":"https:\/\/jorgezanoni.com.br\/2019\/wp-json\/wp\/v2\/posts\/9578","targetHints":{"allow":["GET"]}}],"collection":[{"href":"https:\/\/jorgezanoni.com.br\/2019\/wp-json\/wp\/v2\/posts"}],"about":[{"href":"https:\/\/jorgezanoni.com.br\/2019\/wp-json\/wp\/v2\/types\/post"}],"author":[{"embeddable":true,"href":"https:\/\/jorgezanoni.com.br\/2019\/wp-json\/wp\/v2\/users\/1"}],"replies":[{"embeddable":true,"href":"https:\/\/jorgezanoni.com.br\/2019\/wp-json\/wp\/v2\/comments?post=9578"}],"version-history":[{"count":0,"href":"https:\/\/jorgezanoni.com.br\/2019\/wp-json\/wp\/v2\/posts\/9578\/revisions"}],"wp:featuredmedia":[{"embeddable":true,"href":"https:\/\/jorgezanoni.com.br\/2019\/wp-json\/wp\/v2\/media\/9579"}],"wp:attachment":[{"href":"https:\/\/jorgezanoni.com.br\/2019\/wp-json\/wp\/v2\/media?parent=9578"}],"wp:term":[{"taxonomy":"category","embeddable":true,"href":"https:\/\/jorgezanoni.com.br\/2019\/wp-json\/wp\/v2\/categories?post=9578"},{"taxonomy":"post_tag","embeddable":true,"href":"https:\/\/jorgezanoni.com.br\/2019\/wp-json\/wp\/v2\/tags?post=9578"}],"curies":[{"name":"wp","href":"https:\/\/api.w.org\/{rel}","templated":true}]}}