{"id":9563,"date":"2019-10-24T01:58:50","date_gmt":"2019-10-24T01:58:50","guid":{"rendered":"https:\/\/jorgezanoni.com.br\/2019\/?p=9563"},"modified":"2019-10-24T02:01:23","modified_gmt":"2019-10-24T02:01:23","slug":"prefeitura-planta-50-mudas-de-jacaranda-mimoso-em-parceria-com-cidadao-dracenense","status":"publish","type":"post","link":"https:\/\/jorgezanoni.com.br\/2019\/prefeitura-planta-50-mudas-de-jacaranda-mimoso-em-parceria-com-cidadao-dracenense\/","title":{"rendered":"Prefeitura planta 50 mudas de jacarand\u00e1 mimoso em parceria com cidad\u00e3o dracenense"},"content":{"rendered":"<p style=\"text-align: justify;\">Desde a semana passada, a Prefeitura de Dracena enviou funcion\u00e1rios da Secretaria de Agricultura e Meio Ambiente para preparar o canteiro central do prolongamento da Av. Rui Barbosa e in\u00edcio da Vicinal Byron de A. Nogueira (Faculdade REGES) para plantar 50 mudas de jacarand\u00e1 mimoso.<\/p>\n<div class=\"jeg_ad jeg_ad_article jnews_content_inline_ads \" style=\"text-align: justify;\">\n<div class=\"ads-wrapper align-right \">\n<div class=\"ads_google_ads\">A iniciativa \u00e9 do cidad\u00e3o dracenense sr. Luiz, que procurou a Secretaria de Agricultura e Meio Ambiente e teve total apoio para desenvolver sua ideia.<\/div>\n<\/div>\n<\/div>\n<p style=\"text-align: justify;\">A Prefeitura de Dracena doou as 50 mudas de jacarand\u00e1, forneceu a m\u00e1quina para perfurar o solo e os pneus que s\u00e3o usados como prote\u00e7\u00e3o das mudas.<\/p>\n<p style=\"text-align: justify;\">S\u00e3o ideias e iniciativas como essas que valorizam o trabalho em conjunto da popula\u00e7\u00e3o com o poder p\u00fablico.<\/p>\n<p style=\"text-align: justify;\">A Prefeitura de Dracena parabeniza o idealizador sr. Luiz e o agradece pelo zelo e cuidado com o munic\u00edpio. E voc\u00ea, tem uma ideia como essa para melhorar e tornar nossa cidade mais agrad\u00e1vel? Procure a Prefeitura de Dracena e mostre seu projeto, a sua ideia e sugest\u00e3o s\u00e3o bem-vindas!<\/p>\n<p style=\"text-align: justify;\">Fonte: Diretoria de Comunica\u00e7\u00e3o<\/p>\n","protected":false},"excerpt":{"rendered":"<p>Desde a semana passada, a Prefeitura de Dracena enviou funcion\u00e1rios da Secretaria de Agricultura e Meio Ambiente para preparar o canteiro central do prolongamento da Av. Rui Barbosa e in\u00edcio da Vicinal Byron de A. Nogueira (Faculdade REGES) para plantar 50 mudas de jacarand\u00e1 mimoso. A iniciativa \u00e9 do cidad\u00e3o dracenense sr. Luiz, que procurou [&hellip;]<\/p>\n","protected":false},"author":1,"featured_media":9564,"comment_status":"closed","ping_status":"open","sticky":false,"template":"","format":"standard","meta":{"footnotes":""},"categories":[176],"tags":[],"class_list":["post-9563","post","type-post","status-publish","format-standard","has-post-thumbnail","hentry","category-meioambienteeagricultura"],"_links":{"self":[{"href":"https:\/\/jorgezanoni.com.br\/2019\/wp-json\/wp\/v2\/posts\/9563","targetHints":{"allow":["GET"]}}],"collection":[{"href":"https:\/\/jorgezanoni.com.br\/2019\/wp-json\/wp\/v2\/posts"}],"about":[{"href":"https:\/\/jorgezanoni.com.br\/2019\/wp-json\/wp\/v2\/types\/post"}],"author":[{"embeddable":true,"href":"https:\/\/jorgezanoni.com.br\/2019\/wp-json\/wp\/v2\/users\/1"}],"replies":[{"embeddable":true,"href":"https:\/\/jorgezanoni.com.br\/2019\/wp-json\/wp\/v2\/comments?post=9563"}],"version-history":[{"count":0,"href":"https:\/\/jorgezanoni.com.br\/2019\/wp-json\/wp\/v2\/posts\/9563\/revisions"}],"wp:featuredmedia":[{"embeddable":true,"href":"https:\/\/jorgezanoni.com.br\/2019\/wp-json\/wp\/v2\/media\/9564"}],"wp:attachment":[{"href":"https:\/\/jorgezanoni.com.br\/2019\/wp-json\/wp\/v2\/media?parent=9563"}],"wp:term":[{"taxonomy":"category","embeddable":true,"href":"https:\/\/jorgezanoni.com.br\/2019\/wp-json\/wp\/v2\/categories?post=9563"},{"taxonomy":"post_tag","embeddable":true,"href":"https:\/\/jorgezanoni.com.br\/2019\/wp-json\/wp\/v2\/tags?post=9563"}],"curies":[{"name":"wp","href":"https:\/\/api.w.org\/{rel}","templated":true}]}}