{"id":9559,"date":"2019-10-24T00:55:48","date_gmt":"2019-10-24T00:55:48","guid":{"rendered":"https:\/\/jorgezanoni.com.br\/2019\/?p=9559"},"modified":"2019-10-24T00:55:48","modified_gmt":"2019-10-24T00:55:48","slug":"idoso-morre-apos-ser-amarrado-a-carro-e-arrastado-por-2-km-em-sitio-no-interior-de-sp","status":"publish","type":"post","link":"https:\/\/jorgezanoni.com.br\/2019\/idoso-morre-apos-ser-amarrado-a-carro-e-arrastado-por-2-km-em-sitio-no-interior-de-sp\/","title":{"rendered":"Idoso morre ap\u00f3s ser amarrado a carro e arrastado por 2 km em s\u00edtio no interior de SP"},"content":{"rendered":"<h2 class=\"content-head__subtitle\" style=\"text-align: justify;\"><strong>Criminoso foi preso dentro do s\u00edtio da v\u00edtima, em Pereira Barreto (SP). Policiais negociaram por cerca de 5 horas at\u00e9 invadir casa pelo telhado e prender o homem. Corpo da v\u00edtima, de 73 anos, foi encontrado por tratorista em matagal.<\/strong><\/h2>\n<div class=\"mc-column content-text active-extra-styles \" data-block-type=\"unstyled\" data-block-weight=\"35\" data-block-id=\"2\">\n<p class=\"content-text__container \" style=\"text-align: justify;\" data-track-category=\"Link no Texto\" data-track-links=\"\">Um idoso de 73 anos foi morto dentro de um s\u00edtio e teve o corpo amarrado a um carro e arrastado por 2 quil\u00f4metros na estrada de terra da Bela Floresta, em Pereira Barreto (SP).<\/p>\n<\/div>\n<div class=\"wall protected-content\">\n<div class=\"mc-column content-text active-extra-styles \" style=\"text-align: justify;\" data-block-type=\"unstyled\" data-block-weight=\"35\" data-block-id=\"3\">\n<p class=\"content-text__container \" data-track-category=\"Link no Texto\" data-track-links=\"\">O crime aconteceu entre a noite de ter\u00e7a-feira (22) e a madrugada desta quarta-feira (23). Everaldo Lima de Oliveira, 48 anos, foi preso dentro da casa no s\u00edtio da v\u00edtima, onde come\u00e7ou a a\u00e7\u00e3o criminosa.<\/p>\n<\/div>\n<div class=\"mc-column content-text active-extra-styles \" data-block-type=\"unstyled\" data-block-weight=\"27\" data-block-id=\"4\">\n<p class=\"content-text__container \" style=\"text-align: justify;\" data-track-category=\"Link no Texto\" data-track-links=\"\">Segundo a pol\u00edcia, Valmir Rodrigues de Souza foi at\u00e9 a propriedade rural dele para tratar de animais quando o criminoso chegou e come\u00e7ou a discutir com ele.<\/p>\n<div class=\"mc-column content-text active-extra-styles \" style=\"text-align: justify;\" data-block-type=\"unstyled\" data-block-weight=\"33\" data-block-id=\"6\">\n<p class=\"content-text__container \" data-track-category=\"Link no Texto\" data-track-links=\"\">Ainda segundo a pol\u00edcia, durante a discuss\u00e3o, Everaldo agrediu o idoso com uma barra de ferro e amarrou a v\u00edtima pelo pesco\u00e7o em um carro e o arrastou por uma estrada de terra.<\/p>\n<\/div>\n<div class=\"mc-column content-text active-extra-styles \" data-block-type=\"unstyled\" data-block-weight=\"52\" data-block-id=\"8\">\n<div class=\"mc-column content-text active-extra-styles \" style=\"text-align: justify;\" data-block-type=\"unstyled\" data-block-weight=\"52\" data-block-id=\"8\">\n<p class=\"content-text__container \" data-track-category=\"Link no Texto\" data-track-links=\"\">Depois disso, o corpo de Valmir foi abandonado em uma \u00e1rea de mata. Um tratorista que passou pela via de terra, que liga o centro ao bairro rural de Bela Floresta, viu o corpo bastante machucado e chamou a pol\u00edcia. A v\u00edtima apresentava m\u00faltiplos ferimentos por arma branca e barras de ferro.<\/p>\n<\/div>\n<div class=\"mc-column content-text active-extra-styles\" style=\"text-align: justify;\" data-block-type=\"raw\" data-block-weight=\"4\" data-block-id=\"9\">\n<div class=\"content-intertitle\">\n<h2>Cinco horas de negocia\u00e7\u00e3o<\/h2>\n<\/div>\n<\/div>\n<div class=\"mc-column content-text active-extra-styles \" style=\"text-align: justify;\" data-block-type=\"unstyled\" data-block-weight=\"36\" data-block-id=\"10\">\n<p class=\"content-text__container \" data-track-category=\"Link no Texto\" data-track-links=\"\">Assim que a v\u00edtima foi identificada, os policiais foram at\u00e9 a casa do idoso e encontraram o criminoso se trancando dentro do s\u00edtio. O homem amea\u00e7ou atirar nos policiais civis e militares que foram ao local.<\/p>\n<\/div>\n<div class=\"mc-column content-text active-extra-styles \" style=\"text-align: justify;\" data-block-type=\"unstyled\" data-block-weight=\"37\" data-block-id=\"11\">\n<p class=\"content-text__container \" data-track-category=\"Link no Texto\" data-track-links=\"\">Os policiais come\u00e7aram a negociar para o agressor se entregar, mas sem sucesso. Depois de cerca de cinco horas de di\u00e1logo, o homem come\u00e7ou a ficar estressado e se mostrava agressivo, recusando conversar com a pol\u00edcia.<\/p>\n<\/div>\n<div class=\"mc-column content-text active-extra-styles \" style=\"text-align: justify;\" data-block-type=\"unstyled\" data-block-weight=\"41\" data-block-id=\"12\">\n<p class=\"content-text__container \" data-track-category=\"Link no Texto\" data-track-links=\"\">Com isso, uma equipe da For\u00e7a T\u00e1tica foi chamada e, encerrada as negocia\u00e7\u00f5es, ela entrou na casa pelo telhado e encontrou o homem com uma foice na m\u00e3o. Ele foi atingido por uma bala de borracha, foi desarmado e preso.<\/p>\n<\/div>\n<div class=\"mc-column content-text active-extra-styles \" style=\"text-align: justify;\" data-block-type=\"unstyled\" data-block-weight=\"23\" data-block-id=\"13\">\n<p class=\"content-text__container \" data-track-category=\"Link no Texto\" data-track-links=\"\">Everaldo foi levado at\u00e9 a delegacia da cidade e encaminhado para o pres\u00eddio em Ilha Solteira. O caso \u00e9 investigado pela Pol\u00edcia Civil.<\/p>\n<\/div>\n<div class=\"mc-column content-text active-extra-styles \" data-block-type=\"unstyled\" data-block-weight=\"26\" data-block-id=\"14\">\n<p class=\"content-text__container \" style=\"text-align: justify;\" data-track-category=\"Link no Texto\" data-track-links=\"\">O corpo de Valmir foi levado ao Instituto M\u00e9dico Legal (IML) e deve ser liberado \u00e0 fam\u00edlia ainda pela manh\u00e3. Ainda n\u00e3o h\u00e1 informa\u00e7\u00f5es sobre vel\u00f3rio.<\/p>\n<p data-track-category=\"Link no Texto\" data-track-links=\"\"><img loading=\"lazy\" decoding=\"async\" class=\"alignnone size-full wp-image-9560\" src=\"https:\/\/jorgezanoni.com.br\/2019\/wp-content\/uploads\/2019\/10\/idoso1.jpeg\" alt=\"\" width=\"1200\" height=\"900\" srcset=\"https:\/\/jorgezanoni.com.br\/2019\/wp-content\/uploads\/2019\/10\/idoso1.jpeg 1200w, https:\/\/jorgezanoni.com.br\/2019\/wp-content\/uploads\/2019\/10\/idoso1-300x225.jpeg 300w, https:\/\/jorgezanoni.com.br\/2019\/wp-content\/uploads\/2019\/10\/idoso1-768x576.jpeg 768w, https:\/\/jorgezanoni.com.br\/2019\/wp-content\/uploads\/2019\/10\/idoso1-1024x768.jpeg 1024w, https:\/\/jorgezanoni.com.br\/2019\/wp-content\/uploads\/2019\/10\/idoso1-80x60.jpeg 80w, https:\/\/jorgezanoni.com.br\/2019\/wp-content\/uploads\/2019\/10\/idoso1-265x198.jpeg 265w, https:\/\/jorgezanoni.com.br\/2019\/wp-content\/uploads\/2019\/10\/idoso1-696x522.jpeg 696w, https:\/\/jorgezanoni.com.br\/2019\/wp-content\/uploads\/2019\/10\/idoso1-1068x801.jpeg 1068w, https:\/\/jorgezanoni.com.br\/2019\/wp-content\/uploads\/2019\/10\/idoso1-560x420.jpeg 560w\" sizes=\"auto, (max-width: 1200px) 100vw, 1200px\" \/>Material apreendido com o autor do crime no s\u00edtio da v\u00edtima \u2014 Foto: Divulga\u00e7\u00e3o\/Pol\u00edcia Civil<\/p>\n<p data-track-category=\"Link no Texto\" data-track-links=\"\">Fonte: G1<\/p>\n<\/div>\n<\/div>\n<\/div>\n<\/div>\n","protected":false},"excerpt":{"rendered":"<p>Criminoso foi preso dentro do s\u00edtio da v\u00edtima, em Pereira Barreto (SP). Policiais negociaram por cerca de 5 horas at\u00e9 invadir casa pelo telhado e prender o homem. Corpo da v\u00edtima, de 73 anos, foi encontrado por tratorista em matagal. Um idoso de 73 anos foi morto dentro de um s\u00edtio e teve o corpo [&hellip;]<\/p>\n","protected":false},"author":1,"featured_media":9561,"comment_status":"closed","ping_status":"open","sticky":false,"template":"","format":"standard","meta":{"footnotes":""},"categories":[110,2],"tags":[],"class_list":["post-9559","post","type-post","status-publish","format-standard","has-post-thumbnail","hentry","category-noticiasdestaque","category-policial"],"_links":{"self":[{"href":"https:\/\/jorgezanoni.com.br\/2019\/wp-json\/wp\/v2\/posts\/9559","targetHints":{"allow":["GET"]}}],"collection":[{"href":"https:\/\/jorgezanoni.com.br\/2019\/wp-json\/wp\/v2\/posts"}],"about":[{"href":"https:\/\/jorgezanoni.com.br\/2019\/wp-json\/wp\/v2\/types\/post"}],"author":[{"embeddable":true,"href":"https:\/\/jorgezanoni.com.br\/2019\/wp-json\/wp\/v2\/users\/1"}],"replies":[{"embeddable":true,"href":"https:\/\/jorgezanoni.com.br\/2019\/wp-json\/wp\/v2\/comments?post=9559"}],"version-history":[{"count":0,"href":"https:\/\/jorgezanoni.com.br\/2019\/wp-json\/wp\/v2\/posts\/9559\/revisions"}],"wp:featuredmedia":[{"embeddable":true,"href":"https:\/\/jorgezanoni.com.br\/2019\/wp-json\/wp\/v2\/media\/9561"}],"wp:attachment":[{"href":"https:\/\/jorgezanoni.com.br\/2019\/wp-json\/wp\/v2\/media?parent=9559"}],"wp:term":[{"taxonomy":"category","embeddable":true,"href":"https:\/\/jorgezanoni.com.br\/2019\/wp-json\/wp\/v2\/categories?post=9559"},{"taxonomy":"post_tag","embeddable":true,"href":"https:\/\/jorgezanoni.com.br\/2019\/wp-json\/wp\/v2\/tags?post=9559"}],"curies":[{"name":"wp","href":"https:\/\/api.w.org\/{rel}","templated":true}]}}