{"id":95508,"date":"2025-06-14T19:59:54","date_gmt":"2025-06-14T19:59:54","guid":{"rendered":"https:\/\/jorgezanoni.com.br\/2019\/?p=95508"},"modified":"2025-06-14T19:59:54","modified_gmt":"2025-06-14T19:59:54","slug":"policia-penal-de-sao-paulo-participa-do-2o-seminario-tecnico-cientifico-de-pesquisas-em-prisoes-em-brasilia","status":"publish","type":"post","link":"https:\/\/jorgezanoni.com.br\/2019\/policia-penal-de-sao-paulo-participa-do-2o-seminario-tecnico-cientifico-de-pesquisas-em-prisoes-em-brasilia\/","title":{"rendered":"Pol\u00edcia Penal de S\u00e3o Paulo participa do 2\u00ba Semin\u00e1rio T\u00e9cnico-Cient\u00edfico de Pesquisas em Pris\u00f5es em Bras\u00edlia"},"content":{"rendered":"<div class=\"row\">\n<div class=\"col-lg-9 mx-auto text-center\">\n<p class=\"lead\" style=\"text-align: justify;\"><strong>Projeto que envolve Penitenci\u00e1ria Feminina de Tupi Paulista \u00e9 apresentado no evento da revista Brasileira de Execu\u00e7\u00e3o Penal.<\/strong><\/p>\n<p><span class=\"data-publicacao\">10\/06\/2025<\/span><\/div>\n<\/div>\n<div class=\"foto-destaque\"><img decoding=\"async\" class=\"img-fluid d-block\" src=\"https:\/\/www.sap.sp.gov.br\/wcm\/connect\/0c021b12-8711-474a-849e-c6e3f6c26406\/Membros+da+mesa+Diversidade+na+Execu%C3%A7%C3%A3o+Penal+I%2C+Adriana+Alkmin%2C+Rafaelle+Lopes+Souza+e+Monica+Renata+Dantas+Mendon%C3%A7a.jpeg?MOD=AJPERES&amp;CACHEID=ROOTWORKSPACE-0c021b12-8711-474a-849e-c6e3f6c26406-ptAFgB2\" alt=\"Foto ilustrativa\" \/><\/p>\n<p class=\"legenda-foto\" style=\"text-align: justify;\">Membros da mesa Diversidade na Execu\u00e7\u00e3o Penal I, Adriana Alkmin, Rafaelle Lopes Souza e Monica Renata Dantas Mendon\u00e7a<\/p>\n<\/div>\n<div class=\"row\">\n<div class=\"col-lg-9\">\n<article>\n<p dir=\"ltr\" style=\"text-align: justify;\"><em>Vivaine Henriques &#8211; CEPROESTE<\/em><\/p>\n<p dir=\"ltr\" style=\"text-align: justify;\">A Pol\u00edcia Penal do Estado de S\u00e3o Paulo esteve representada, em Bras\u00edlia, no dia 29 de maio, no 2\u00ba Semin\u00e1rio T\u00e9cnico-Cient\u00edfico de Pesquisas em Pris\u00f5es, promovido pela revista Brasileira de Execu\u00e7\u00e3o Penal (RBEP).<\/p>\n<p dir=\"ltr\" style=\"text-align: justify;\">No evento, foi apresentado o projeto Invent\u00e1rio de Refer\u00eancia, realizado em uma parceria que envolveu o Poder Judici\u00e1rio de S\u00e3o Paulo, o Minist\u00e9rio P\u00fablico e a Penitenci\u00e1ria Feminina de Tupi Paulista. A a\u00e7\u00e3o, busca promover cidadania e educa\u00e7\u00e3o permanente para mulheres egressas, e est\u00e1 alinhada ao Pol\u00edtica Nacional de Dados e Informa\u00e7\u00f5es relacionadas \u00e0 Viol\u00eancia contra as Mulheres (PNAINFO) e aos objetivos de Desenvolvimento Sustent\u00e1vel da Organiza\u00e7\u00e3o das Na\u00e7\u00f5es Unidas (ONU).<\/p>\n<p dir=\"ltr\" style=\"text-align: justify;\">Compareceram no evento a Chefe de Departamento do Complexo Penal de Tupi Paulista, Adriana Alkmin Pereira Domingues, a ju\u00edza da Comarca de Adamantina, \u00a0Ruth Duarte Menegatti e psicopedagoga da Assessoria Integrativa, Denise Alves Freire.<\/p>\n<p dir=\"ltr\" style=\"text-align: justify;\">De acordo com Adriana Alkmin, a metodologia se fundamenta em conceitos de Foucault, buscando interven\u00e7\u00f5es contextualizadas para apoiar a reinser\u00e7\u00e3o social das reeducandas. \u201cO trabalho revelou que, embora o sistema prisional seja um ambiente de cumprimento de pena e, em muitos casos, com mulheres agressoras, a maioria das reeducandas da Penitenci\u00e1ria Feminina de Tupi Paulista j\u00e1 foi v\u00edtima de viol\u00eancia dom\u00e9stica, de g\u00eanero e viveu em contextos de vulnerabilidade social, fatores que contribu\u00edram para sua inser\u00e7\u00e3o na criminalidade\u201d, afirma.<\/p>\n<p dir=\"ltr\" style=\"text-align: justify;\">A aplica\u00e7\u00e3o do projeto Invent\u00e1rio de Refer\u00eancia demonstrou como rela\u00e7\u00f5es familiares e sociais prec\u00e1rias influenciam comportamentos e condutas, evidenciando que muitas presas n\u00e3o reconheciam as viol\u00eancias vividas por falta de conhecimento sobre suas formas.<\/p>\n<p dir=\"ltr\" style=\"text-align: justify;\"><strong>O estudo<\/strong><\/p>\n<p dir=\"ltr\" style=\"text-align: justify;\">A pesquisa revelou que 10% das mulheres se consideram violentas, com altas taxas de uso de medicamentos controlados (37%) e depend\u00eancia de subst\u00e2ncias (50%). A sa\u00fade mental e reprodutiva \u00e9 fragilizada, com 75% relatando aborto e 53% tendo tentado suic\u00eddio, confirmando o impacto profundo da viol\u00eancia de g\u00eanero. A maioria das participantes se autodeclara branca, o que contrasta com o perfil nacional. Sobre escolaridade, 64% t\u00eam ensino fundamental.<\/p>\n<p dir=\"ltr\" style=\"text-align: justify;\">No \u00e2mbito familiar, 64% possuem refer\u00eancias familiares, mas 73% sofreram puni\u00e7\u00e3o violenta na inf\u00e2ncia, e 55% presenciaram viol\u00eancia familiar, fatores que influenciam negativamente comportamentos e trajet\u00f3rias no sistema prisional. Em rela\u00e7\u00e3o ao trabalho, 72% exercem alguma atividade, por\u00e9m 89% j\u00e1 sofreram abuso no ambiente laboral, refletindo preconceitos e discrimina\u00e7\u00f5es de g\u00eanero.<\/p>\n<p dir=\"ltr\" style=\"text-align: justify;\">Sobre a Lei Maria da Penha, 88% conhecem os tipos de viol\u00eancia dom\u00e9stica e 93% conhecem ou ouviram falar da lei, demonstrando avan\u00e7o na conscientiza\u00e7\u00e3o. Al\u00e9m disso, 83% manifestaram interesse em educa\u00e7\u00e3o reparadora para ampliar o conhecimento sobre direitos e mecanismos de enfrentamento da viol\u00eancia. Sobre a viol\u00eancia dom\u00e9stica, 67% foram v\u00edtimas de viol\u00eancia dom\u00e9stica, 40% sofreram amea\u00e7a de morte por parceiros, e 47% buscaram medidas protetivas, apesar das dificuldades emocionais e sociais para denunciar.<\/p>\n<p dir=\"ltr\" style=\"text-align: justify;\"><strong>Nova mentalidade<\/strong><\/p>\n<p dir=\"ltr\" style=\"text-align: justify;\">A Chefe de Departamento do Complexo Penal conta que, com acesso \u00e0 educa\u00e7\u00e3o e \u00e0 informa\u00e7\u00e3o, as reeducandas passaram a se reconhecer como v\u00edtimas, compreenderam as diversas manifesta\u00e7\u00f5es da viol\u00eancia contra a mulher e algumas at\u00e9 perceberam seu papel como agressoras. O projeto proporcionou conhecimento e conscientiza\u00e7\u00e3o, preparando-as para enfrentar novas situa\u00e7\u00f5es, promover mudan\u00e7as em suas vidas e romper ciclos de viol\u00eancia.<\/p>\n<p dir=\"ltr\" style=\"text-align: justify;\">\u201cO senso de justi\u00e7a emergiu entre as reeducandas, que passaram a valorizar o respeito, a liberdade e a dignidade. O sistema prisional, por meio de a\u00e7\u00f5es educativas e de enfrentamento \u00e0 viol\u00eancia, contribui para a fun\u00e7\u00e3o ressocializadora da pena e para a valoriza\u00e7\u00e3o do g\u00eanero feminino\u201d. acrescenta Adriana.<\/p>\n<p dir=\"ltr\" style=\"text-align: justify;\">Os resultados preliminares do Invent\u00e1rio visam subsidiar pol\u00edticas p\u00fablicas no sistema prisional, conforme a\u00a0<strong><a href=\"https:\/\/www.planalto.gov.br\/ccivil_03\/_ato2019-2022\/2021\/lei\/l14232.htm\" target=\"_blank\" rel=\"noopener\">Lei 14.232\/21 (PNAINFO)<\/a><\/strong>, promovendo uma educa\u00e7\u00e3o permanente e humanizada que reconhe\u00e7a a perspectiva de g\u00eanero as especificidades do universo feminino no contexto carcer\u00e1rio.<\/p>\n<p dir=\"ltr\"><img decoding=\"async\" title=\"\" src=\"https:\/\/www.sap.sp.gov.br\/wcm\/connect\/b853e352-438f-4d17-9f59-379b231e60ef\/1\/Adriana+Alkmin+e+o+editor+da+RBEP%2C+o+Policial+Penal+Claudenir+dos+Santos.jpeg?MOD=AJPERES\" alt=\"\" \/>Adriana Alkmin e o editor da RBEP, o Policial Penal Claudenir dos Santos<\/p>\n<p dir=\"ltr\"><img decoding=\"async\" title=\"\" src=\"https:\/\/www.sap.sp.gov.br\/wcm\/connect\/b853e352-438f-4d17-9f59-379b231e60ef\/2\/A+Chefe+de+Departamento+do+Complexo+Penal+de+Tupi+Paulista%2C+Adriana+Alkmin+Pereira+Domingues.jpeg?MOD=AJPERES\" alt=\"\" \/><\/p>\n<p dir=\"ltr\">A Chefe de Departamento do Complexo Penal de Tupi Paulista, Adriana Alkmin Pereira Domingues<\/p>\n<p dir=\"ltr\">Fonte: <a id=\"linkLogo\" class=\"logo\" href=\"https:\/\/www.sap.sp.gov.br\/sec_adm_penitenciaria\"><span class=\"org only-text\">Secretaria da <strong>Administra\u00e7\u00e3o Penitenci\u00e1ria<\/strong><\/span><\/a><\/p>\n<\/article>\n<\/div>\n<\/div>\n","protected":false},"excerpt":{"rendered":"<p>Projeto que envolve Penitenci\u00e1ria Feminina de Tupi Paulista \u00e9 apresentado no evento da revista Brasileira de Execu\u00e7\u00e3o Penal. 10\/06\/2025 Membros da mesa Diversidade na Execu\u00e7\u00e3o Penal I, Adriana Alkmin, Rafaelle Lopes Souza e Monica Renata Dantas Mendon\u00e7a Vivaine Henriques &#8211; CEPROESTE A Pol\u00edcia Penal do Estado de S\u00e3o Paulo esteve representada, em Bras\u00edlia, no dia [&hellip;]<\/p>\n","protected":false},"author":1,"featured_media":95509,"comment_status":"closed","ping_status":"open","sticky":false,"template":"","format":"standard","meta":{"footnotes":""},"categories":[110,2],"tags":[],"class_list":["post-95508","post","type-post","status-publish","format-standard","has-post-thumbnail","hentry","category-noticiasdestaque","category-policial"],"_links":{"self":[{"href":"https:\/\/jorgezanoni.com.br\/2019\/wp-json\/wp\/v2\/posts\/95508","targetHints":{"allow":["GET"]}}],"collection":[{"href":"https:\/\/jorgezanoni.com.br\/2019\/wp-json\/wp\/v2\/posts"}],"about":[{"href":"https:\/\/jorgezanoni.com.br\/2019\/wp-json\/wp\/v2\/types\/post"}],"author":[{"embeddable":true,"href":"https:\/\/jorgezanoni.com.br\/2019\/wp-json\/wp\/v2\/users\/1"}],"replies":[{"embeddable":true,"href":"https:\/\/jorgezanoni.com.br\/2019\/wp-json\/wp\/v2\/comments?post=95508"}],"version-history":[{"count":1,"href":"https:\/\/jorgezanoni.com.br\/2019\/wp-json\/wp\/v2\/posts\/95508\/revisions"}],"predecessor-version":[{"id":95510,"href":"https:\/\/jorgezanoni.com.br\/2019\/wp-json\/wp\/v2\/posts\/95508\/revisions\/95510"}],"wp:featuredmedia":[{"embeddable":true,"href":"https:\/\/jorgezanoni.com.br\/2019\/wp-json\/wp\/v2\/media\/95509"}],"wp:attachment":[{"href":"https:\/\/jorgezanoni.com.br\/2019\/wp-json\/wp\/v2\/media?parent=95508"}],"wp:term":[{"taxonomy":"category","embeddable":true,"href":"https:\/\/jorgezanoni.com.br\/2019\/wp-json\/wp\/v2\/categories?post=95508"},{"taxonomy":"post_tag","embeddable":true,"href":"https:\/\/jorgezanoni.com.br\/2019\/wp-json\/wp\/v2\/tags?post=95508"}],"curies":[{"name":"wp","href":"https:\/\/api.w.org\/{rel}","templated":true}]}}