{"id":9548,"date":"2019-10-23T23:53:20","date_gmt":"2019-10-23T23:53:20","guid":{"rendered":"https:\/\/jorgezanoni.com.br\/2019\/?p=9548"},"modified":"2019-10-23T23:53:20","modified_gmt":"2019-10-23T23:53:20","slug":"prefeituras-de-presidente-venceslau-e-de-pauliceia-tem-processos-seletivos-com-inscricoes-abertas","status":"publish","type":"post","link":"https:\/\/jorgezanoni.com.br\/2019\/prefeituras-de-presidente-venceslau-e-de-pauliceia-tem-processos-seletivos-com-inscricoes-abertas\/","title":{"rendered":"Prefeituras de Presidente Venceslau e de Paulic\u00e9ia t\u00eam processos seletivos com inscri\u00e7\u00f5es abertas"},"content":{"rendered":"<h2 class=\"content-head__subtitle\" style=\"text-align: justify;\"><strong>Est\u00e3o dispon\u00edveis cargos nas \u00e1reas da educa\u00e7\u00e3o e da sa\u00fade. Tamb\u00e9m h\u00e1 oportunidades em outras cidades da regi\u00e3o de Presidente Prudente.<\/strong><\/h2>\n<div class=\"mc-column content-text active-extra-styles \" data-block-type=\"unstyled\" data-block-weight=\"26\" data-block-id=\"2\">\n<p class=\"content-text__container \" style=\"text-align: justify;\" data-track-category=\"Link no Texto\" data-track-links=\"\">Nesta semana, diversos concursos p\u00fablicos e processos seletivos est\u00e3o com inscri\u00e7\u00f5es abertas no Oeste Paulista voltados ao preenchimento de vagas e \u00e0 forma\u00e7\u00e3o de cadastro reserva.<\/p>\n<\/div>\n<div class=\"wall protected-content\">\n<div class=\"mc-column content-text active-extra-styles \" style=\"text-align: justify;\" data-block-type=\"unstyled\" data-block-weight=\"18\" data-block-id=\"3\">\n<p class=\"content-text__container \" data-track-category=\"Link no Texto\" data-track-links=\"\">As jornadas de trabalho, os benef\u00edcios, as fun\u00e7\u00f5es e os sal\u00e1rios variam de acordo com o cargo pretendido.<\/p>\n<\/div>\n<div class=\"mc-column content-text active-extra-styles \" style=\"text-align: justify;\" data-block-type=\"unstyled\" data-block-weight=\"3\" data-block-id=\"4\">\n<p class=\"content-text__container \" data-track-category=\"Link no Texto\" data-track-links=\"\">Confira as oportunidades:<\/p>\n<\/div>\n<div class=\"mc-column content-text active-extra-styles\" style=\"text-align: justify;\" data-block-type=\"raw\" data-block-weight=\"2\" data-block-id=\"5\">\n<div class=\"content-intertitle\">\n<h2>Presidente Venceslau<\/h2>\n<\/div>\n<\/div>\n<div class=\"mc-column content-text active-extra-styles \" style=\"text-align: justify;\" data-block-type=\"unstyled\" data-block-weight=\"44\" data-block-id=\"6\">\n<p class=\"content-text__container \" data-track-category=\"Link no Texto\" data-track-links=\"\">A Prefeitura de Presidente Venceslau tem processo seletivo com inscri\u00e7\u00f5es abertas e visa a forma\u00e7\u00e3o de cadastro reserva de cargos de n\u00edvel superior. Os interessados devem se candidatar at\u00e9 27 de outubro, pela\u00a0<a href=\"https:\/\/www.unisisp.com.br\/site\/index.php?pg=concursos\/info&amp;codigo=112\" target=\"_blank\" rel=\"noopener noreferrer\">internet<\/a>. A taxa de participa\u00e7\u00e3o \u00e9 R$ 65.<\/p>\n<\/div>\n<div class=\"mc-column content-text active-extra-styles \" style=\"text-align: justify;\" data-block-type=\"unstyled\" data-block-weight=\"36\" data-block-id=\"7\">\n<p class=\"content-text__container \" data-track-category=\"Link no Texto\" data-track-links=\"\">As oportunidades dispon\u00edveis s\u00e3o para os cargos de farmac\u00eautico, m\u00e9dico cl\u00ednico geral, dentista ESF e dentista. As jornadas de trabalho v\u00e3o de 20h a 40h semanais e a remunera\u00e7\u00e3o varia entre R$ 2.501,85 e R$ 3.308,70.<\/p>\n<\/div>\n<div class=\"mc-column content-text active-extra-styles \" style=\"text-align: justify;\" data-block-type=\"unstyled\" data-block-weight=\"23\" data-block-id=\"8\">\n<p class=\"content-text__container \" data-track-category=\"Link no Texto\" data-track-links=\"\">A classifica\u00e7\u00e3o ocorrer\u00e1 por meio de prova objetiva e de t\u00edtulos. A primeira fase est\u00e1 prevista para 10 de novembro, \u00e0s 8h.<\/p>\n<\/div>\n<div class=\"mc-column content-text active-extra-styles \" style=\"text-align: justify;\" data-block-type=\"unstyled\" data-block-weight=\"9\" data-block-id=\"9\">\n<p class=\"content-text__container \" data-track-category=\"Link no Texto\" data-track-links=\"\">O\u00a0<a href=\"https:\/\/www.unisisp.com.br\/imagens_arquivos\/concursos\/arquivos\/112_presidvenceslau_edital_ps_002_2019_2.pdf\" target=\"_blank\" rel=\"noopener noreferrer\">edital\u00a0<\/a>est\u00e1 dispon\u00edvel para consulta.<\/p>\n<\/div>\n<div class=\"mc-column content-text active-extra-styles\" style=\"text-align: justify;\" data-block-type=\"raw\" data-block-weight=\"1\" data-block-id=\"10\">\n<div class=\"content-intertitle\">\n<h2>Paulic\u00e9ia<\/h2>\n<\/div>\n<\/div>\n<div class=\"mc-column content-text active-extra-styles \" style=\"text-align: justify;\" data-block-type=\"unstyled\" data-block-weight=\"52\" data-block-id=\"11\">\n<p class=\"content-text__container \" data-track-category=\"Link no Texto\" data-track-links=\"\">A Prefeitura de Paulic\u00e9ia, por meio de processo seletivo, visa preencher 10 vagas, al\u00e9m de forma\u00e7\u00e3o de cadastro reserva, de cargos de n\u00edveis m\u00e9dio e superior na \u00e1rea da educa\u00e7\u00e3o. As inscri\u00e7\u00f5es v\u00e3o at\u00e9 as 15h de 8 de novembro, pela\u00a0<a href=\"http:\/\/www.aplicativaassessoria.net\/concurso\/show\/id\/47\" target=\"_blank\" rel=\"noopener noreferrer\">internet<\/a>. A taxa de participa\u00e7\u00e3o \u00e9 de R$ 9,60.<\/p>\n<\/div>\n<div class=\"mc-column content-text active-extra-styles \" style=\"text-align: justify;\" data-block-type=\"unstyled\" data-block-weight=\"42\" data-block-id=\"13\">\n<p class=\"content-text__container \" data-track-category=\"Link no Texto\" data-track-links=\"\">Os cargos dispon\u00edveis s\u00e3o: professor I \u2013 educa\u00e7\u00e3o infantil\/creche e pr\u00e9-escola (5 vagas), professor II \u2013 anos iniciais do ensino fundamental (5 vagas), professor III \u2013 m\u00fasica e educa\u00e7\u00e3o f\u00edsica (CR), professor III \u2013 Atendimento Educa\u00e7\u00e3o Especializado (CR) e professor adjunto (CR).<\/p>\n<\/div>\n<div class=\"mc-column content-text active-extra-styles \" style=\"text-align: justify;\" data-block-type=\"unstyled\" data-block-weight=\"28\" data-block-id=\"14\">\n<p class=\"content-text__container \" data-track-category=\"Link no Texto\" data-track-links=\"\">A jornada de trabalho varia de 15h a 33h semanais com sal\u00e1rio inicial a ser recebido no valor de R$ 968,51 ou R$ 2.110,35, conforme o cargo pretendido.<\/p>\n<\/div>\n<div class=\"mc-column content-text active-extra-styles \" style=\"text-align: justify;\" data-block-type=\"unstyled\" data-block-weight=\"27\" data-block-id=\"15\">\n<p class=\"content-text__container \" data-track-category=\"Link no Texto\" data-track-links=\"\">A aplica\u00e7\u00e3o da prova objetiva est\u00e1 prevista para 24 de novembro, em locais e hor\u00e1rios a serem divulgados. O processo seletivo tamb\u00e9m conta com prova de t\u00edtulos.<\/p>\n<\/div>\n<div class=\"mc-column content-text active-extra-styles \" style=\"text-align: justify;\" data-block-type=\"unstyled\" data-block-weight=\"11\" data-block-id=\"16\">\n<p class=\"content-text__container \" data-track-category=\"Link no Texto\" data-track-links=\"\">O edital est\u00e1\u00a0<a href=\"http:\/\/www.aplicativaassessoria.net\/concurso\/show\/id\/47\" target=\"_blank\" rel=\"noopener noreferrer\">dispon\u00edvel<\/a>\u00a0para download no site da banca organizadora.<\/p>\n<\/div>\n<div class=\"mc-column content-text active-extra-styles\" style=\"text-align: justify;\" data-block-type=\"raw\" data-block-weight=\"1\" data-block-id=\"17\">\n<div class=\"content-intertitle\">\n<h2>Martin\u00f3polis<\/h2>\n<\/div>\n<\/div>\n<div class=\"mc-column content-text active-extra-styles \" style=\"text-align: justify;\" data-block-type=\"unstyled\" data-block-weight=\"47\" data-block-id=\"18\">\n<p class=\"content-text__container \" data-track-category=\"Link no Texto\" data-track-links=\"\">A Prefeitura de Martin\u00f3polis tem concurso p\u00fablico com inscri\u00e7\u00f5es abertas que visa a forma\u00e7\u00e3o de cadastro reserva de profissionais de diversos n\u00edveis de escolaridade. A participa\u00e7\u00e3o deve ser garantida at\u00e9 25 de outubro, pela\u00a0<a href=\"http:\/\/omconsultoria.com.br\/portal\/index.php?option=com_facileforms&amp;ff_name=inscricaoForm&amp;ff_border=0&amp;ff_frame=0&amp;ff_param_NIC=20190924093404&amp;ff_param_PID=0\" target=\"_blank\" rel=\"noopener noreferrer\">internet<\/a>, mediante ao pagamento da taxa que varia entre R$12,10 e R$ 12,95.<\/p>\n<\/div>\n<div class=\"mc-column content-text active-extra-styles \" style=\"text-align: justify;\" data-block-type=\"unstyled\" data-block-weight=\"78\" data-block-id=\"19\">\n<p class=\"content-text__container \" data-track-category=\"Link no Texto\" data-track-links=\"\">Os cargos dispon\u00edveis para forma\u00e7\u00e3o de cadastro reserva s\u00e3o: agente comunit\u00e1rio de sa\u00fade, almoxarife, arquiteto, arrecadador de ped\u00e1gio, atendente, auxiliar de enfermagem, auxiliar de enfermagem \u2013 ESF, bibliotec\u00e1rio, bombeiro municipal, contador, diretor de creche, enfermeiro, engenheiro civil, farmac\u00eautico, fiscal de posturas, m\u00e9dico do trabalho, m\u00e9dico \u2013 ESF, m\u00e9dico pediatra, m\u00e9dico psiquiatra, m\u00e9dico psiquiatra plantonista \u2013 Caps, motorista, pedagogo \u2013 Caps: pedreiro, PEB I \u2013 ensino fundamental, qu\u00edmico, secret\u00e1rio da junta do servi\u00e7o militar, vigilante feminino e vigilante masculino.<\/p>\n<\/div>\n<div class=\"mc-column content-text active-extra-styles \" style=\"text-align: justify;\" data-block-type=\"unstyled\" data-block-weight=\"19\" data-block-id=\"20\">\n<p class=\"content-text__container \" data-track-category=\"Link no Texto\" data-track-links=\"\">A carga hor\u00e1ria varia de 20 a 40 horas semanais e a remunera\u00e7\u00e3o de R$ 998 a R$ 13.352,01.<\/p>\n<\/div>\n<div class=\"mc-column content-text active-extra-styles \" style=\"text-align: justify;\" data-block-type=\"unstyled\" data-block-weight=\"20\" data-block-id=\"21\">\n<p class=\"content-text__container \" data-track-category=\"Link no Texto\" data-track-links=\"\">Entre os requisitos est\u00e3o ter os n\u00edveis fundamental, m\u00e9dio e superior completos, al\u00e9m de registro profissional no Conselho de Classe.<\/p>\n<\/div>\n<div class=\"mc-column content-text active-extra-styles \" style=\"text-align: justify;\" data-block-type=\"unstyled\" data-block-weight=\"7\" data-block-id=\"22\">\n<p class=\"content-text__container \" data-track-category=\"Link no Texto\" data-track-links=\"\">Mais detalhes podem ser consultados no\u00a0<a href=\"https:\/\/www.martinopolis.sp.gov.br\/concursospub\/pdf_postados\/editalcompleto.pdf\" target=\"_blank\" rel=\"noopener noreferrer\">edital<\/a>.<\/p>\n<\/div>\n<div class=\"mc-column content-text active-extra-styles\" style=\"text-align: justify;\" data-block-type=\"raw\" data-block-weight=\"3\" data-block-id=\"23\">\n<div class=\"content-intertitle\">\n<h2>Mirante do Paranapanema<\/h2>\n<\/div>\n<\/div>\n<div class=\"mc-column content-text active-extra-styles \" style=\"text-align: justify;\" data-block-type=\"unstyled\" data-block-weight=\"34\" data-block-id=\"24\">\n<p class=\"content-text__container \" data-track-category=\"Link no Texto\" data-track-links=\"\">A C\u00e2mara Municipal de Mirante do Paranapanema tem concurso p\u00fablico para a admiss\u00e3o de profissionais de ensino m\u00e9dio e de n\u00edvel superior. As inscri\u00e7\u00f5es est\u00e3o abertas e v\u00e3o at\u00e9 27 de outubro, pela\u00a0<a href=\"https:\/\/cmmconcursos.com.br\/editais\/ver\/2361\" target=\"_blank\" rel=\"noopener noreferrer\">internet<\/a>.<\/p>\n<\/div>\n<div class=\"mc-column content-text active-extra-styles \" style=\"text-align: justify;\" data-block-type=\"unstyled\" data-block-weight=\"10\" data-block-id=\"26\">\n<p class=\"content-text__container \" data-track-category=\"Link no Texto\" data-track-links=\"\">As taxas de participa\u00e7\u00e3o s\u00e3o R$ 50 e R$ 80.<\/p>\n<\/div>\n<div class=\"mc-column content-text active-extra-styles \" style=\"text-align: justify;\" data-block-type=\"unstyled\" data-block-weight=\"41\" data-block-id=\"27\">\n<p class=\"content-text__container \" data-track-category=\"Link no Texto\" data-track-links=\"\">S\u00e3o tr\u00eas vagas dispon\u00edveis para os cargos de auxiliar administrativo (1), contador (1) e diretor-geral de secretaria da c\u00e2mara municipal (1). A carga hor\u00e1ria \u00e9 de 40h semanais, com remunera\u00e7\u00f5es que variam entre R$ 1.750 e R$ 4,5 mil ao m\u00eas.<\/p>\n<\/div>\n<div class=\"mc-column content-text active-extra-styles \" style=\"text-align: justify;\" data-block-type=\"unstyled\" data-block-weight=\"15\" data-block-id=\"28\">\n<p class=\"content-text__container \" data-track-category=\"Link no Texto\" data-track-links=\"\">A aplica\u00e7\u00e3o da prova objetiva est\u00e1 prevista para 10 de novembro de 2019, \u00e0s 9h.<\/p>\n<\/div>\n<div class=\"mc-column content-text active-extra-styles \" style=\"text-align: justify;\" data-block-type=\"unstyled\" data-block-weight=\"7\" data-block-id=\"29\">\n<p class=\"content-text__container \" data-track-category=\"Link no Texto\" data-track-links=\"\">O\u00a0<a href=\"https:\/\/cdn.gestoreditais.com.br\/edital\/63\/2361\/f67a5d47727fba307dc3e607aa3b2661.pdf\" target=\"_blank\" rel=\"noopener noreferrer\">edital\u00a0<\/a>j\u00e1 est\u00e1 dispon\u00edvel para consulta.<\/p>\n<\/div>\n<div class=\"mc-column content-text active-extra-styles\" style=\"text-align: justify;\" data-block-type=\"raw\" data-block-weight=\"3\" data-block-id=\"30\">\n<div class=\"content-intertitle\">\n<h2>Prefeitura de Adamantina<\/h2>\n<\/div>\n<\/div>\n<div class=\"mc-column content-text active-extra-styles \" style=\"text-align: justify;\" data-block-type=\"unstyled\" data-block-weight=\"76\" data-block-id=\"31\">\n<p class=\"content-text__container \" data-track-category=\"Link no Texto\" data-track-links=\"\">Em Adamantina, tem processo seletivo da Prefeitura voltado a profissionais de n\u00edvel superior. O objetivo \u00e9 a forma\u00e7\u00e3o de cadastro reserva para os cargos de educador de Emei \u2013 Ciclo I e professores de educa\u00e7\u00e3o do ensino fundamental \u2013 PEB I; educa\u00e7\u00e3o infantil Emei \u2013 Ciclo II; PEB II \u2013 educa\u00e7\u00e3o art\u00edstica; PEB II \u2013 educa\u00e7\u00e3o especial (DM e DA); PEB II \u2013 educa\u00e7\u00e3o f\u00edsica; educa\u00e7\u00e3o de jovens e adultos (EJA) e PEB II \u2013 ingl\u00eas.<\/p>\n<\/div>\n<div class=\"mc-column content-text active-extra-styles \" style=\"text-align: justify;\" data-block-type=\"unstyled\" data-block-weight=\"22\" data-block-id=\"32\">\n<p class=\"content-text__container \" data-track-category=\"Link no Texto\" data-track-links=\"\">As inscri\u00e7\u00f5es devem ser efetuadas at\u00e9 as 20h de 7 de novembro, pela\u00a0<a href=\"http:\/\/www.conscamweb.com.br\/concurso\/concursoPaginaInterna.do?idInstituicao=32&amp;idConcurso=7\" target=\"_blank\" rel=\"noopener noreferrer\">internet<\/a>. A taxa de participa\u00e7\u00e3o \u00e9 de R$ 13,89.<\/p>\n<\/div>\n<div class=\"mc-column content-text active-extra-styles \" style=\"text-align: justify;\" data-block-type=\"unstyled\" data-block-weight=\"28\" data-block-id=\"33\">\n<p class=\"content-text__container \" data-track-category=\"Link no Texto\" data-track-links=\"\">Ao serem contratados, os profissionais dever\u00e3o desempenhar atividades em carga hor\u00e1ria de 23h a 40h semanais, com remunera\u00e7\u00f5es que varia de R$ 1.715,52 a R$ 2.840,45 ao m\u00eas.<\/p>\n<\/div>\n<div class=\"mc-column content-text active-extra-styles \" style=\"text-align: justify;\" data-block-type=\"unstyled\" data-block-weight=\"16\" data-block-id=\"34\">\n<p class=\"content-text__container \" data-track-category=\"Link no Texto\" data-track-links=\"\">Mais detalhes podem ser consultados no\u00a0<a href=\"http:\/\/www.conscamweb.com.br\/concurso\/downloadAnexo.do?idAnexo=2670\" target=\"_blank\" rel=\"noopener noreferrer\">edital<\/a>. No site tamb\u00e9m h\u00e1 dispon\u00edvel uma retifica\u00e7\u00e3o do documento.<\/p>\n<\/div>\n<div class=\"mc-column content-text active-extra-styles \" style=\"text-align: justify;\" data-block-type=\"unstyled\" data-block-weight=\"17\" data-block-id=\"35\">\n<p class=\"content-text__container \" data-track-category=\"Link no Texto\" data-track-links=\"\">A aplica\u00e7\u00e3o da prova objetiva est\u00e1 prevista para 1\u00ba de dezembro de 2019, em dois per\u00edodos diferentes.<\/p>\n<\/div>\n<div class=\"mc-column content-text active-extra-styles\" style=\"text-align: justify;\" data-block-type=\"raw\" data-block-weight=\"4\" data-block-id=\"36\">\n<div class=\"content-intertitle\">\n<h2>Fatec \u2013 Presidente Prudente<\/h2>\n<\/div>\n<\/div>\n<div class=\"mc-column content-text active-extra-styles \" style=\"text-align: justify;\" data-block-type=\"unstyled\" data-block-weight=\"23\" data-block-id=\"37\">\n<p class=\"content-text__container \" data-track-category=\"Link no Texto\" data-track-links=\"\">A Faculdade de Tecnologia de Presidente Prudente (Fatec) tem dois processos seletivos com inscri\u00e7\u00f5es abertas cujo objetivo \u00e9 a admiss\u00e3o tempor\u00e1ria de professor.<\/p>\n<\/div>\n<div class=\"mc-column content-text active-extra-styles \" style=\"text-align: justify;\" data-block-type=\"unstyled\" data-block-weight=\"33\" data-block-id=\"38\">\n<p class=\"content-text__container \" data-track-category=\"Link no Texto\" data-track-links=\"\">Os interessados devem se candidatar at\u00e9 28 de outubro na unidade da Fatec que fica na Rua Terezina, n\u00ba 75, na Vila Paulo Roberto, de 8h \u00e0s 12h e de 13h \u00e0s 17h.<\/p>\n<\/div>\n<div class=\"mc-column content-text active-extra-styles \" style=\"text-align: justify;\" data-block-type=\"unstyled\" data-block-weight=\"36\" data-block-id=\"39\">\n<p class=\"content-text__container \" data-track-category=\"Link no Texto\" data-track-links=\"\">As oportunidades s\u00e3o destinadas a profissionais das \u00e1reas de an\u00e1lise e desenvolvimento de sistemas: ci\u00eancia da computa\u00e7\u00e3o \u2013 sistemas de informa\u00e7\u00e3o (1) e de gest\u00e3o empresarial: administra\u00e7\u00e3o e neg\u00f3cios\/marketing e publicidade \u2013 gest\u00e3o de marketing (1).<\/p>\n<p class=\"content-text__container \" data-track-category=\"Link no Texto\" data-track-links=\"\"><span style=\"font-family: inherit; font-size: inherit; font-style: inherit; font-variant-ligatures: inherit; font-variant-caps: inherit; font-weight: inherit; text-align: center;\">Se admitido, o profissional atuar\u00e1 em jornada de 4 horas\/aula, com remunera\u00e7\u00e3o de R$ 31,03 por hora\/aula trabalhada.<\/span><\/p>\n<\/div>\n<div class=\"mc-column content-text active-extra-styles \" style=\"text-align: justify;\" data-block-type=\"unstyled\" data-block-weight=\"18\" data-block-id=\"42\">\n<p class=\"content-text__container \" data-track-category=\"Link no Texto\" data-track-links=\"\">Os editais est\u00e3o dispon\u00edveis no\u00a0<a href=\"https:\/\/www.imprensaoficial.com.br\/#16\/10\/2019\" target=\"_blank\" rel=\"noopener noreferrer\">Di\u00e1rio Oficial do Estado de S\u00e3o Paulo<\/a>, na edi\u00e7\u00e3o de 11 de outubro.<\/p>\n<\/div>\n<div class=\"mc-column content-text active-extra-styles\" style=\"text-align: justify;\" data-block-type=\"raw\" data-block-weight=\"3\" data-block-id=\"43\">\n<div class=\"content-intertitle\">\n<h2>Etec \u2013 Adamantina<\/h2>\n<\/div>\n<\/div>\n<div class=\"mc-column content-text active-extra-styles \" style=\"text-align: justify;\" data-block-type=\"unstyled\" data-block-weight=\"29\" data-block-id=\"44\">\n<p class=\"content-text__container \" data-track-category=\"Link no Texto\" data-track-links=\"\">A Escola T\u00e9cnica Estadual (Etec) Engenheiro Herval Bellusci de Adamantina tem 19 processos seletivos com inscri\u00e7\u00f5es abertas para forma\u00e7\u00e3o de cadastro reserva de professores dos ensinos m\u00e9dio e t\u00e9cnico.<\/p>\n<\/div>\n<div class=\"mc-column content-text active-extra-styles \" style=\"text-align: justify;\" data-block-type=\"unstyled\" data-block-weight=\"32\" data-block-id=\"45\">\n<p class=\"content-text__container \" data-track-category=\"Link no Texto\" data-track-links=\"\">Os interessados devem se candidatar at\u00e9 28 de outubro, na Etec da cidade, localizada na Estrada Seis, s\/n, Bairro Boa Vista, em Adamantina, das 9h \u00e0s 12h e das 13h \u00e0s 17h30.<\/p>\n<\/div>\n<div class=\"mc-column content-text active-extra-styles \" style=\"text-align: justify;\" data-block-type=\"unstyled\" data-block-weight=\"22\" data-block-id=\"46\">\n<p class=\"content-text__container \" data-track-category=\"Link no Texto\" data-track-links=\"\">Os editais est\u00e3o dispon\u00edveis no\u00a0<a href=\"https:\/\/www.imprensaoficial.com.br\/#16\/10\/2019\" target=\"_blank\" rel=\"noopener noreferrer\">Di\u00e1rio Oficial do Estado de S\u00e3o Paulo<\/a>, nas edi\u00e7\u00f5es dos dias 9, 10 e 11 de outubro.<\/p>\n<\/div>\n<div class=\"mc-column content-text active-extra-styles\" style=\"text-align: justify;\" data-block-type=\"raw\" data-block-weight=\"210\" data-block-id=\"47\">\n<ul class=\"content-unordered-list\">\n<li>Edital n\u00ba 063\/03\/2019: l\u00edngua portuguesa, literatura e comunica\u00e7\u00e3o profissional\/agropecu\u00e1ria integrado ao ensino m\u00e9dio.<\/li>\n<li>Edital n\u00ba 063\/04\/2019: l\u00edngua estrangeira moderna \u2013 ingl\u00eas e comunica\u00e7\u00e3o profissional\/agropecu\u00e1ria integrado ao ensino m\u00e9dio.<\/li>\n<li>Edital n\u00ba 063\/05\/2019: l\u00edngua estrangeira moderna \u2013 espanhol\/agropecu\u00e1ria integrado ao ensino m\u00e9dio.<\/li>\n<li>Edital n\u00ba 063\/06\/2019: artes\/agropecu\u00e1ria integrado ao ensino m\u00e9dio.<\/li>\n<li>Edital n\u00ba 063\/08\/2019: geografia\/agropecu\u00e1ria integrado ao ensino m\u00e9dio.<\/li>\n<li>Edital n\u00ba 063\/09\/2019: qu\u00edmica\/agropecu\u00e1ria integrado ao ensino m\u00e9dio.<\/li>\n<li>Edital n\u00ba 063\/10\/2019: biologia\/agropecu\u00e1ria integrado ao ensino m\u00e9dio.<\/li>\n<li>Edital n\u00ba 063\/11\/2019: matem\u00e1tica\/agropecu\u00e1ria integrado ao ensino m\u00e9dio.<\/li>\n<li>Edital n\u00ba 063\/12\/2019: gest\u00e3o ambiental\/agropecu\u00e1ria integrado ao ensino m\u00e9dio.<\/li>\n<li>Edital n\u00ba 063\/13\/2019: nutri\u00e7\u00e3o vegetal, adubos e corretivos com pr\u00e1ticas em culturas anuais\/agropecu\u00e1ria integrado ao ensino m\u00e9dio.<\/li>\n<li>Edital n\u00ba 063\/14\/2019: fitossanidade e prote\u00e7\u00e3o de plantas com pr\u00e1ticas em culturas perenes, semiperenes, paisagismo e silvicultura\/agropecu\u00e1ria integrado ao ensino m\u00e9dio.<\/li>\n<li>Edital n\u00ba 063\/15\/2019: levantamento e representa\u00e7\u00e3o topogr\u00e1fica\/agropecu\u00e1ria integrado ao ensino m\u00e9dio.<\/li>\n<li>Edital n\u00ba 063\/16\/2019: sanidade e bem-estar animal com pr\u00e1ticas em pastagens e animais ruminantes\/ agropecu\u00e1ria integrado ao ensino m\u00e9dio.<\/li>\n<li>Edital n\u00ba 063\/17\/2019: uso sustent\u00e1vel do solo e da \u00e1gua\/agropecu\u00e1ria integrado ao ensino m\u00e9dio.<\/li>\n<li>Edital n\u00ba 063\/18\/2019: implanta\u00e7\u00e3o e gest\u00e3o de projetos agropecu\u00e1rios\/agroneg\u00f3cio.<\/li>\n<li>Edital n\u00ba 063\/19\/2019: administra\u00e7\u00e3o de recursos materiais\/agroneg\u00f3cio.<\/li>\n<li>Edital n\u00ba 063\/20\/2019: uso sustent\u00e1vel do solo agr\u00edcola\/agropecu\u00e1ria.<\/li>\n<li>Edital n\u00ba 063\/21\/2019: nutri\u00e7\u00e3o animal, alimentos e alimenta\u00e7\u00e3o\/agropecu\u00e1ria.<\/li>\n<li>Edital n\u00ba 063\/22\/2019: uso sustent\u00e1vel da \u00e1gua\/agropecu\u00e1ria.<\/li>\n<\/ul>\n<\/div>\n<div class=\"mc-column content-text active-extra-styles \" style=\"text-align: justify;\" data-block-type=\"unstyled\" data-block-weight=\"17\" data-block-id=\"49\">\n<p class=\"content-text__container \" data-track-category=\"Link no Texto\" data-track-links=\"\">Os contratados ter\u00e3o remunera\u00e7\u00e3o de R$ 18,35 por hora-aula e carga hor\u00e1ria m\u00e1xima de 200 horas mensais.<\/p>\n<\/div>\n<div class=\"mc-column content-text active-extra-styles \" data-block-type=\"unstyled\" data-block-weight=\"11\" data-block-id=\"50\">\n<p class=\"content-text__container \" style=\"text-align: justify;\" data-track-category=\"Link no Texto\" data-track-links=\"\">As sele\u00e7\u00f5es ocorrer\u00e3o por meio de provas objetiva e de t\u00edtulos.<\/p>\n<p data-track-category=\"Link no Texto\" data-track-links=\"\">Fonte: G1<\/p>\n<\/div>\n<\/div>\n","protected":false},"excerpt":{"rendered":"<p>Est\u00e3o dispon\u00edveis cargos nas \u00e1reas da educa\u00e7\u00e3o e da sa\u00fade. Tamb\u00e9m h\u00e1 oportunidades em outras cidades da regi\u00e3o de Presidente Prudente. Nesta semana, diversos concursos p\u00fablicos e processos seletivos est\u00e3o com inscri\u00e7\u00f5es abertas no Oeste Paulista voltados ao preenchimento de vagas e \u00e0 forma\u00e7\u00e3o de cadastro reserva. As jornadas de trabalho, os benef\u00edcios, as fun\u00e7\u00f5es [&hellip;]<\/p>\n","protected":false},"author":1,"featured_media":9549,"comment_status":"closed","ping_status":"open","sticky":false,"template":"","format":"standard","meta":{"footnotes":""},"categories":[122],"tags":[],"class_list":["post-9548","post","type-post","status-publish","format-standard","has-post-thumbnail","hentry","category-saudeeducacaoeconcurso"],"_links":{"self":[{"href":"https:\/\/jorgezanoni.com.br\/2019\/wp-json\/wp\/v2\/posts\/9548","targetHints":{"allow":["GET"]}}],"collection":[{"href":"https:\/\/jorgezanoni.com.br\/2019\/wp-json\/wp\/v2\/posts"}],"about":[{"href":"https:\/\/jorgezanoni.com.br\/2019\/wp-json\/wp\/v2\/types\/post"}],"author":[{"embeddable":true,"href":"https:\/\/jorgezanoni.com.br\/2019\/wp-json\/wp\/v2\/users\/1"}],"replies":[{"embeddable":true,"href":"https:\/\/jorgezanoni.com.br\/2019\/wp-json\/wp\/v2\/comments?post=9548"}],"version-history":[{"count":0,"href":"https:\/\/jorgezanoni.com.br\/2019\/wp-json\/wp\/v2\/posts\/9548\/revisions"}],"wp:featuredmedia":[{"embeddable":true,"href":"https:\/\/jorgezanoni.com.br\/2019\/wp-json\/wp\/v2\/media\/9549"}],"wp:attachment":[{"href":"https:\/\/jorgezanoni.com.br\/2019\/wp-json\/wp\/v2\/media?parent=9548"}],"wp:term":[{"taxonomy":"category","embeddable":true,"href":"https:\/\/jorgezanoni.com.br\/2019\/wp-json\/wp\/v2\/categories?post=9548"},{"taxonomy":"post_tag","embeddable":true,"href":"https:\/\/jorgezanoni.com.br\/2019\/wp-json\/wp\/v2\/tags?post=9548"}],"curies":[{"name":"wp","href":"https:\/\/api.w.org\/{rel}","templated":true}]}}