{"id":9544,"date":"2019-10-23T23:34:01","date_gmt":"2019-10-23T23:34:01","guid":{"rendered":"https:\/\/jorgezanoni.com.br\/2019\/?p=9544"},"modified":"2019-10-23T23:34:01","modified_gmt":"2019-10-23T23:34:01","slug":"hospital-amaral-carvalho-implementa-medidas-de-seguranca-para-evitar-transmissao-de-sarampo","status":"publish","type":"post","link":"https:\/\/jorgezanoni.com.br\/2019\/hospital-amaral-carvalho-implementa-medidas-de-seguranca-para-evitar-transmissao-de-sarampo\/","title":{"rendered":"Hospital Amaral Carvalho implementa medidas de seguran\u00e7a para evitar transmiss\u00e3o de sarampo"},"content":{"rendered":"<h2 class=\"jeg_post_subtitle\" style=\"text-align: justify;\"><strong>Uso de m\u00e1scaras nas depend\u00eancias da institui\u00e7\u00e3o e suspens\u00e3o tempor\u00e1ria de atividades eletivas (n\u00e3o urgentes) s\u00e3o algumas das a\u00e7\u00f5es preventivas; funcion\u00e1rios com sintomas da doen\u00e7a foram afastados.<\/strong><\/h2>\n<p><img loading=\"lazy\" decoding=\"async\" class=\"alignnone size-full wp-image-9545\" src=\"https:\/\/jorgezanoni.com.br\/2019\/wp-content\/uploads\/2019\/10\/dr..jpg\" alt=\"\" width=\"585\" height=\"375\" srcset=\"https:\/\/jorgezanoni.com.br\/2019\/wp-content\/uploads\/2019\/10\/dr..jpg 585w, https:\/\/jorgezanoni.com.br\/2019\/wp-content\/uploads\/2019\/10\/dr.-300x192.jpg 300w\" sizes=\"auto, (max-width: 585px) 100vw, 585px\" \/><\/p>\n<p class=\"wp-caption-text\" style=\"text-align: justify;\">De acordo com o infectologista e gerente de riscos do HAC, Jo\u00e3o Gabriel Soares de Campos e Silva, para garantir a seguran\u00e7a dos pacientes e funcion\u00e1rios, desde agosto o HAC vem realizando atividades de precau\u00e7\u00e3o e controle do sarampo (cr\u00e9dito foto: Fernando Schwarz)<\/p>\n<p style=\"text-align: justify;\">Diante do crescente n\u00famero de pessoas com suspeita de sarampo nos \u00faltimos meses, o\u00a0<strong>Hospital Amaral Carvalho<\/strong>\u00a0(<strong>HAC<\/strong>), refer\u00eancia em tratamento de c\u00e2ncer e transplantes de medula \u00f3ssea, implementou medidas para evitar a transmiss\u00e3o da doen\u00e7a que se espalha pelo ar atrav\u00e9s de got\u00edculas respirat\u00f3rias produzidas ao tossir ou espirrar. Ontem (22\/out), a institui\u00e7\u00e3o anunciou a suspens\u00e3o tempor\u00e1ria de atividades eletivas (n\u00e3o urgentes) como uma das a\u00e7\u00f5es preventivas.<\/p>\n<p style=\"text-align: justify;\">De acordo com o infectologista e gerente de riscos do HAC, Jo\u00e3o Gabriel Soares de Campos e Silva, para garantir a seguran\u00e7a dos pacientes e funcion\u00e1rios, desde agosto o HAC vem realizando atividades de precau\u00e7\u00e3o e controle do sarampo. \u201cCome\u00e7ando por uma campanha interna de vacina\u00e7\u00e3o entre os funcion\u00e1rios e seguindo criteriosamente os protocolos de bloqueio preconizados pela Vigil\u00e2ncia Epidemiol\u00f3gica da Secretaria de Sa\u00fade do Estado de S\u00e3o Paulo\u201d.<\/p>\n<p style=\"text-align: justify;\">Nesta semana, funcion\u00e1rios com algum sintoma suspeito da doen\u00e7a foram afastados e, com a confirma\u00e7\u00e3o de apenas um caso, novas medidas foram incorporadas \u00e0 rotina do hospital, como o uso obrigat\u00f3rio de m\u00e1scaras e intensifica\u00e7\u00e3o da orienta\u00e7\u00e3o de lavagem das m\u00e3os com frequ\u00eancia. Tamb\u00e9m foram suspensos cerca de 90% dos atendimentos eletivos dos pr\u00f3ximos dias, como exames, consultas e procedimentos n\u00e3o urgentes. \u201cTomamos essa decis\u00e3o espontaneamente para preservar a sa\u00fade de nossos pacientes e funcion\u00e1rios. O objetivo \u00e9 diminuir ao m\u00e1ximo a circula\u00e7\u00e3o de pessoas e do v\u00edrus do sarampo\u201d, comenta o m\u00e9dico.<\/p>\n<p style=\"text-align: justify;\">Os casos de emerg\u00eancia continuam sendo atendidos normalmente. As equipes de Ger\u00eancia de Riscos, Servi\u00e7o de Controle de Infec\u00e7\u00e3o Hospitalar e Medicina do Trabalho est\u00e3o avaliando diariamente o cen\u00e1rio e aguardando resultados dos exames sorol\u00f3gicos dos suspeitos para tomada de novas decis\u00f5es. \u201cNa pr\u00f3xima segunda-feira, j\u00e1 deveremos ter um quadro bem mais claro para decidir os pr\u00f3ximos passos\u201d, afirma o infectologista.<\/p>\n<p style=\"text-align: justify;\">O especialista ressalta que, at\u00e9 o momento, nenhum paciente apresentou sintomas de sarampo e que as iniciativas levam em considera\u00e7\u00e3o os cuidados especiais aos usu\u00e1rios, que t\u00eam baixa imunidade e requerem maior cuidado. \u201cEstamos aplicando doses de imunoglobulina, que ajuda a aumentar a imunidade dos pacientes, visando a prote\u00e7\u00e3o contra v\u00edrus e bact\u00e9rias\u201d.<\/p>\n<p style=\"text-align: justify;\"><strong>I<em>nforme t\u00e9cnico de alerta sobre sarampo \u2013 Centro de Vigil\u00e2ncia Epidemiol\u00f3gica Prof. Alexandre Vranjac<\/em><\/strong><\/p>\n<p style=\"text-align: justify;\">O sarampo \u00e9 uma doen\u00e7a viral aguda, altamente contagiosa, que come\u00e7a com febre, tosse, coriza, conjuntivite e manchas avermelhadas na pele (exantema maculopapular). O sarampo pode evoluir com complica\u00e7\u00f5es entre crian\u00e7as menores de cinco anos de idade, sobretudo nas desnutridas, em adultos maiores de 20 anos, em indiv\u00edduos com imunodepress\u00e3o ou em condi\u00e7\u00f5es de vulnerabilidade e gestantes. As complica\u00e7\u00f5es que podem ocorrer s\u00e3o a otite m\u00e9dia, broncopneumonia, diarreia, encefalite, trabalho de parto prematuro e baixo peso ao nascer. O \u00f3bito \u00e9 decorrente de complica\u00e7\u00f5es, especialmente a pneumonia e a encefalite. A transmiss\u00e3o \u00e9 direta de pessoa a pessoa, por meio das secre\u00e7\u00f5es expelidas pelo doente ao tossir, respirar, falar ou espirrar e que permanecem dispersas no ar, principalmente em ambientes fechados como, por exemplo: escolas, creches, cl\u00ednicas, meios de transporte. As pessoas infectadas s\u00e3o geralmente contagiosas cerca de 6 dias antes do aparecimento da erup\u00e7\u00e3o cut\u00e2nea at\u00e9 4 dias depois. Os sintomas aparecem em m\u00e9dia de dez a 12 dias desde a data da exposi\u00e7\u00e3o. A vacina tr\u00edplice viral \u00e9 a medida de preven\u00e7\u00e3o mais eficaz contra o sarampo, protegendo tamb\u00e9m contra a rub\u00e9ola e a caxumba.<\/p>\n<p style=\"text-align: justify;\">Fonte: Assessoria de Imprensa<\/p>\n<div class=\"code-block code-block-8\">\n<div class=\"ai-rotate ai-8\" data-info=\"WzgsMl0=\" data-next=\"1\">\n<div class=\"ai-rotate-option\" style=\"text-align: justify;\" data-name=\"QURTIFBvcnRhbA==\" data-time=\"MjA=\"><\/div>\n<\/div>\n<\/div>\n","protected":false},"excerpt":{"rendered":"<p>Uso de m\u00e1scaras nas depend\u00eancias da institui\u00e7\u00e3o e suspens\u00e3o tempor\u00e1ria de atividades eletivas (n\u00e3o urgentes) s\u00e3o algumas das a\u00e7\u00f5es preventivas; funcion\u00e1rios com sintomas da doen\u00e7a foram afastados. De acordo com o infectologista e gerente de riscos do HAC, Jo\u00e3o Gabriel Soares de Campos e Silva, para garantir a seguran\u00e7a dos pacientes e funcion\u00e1rios, desde agosto [&hellip;]<\/p>\n","protected":false},"author":1,"featured_media":9546,"comment_status":"closed","ping_status":"open","sticky":false,"template":"","format":"standard","meta":{"footnotes":""},"categories":[110,122],"tags":[],"class_list":["post-9544","post","type-post","status-publish","format-standard","has-post-thumbnail","hentry","category-noticiasdestaque","category-saudeeducacaoeconcurso"],"_links":{"self":[{"href":"https:\/\/jorgezanoni.com.br\/2019\/wp-json\/wp\/v2\/posts\/9544","targetHints":{"allow":["GET"]}}],"collection":[{"href":"https:\/\/jorgezanoni.com.br\/2019\/wp-json\/wp\/v2\/posts"}],"about":[{"href":"https:\/\/jorgezanoni.com.br\/2019\/wp-json\/wp\/v2\/types\/post"}],"author":[{"embeddable":true,"href":"https:\/\/jorgezanoni.com.br\/2019\/wp-json\/wp\/v2\/users\/1"}],"replies":[{"embeddable":true,"href":"https:\/\/jorgezanoni.com.br\/2019\/wp-json\/wp\/v2\/comments?post=9544"}],"version-history":[{"count":0,"href":"https:\/\/jorgezanoni.com.br\/2019\/wp-json\/wp\/v2\/posts\/9544\/revisions"}],"wp:featuredmedia":[{"embeddable":true,"href":"https:\/\/jorgezanoni.com.br\/2019\/wp-json\/wp\/v2\/media\/9546"}],"wp:attachment":[{"href":"https:\/\/jorgezanoni.com.br\/2019\/wp-json\/wp\/v2\/media?parent=9544"}],"wp:term":[{"taxonomy":"category","embeddable":true,"href":"https:\/\/jorgezanoni.com.br\/2019\/wp-json\/wp\/v2\/categories?post=9544"},{"taxonomy":"post_tag","embeddable":true,"href":"https:\/\/jorgezanoni.com.br\/2019\/wp-json\/wp\/v2\/tags?post=9544"}],"curies":[{"name":"wp","href":"https:\/\/api.w.org\/{rel}","templated":true}]}}