{"id":95413,"date":"2025-06-11T00:03:43","date_gmt":"2025-06-11T00:03:43","guid":{"rendered":"https:\/\/jorgezanoni.com.br\/2019\/?p=95413"},"modified":"2025-06-11T00:03:43","modified_gmt":"2025-06-11T00:03:43","slug":"policia-civil-identifica-suspeito-de-tentativa-de-roubo-em-loja-de-conveniencia-em-dracena","status":"publish","type":"post","link":"https:\/\/jorgezanoni.com.br\/2019\/policia-civil-identifica-suspeito-de-tentativa-de-roubo-em-loja-de-conveniencia-em-dracena\/","title":{"rendered":"Pol\u00edcia Civil identifica suspeito de tentativa de roubo em loja de conveni\u00eancia em Dracena"},"content":{"rendered":"<p style=\"text-align: justify;\">A Pol\u00edcia Civil do Estado de S\u00e3o Paulo, por interm\u00e9dio das Unidades Especializadas da DIG\/DISE de Dracena, identificou e esclareceu, nesta segunda-feira (9), a autoria de uma tentativa de roubo ocorrida na noite do \u00faltimo s\u00e1bado (7), em uma loja de conveni\u00eancia localizada na Rua Martim Afonso, no bairro Vila Barros.<\/p>\n<p style=\"text-align: justify;\">O suspeito, um homem de 55 anos, foi localizado e confessou o crime durante interrogat\u00f3rio. As roupas utilizadas na a\u00e7\u00e3o criminosa, bem como o ve\u00edculo usado na fuga, foram localizados e apreendidas.<\/p>\n<p style=\"text-align: justify;\">A investiga\u00e7\u00e3o teve in\u00edcio imediatamente ap\u00f3s o registro do boletim de ocorr\u00eancia no Plant\u00e3o da Pol\u00edcia Judici\u00e1ria &#8211; CPJ. A v\u00edtima, um comerciante de 67 anos, relatou que, enquanto estava no caixa do estabelecimento, foi surpreendida por um indiv\u00edduo trajando blusa de moletom branca com detalhes pretos, bermuda escura, capuz, m\u00e1scara e com cabelo claro.<\/p>\n<p style=\"text-align: justify;\">O suspeito, magro e de estatura mediana (aproximadamente 1,75m), portava uma faca e anunciou o assalto com a frase: &#8220;PASSA O DINHEIRO&#8221;, aproximando a arma na v\u00edtima. Diante da amea\u00e7a, o comerciante reagiu e lan\u00e7ou duas garrafas em dire\u00e7\u00e3o ao autor, que fugiu do local e entrou em um ve\u00edculo, tomando rumo ignorado.<\/p>\n<p style=\"text-align: justify;\">Com base nas informa\u00e7\u00f5es fornecidas pela v\u00edtima, os policiais civis realizaram dilig\u00eancias de campo e pesquisas em sistemas informatizados, o que possibilitou a identifica\u00e7\u00e3o e localiza\u00e7\u00e3o do suspeito e do ve\u00edculo envolvido.<\/p>\n<p style=\"text-align: justify;\">O investigado foi conduzido \u00e0 sede das Unidades Especializadas, onde confessou o crime e declarou estar arrependido, afirmando n\u00e3o saber o que o motivou a agir daquela forma.<\/p>\n<p style=\"text-align: justify;\">Em nova dilig\u00eancia na resid\u00eancia do acusado, foram localizadas e apreendidas as vestimentas utilizadas no momento da tentativa de roubo. A faca empregada na a\u00e7\u00e3o, contudo, n\u00e3o foi encontrada. Tamb\u00e9m foram apreendidos o aparelho celular e o ve\u00edculo do suspeito, que passar\u00e3o por per\u00edcia t\u00e9cnica.<\/p>\n<p style=\"text-align: justify;\">Ap\u00f3s a formaliza\u00e7\u00e3o do depoimento, o homem foi liberado, por n\u00e3o se encontrar em situa\u00e7\u00e3o de flagrante e ausentes os requisitos legais para a decreta\u00e7\u00e3o de sua pris\u00e3o preventiva.<\/p>\n<p style=\"text-align: justify;\">A Pol\u00edcia Civil dar\u00e1 continuidade \u00e0 investiga\u00e7\u00e3o, com o envio dos autos ao Poder Judici\u00e1rio, reafirmando seu compromisso com a pronta resposta \u00e0 criminalidade e com a promo\u00e7\u00e3o da seguran\u00e7a p\u00fablica em Dracena e regi\u00e3o.<\/p>\n<p><img loading=\"lazy\" decoding=\"async\" class=\"alignnone size-full wp-image-95414\" src=\"https:\/\/jorgezanoni.com.br\/2019\/wp-content\/uploads\/2025\/06\/zzdra1-Pequeno.jpg\" alt=\"\" width=\"640\" height=\"480\" srcset=\"https:\/\/jorgezanoni.com.br\/2019\/wp-content\/uploads\/2025\/06\/zzdra1-Pequeno.jpg 640w, https:\/\/jorgezanoni.com.br\/2019\/wp-content\/uploads\/2025\/06\/zzdra1-Pequeno-300x225.jpg 300w, https:\/\/jorgezanoni.com.br\/2019\/wp-content\/uploads\/2025\/06\/zzdra1-Pequeno-80x60.jpg 80w, https:\/\/jorgezanoni.com.br\/2019\/wp-content\/uploads\/2025\/06\/zzdra1-Pequeno-265x198.jpg 265w, https:\/\/jorgezanoni.com.br\/2019\/wp-content\/uploads\/2025\/06\/zzdra1-Pequeno-560x420.jpg 560w\" sizes=\"auto, (max-width: 640px) 100vw, 640px\" \/><\/p>\n<p>Fonte: Com. Social Pol\u00edcia Civil<\/p>\n","protected":false},"excerpt":{"rendered":"<p>A Pol\u00edcia Civil do Estado de S\u00e3o Paulo, por interm\u00e9dio das Unidades Especializadas da DIG\/DISE de Dracena, identificou e esclareceu, nesta segunda-feira (9), a autoria de uma tentativa de roubo ocorrida na noite do \u00faltimo s\u00e1bado (7), em uma loja de conveni\u00eancia localizada na Rua Martim Afonso, no bairro Vila Barros. O suspeito, um homem [&hellip;]<\/p>\n","protected":false},"author":1,"featured_media":95415,"comment_status":"closed","ping_status":"open","sticky":false,"template":"","format":"standard","meta":{"footnotes":""},"categories":[110,2],"tags":[],"class_list":["post-95413","post","type-post","status-publish","format-standard","has-post-thumbnail","hentry","category-noticiasdestaque","category-policial"],"_links":{"self":[{"href":"https:\/\/jorgezanoni.com.br\/2019\/wp-json\/wp\/v2\/posts\/95413","targetHints":{"allow":["GET"]}}],"collection":[{"href":"https:\/\/jorgezanoni.com.br\/2019\/wp-json\/wp\/v2\/posts"}],"about":[{"href":"https:\/\/jorgezanoni.com.br\/2019\/wp-json\/wp\/v2\/types\/post"}],"author":[{"embeddable":true,"href":"https:\/\/jorgezanoni.com.br\/2019\/wp-json\/wp\/v2\/users\/1"}],"replies":[{"embeddable":true,"href":"https:\/\/jorgezanoni.com.br\/2019\/wp-json\/wp\/v2\/comments?post=95413"}],"version-history":[{"count":1,"href":"https:\/\/jorgezanoni.com.br\/2019\/wp-json\/wp\/v2\/posts\/95413\/revisions"}],"predecessor-version":[{"id":95416,"href":"https:\/\/jorgezanoni.com.br\/2019\/wp-json\/wp\/v2\/posts\/95413\/revisions\/95416"}],"wp:featuredmedia":[{"embeddable":true,"href":"https:\/\/jorgezanoni.com.br\/2019\/wp-json\/wp\/v2\/media\/95415"}],"wp:attachment":[{"href":"https:\/\/jorgezanoni.com.br\/2019\/wp-json\/wp\/v2\/media?parent=95413"}],"wp:term":[{"taxonomy":"category","embeddable":true,"href":"https:\/\/jorgezanoni.com.br\/2019\/wp-json\/wp\/v2\/categories?post=95413"},{"taxonomy":"post_tag","embeddable":true,"href":"https:\/\/jorgezanoni.com.br\/2019\/wp-json\/wp\/v2\/tags?post=95413"}],"curies":[{"name":"wp","href":"https:\/\/api.w.org\/{rel}","templated":true}]}}