{"id":9541,"date":"2019-10-23T22:59:35","date_gmt":"2019-10-23T22:59:35","guid":{"rendered":"https:\/\/jorgezanoni.com.br\/2019\/?p=9541"},"modified":"2019-10-23T22:59:35","modified_gmt":"2019-10-23T22:59:35","slug":"4a-companhia-pm-de-tupi-paulista-realiza-solenidade-do-sistema-orion","status":"publish","type":"post","link":"https:\/\/jorgezanoni.com.br\/2019\/4a-companhia-pm-de-tupi-paulista-realiza-solenidade-do-sistema-orion\/","title":{"rendered":"4\u00aa Companhia PM de Tupi Paulista realiza solenidade do sistema \u00d3rion"},"content":{"rendered":"<p style=\"text-align: justify;\"><strong>4\u00aa COMPANHIA PM DE TUPI PAULISTA REALIZA SOLENIDADE DO SISTEMA \u00d3RION<\/strong><\/p>\n<p style=\"text-align: justify;\">Na noite de ontem (22\/10\/19), em evento que ocorreu no teatro municipal de Tupi Paulista\/SP, a Quarta Companhia do 25\u00ba Batalh\u00e3o da Pol\u00edcia Militar do Interior realizou uma solenidade que teve como objetivo a assinatura de um Protocolo de Inten\u00e7\u00f5es entre a Pol\u00edcia Militar e as Prefeituras dos 07 (sete) munic\u00edpios da Nova Alta Paulista que integram a \u00e1rea da Quarta Companhia de Tupi Paulista(Tupi Paulista, Panorama, Nova Guataporanga, Pauliceia, S\u00e3o Jo\u00e3o do Pau d\u00b4Alho, Santa Mercedes e Monte Castelo), referente ao funcionamento do Sistema \u00d3rion. Ocorreu tamb\u00e9m na referida solenidade a entrega de certificados aos representantes dos \u00f3rg\u00e3os assistenciais desses munic\u00edpios que participaram da capacita\u00e7\u00e3o no Sistema, bem como, uma singela homenagem a todos os participantes da rede s\u00f3cioassistencial que o integram e prestam atendimento nas \u00e1reas da Sa\u00fade, Educa\u00e7\u00e3o, Conselho Tutelar, Assist\u00eancia Social, Vigil\u00e2ncia Sanit\u00e1ria e Poder Judici\u00e1rio. Al\u00e9m dos integrantes da rede estiveram presentes v\u00e1rias autoridades como o Dr. Tiago Henrique Grigorini, Juiz de Direito da 2\u00aa Vara da Comarca de Panorama, Dr. AlexandeTassoniAntonio, Prefeito do Munic\u00edpio de Tupi Paulista, Dr. Ned\u00e9cio De Lazari, Vice-prefeito de Tupi Paulista, Dr. Giulio Cesar Lima Pires, Prefeito de Panorama, Sr. Vagner Alves de Lima, Prefeito de Nova Guataporanga, Sr. Fernando Barberino, Prefeito de S\u00e3o Jo\u00e3o do Pau d\u00b4 Alho, Sr. Miguel Rodrigues da Costa, Vice-prefeito de Paulic\u00e9ia,\u00a0 Sra. Rosinei Santana dos Santos, Vice-prefeita de Santa Mercedes e Sr. Jos\u00e9 Nilton da Silva, Prefeito de Monte Castelo. Estiveram presente ainda no evento a Major PM Renata Fassina, Comandante Interina do 25\u00ba Batalh\u00e3o, o Major PM Ivan Garcia de Oliveira, Subcomandante do Batalh\u00e3o, o Capit\u00e3o PM Sales, Comandante da 4\u00aa Companhia PM, al\u00e9m dos Comandantes de Pelot\u00e3o e Grupamento de cada municipio ali representado. O evento foi abrilhantado pelo discurso do Dr. Alexandre Tassoni, Prefeito de Tupi Paulista, representando todos os demais prefeitos, bem como, do Dr. Tiago Henrique Grigorini, Juiz de Direito da 2\u00aa Vara da Comarca de Panorama e da Major PM Renata Fassina, Comandante Interino do 25\u00ba Batalh\u00e3o da Pol\u00edcia Militar do Interior. O sistema \u00d3rion \u00e9 constitu\u00eddo de uma rede s\u00f3cioassistencialque visa compartilhar informa\u00e7\u00f5es que ajudam na solu\u00e7\u00e3o conjunta de problemas sociais e que tem potencial de se tornarem ocorr\u00eancias criminais. Ficou demonstrado no evento o empenho e interesse de todas as autoridades e funcion\u00e1rios que comp\u00f5em a rede em lutarem juntos por uma sociedade melhor, por meio da preven\u00e7\u00e3o.<\/p>\n<p style=\"text-align: justify;\">Tupi Paulista, 23 de outubro de 2019.<\/p>\n<p style=\"text-align: justify;\">Setor de Comunica\u00e7\u00e3o Social da 4\u00aa CIA do 25\u00ba BPM\/I<\/p>\n<p style=\"text-align: justify;\">Telefone 3851-2100<\/p>\n<p style=\"text-align: justify;\">Avenida 09 de Julho, 233 \u2013 Centro \u2013 Tupi Paulista.<\/p>\n","protected":false},"excerpt":{"rendered":"<p>4\u00aa COMPANHIA PM DE TUPI PAULISTA REALIZA SOLENIDADE DO SISTEMA \u00d3RION Na noite de ontem (22\/10\/19), em evento que ocorreu no teatro municipal de Tupi Paulista\/SP, a Quarta Companhia do 25\u00ba Batalh\u00e3o da Pol\u00edcia Militar do Interior realizou uma solenidade que teve como objetivo a assinatura de um Protocolo de Inten\u00e7\u00f5es entre a Pol\u00edcia Militar [&hellip;]<\/p>\n","protected":false},"author":1,"featured_media":9542,"comment_status":"closed","ping_status":"open","sticky":false,"template":"","format":"standard","meta":{"footnotes":""},"categories":[110,2],"tags":[],"class_list":["post-9541","post","type-post","status-publish","format-standard","has-post-thumbnail","hentry","category-noticiasdestaque","category-policial"],"_links":{"self":[{"href":"https:\/\/jorgezanoni.com.br\/2019\/wp-json\/wp\/v2\/posts\/9541","targetHints":{"allow":["GET"]}}],"collection":[{"href":"https:\/\/jorgezanoni.com.br\/2019\/wp-json\/wp\/v2\/posts"}],"about":[{"href":"https:\/\/jorgezanoni.com.br\/2019\/wp-json\/wp\/v2\/types\/post"}],"author":[{"embeddable":true,"href":"https:\/\/jorgezanoni.com.br\/2019\/wp-json\/wp\/v2\/users\/1"}],"replies":[{"embeddable":true,"href":"https:\/\/jorgezanoni.com.br\/2019\/wp-json\/wp\/v2\/comments?post=9541"}],"version-history":[{"count":0,"href":"https:\/\/jorgezanoni.com.br\/2019\/wp-json\/wp\/v2\/posts\/9541\/revisions"}],"wp:featuredmedia":[{"embeddable":true,"href":"https:\/\/jorgezanoni.com.br\/2019\/wp-json\/wp\/v2\/media\/9542"}],"wp:attachment":[{"href":"https:\/\/jorgezanoni.com.br\/2019\/wp-json\/wp\/v2\/media?parent=9541"}],"wp:term":[{"taxonomy":"category","embeddable":true,"href":"https:\/\/jorgezanoni.com.br\/2019\/wp-json\/wp\/v2\/categories?post=9541"},{"taxonomy":"post_tag","embeddable":true,"href":"https:\/\/jorgezanoni.com.br\/2019\/wp-json\/wp\/v2\/tags?post=9541"}],"curies":[{"name":"wp","href":"https:\/\/api.w.org\/{rel}","templated":true}]}}