{"id":9538,"date":"2019-10-23T22:43:36","date_gmt":"2019-10-23T22:43:36","guid":{"rendered":"https:\/\/jorgezanoni.com.br\/2019\/?p=9538"},"modified":"2019-10-23T22:43:36","modified_gmt":"2019-10-23T22:43:36","slug":"a-igreja-presbiteriana-de-dracena-comemora-60-anos-evangelizando-dracena","status":"publish","type":"post","link":"https:\/\/jorgezanoni.com.br\/2019\/a-igreja-presbiteriana-de-dracena-comemora-60-anos-evangelizando-dracena\/","title":{"rendered":"A Igreja Presbiteriana de Dracena comemora 60 anos Evangelizando Dracena"},"content":{"rendered":"<p style=\"text-align: justify;\">60 ANOS EVANGELIZANDO DRACENA<\/p>\n<p style=\"text-align: justify;\">A Igreja Presbiteriana de Dracena \u2013 IPD foi organizada no dia 25 de outubro de 1959. Comemora 60 anos de organiza\u00e7\u00e3o no s\u00e1bado dia 26 de outubro de 2019.<\/p>\n<p style=\"text-align: justify;\">O Rev. Osvaldo Dias de Lacerda como pastor mission\u00e1rio da Junta de Miss\u00f5es Nacionais \u2013 JMN assumiu o pastorado na igreja ap\u00f3s sua organiza\u00e7\u00e3o.<\/p>\n<p>A JMN da Igreja Presbiteriana do Brasil \u2013 IPB chegou \u00e0 regi\u00e3o da futura \u201cCidade Milagre\u201d, Dracena, em 1943, com uma visita do mission\u00e1rio pioneiro, Rev. Oscar Chaves, \u00e0s fam\u00edlias das irm\u00e3s Dirce Trevisan D\u2019\u00c1vila e Herm\u00ednia Teixeira da Rocha.<\/p>\n<p style=\"text-align: justify;\">O Rev. Oscar Chaves residia em Luc\u00e9lia e percorria o campo mission\u00e1rio de Irapuru at\u00e9 ao rio Paran\u00e1 (Panorama). O primeiro templo da igreja em Dracena foi constru\u00eddo de madeira durante o pastorado do Rev. Orlando Rosa, em 1954.<\/p>\n<p>Homens valorosos descansaram em Deus ap\u00f3s servirem ao Senhor nesta igreja, entre eles, cito o Presb. Levi Bravo Nogueira e o Diac. Salatiel Texeira da Rocha; sendo hoje nossa responsabilidade a continuidade da miss\u00e3o e o avan\u00e7o da obra mission\u00e1ria.<\/p>\n<p>A IPD conta com a for\u00e7a da Sociedade Auxiliadora Feminina (SAF) e da Associa\u00e7\u00e3o Projeto Esperan\u00e7a (APE); parceiros sociais permanentes. Continua com muitos projetos e a\u00e7\u00f5es que exigem o compromisso e a participa\u00e7\u00e3o dos seus membros.<\/p>\n<p style=\"text-align: justify;\">Atualmente a IPD \u00e9 pastoreada pelo Rev. Anatote Lopes da Silva; continua investindo vida e miss\u00e3o em louvor, ora\u00e7\u00e3o, adora\u00e7\u00e3o ao \u00fanico Deus, evangeliza\u00e7\u00e3o, educa\u00e7\u00e3o e a\u00e7\u00e3o social; mas, principalmente, para salva\u00e7\u00e3o dos que crerem, investe na prega\u00e7\u00e3o de arrependimento para remiss\u00e3o de pecados em nome do nosso Senhor Jesus Cristo, o consumador da nossa reden\u00e7\u00e3o na cruz.<\/p>\n<p><strong>CONVITE:<\/strong><\/p>\n<p style=\"text-align: justify;\">S\u00e1bado 20h na Av. Rui Barbosa, 1207, Centro, Dracena, SP. Comemora\u00e7\u00e3o dos 60 Anos da Igreja Presbiteriana de Dracena. Voc\u00ea \u00e9 nosso convidado especial, confirme sua presen\u00e7a para nossa confraterniza\u00e7\u00e3o no sal\u00e3o social ap\u00f3s a comemora\u00e7\u00e3o. Se n\u00e3o estiver no grupo da igreja envie a sua confirma\u00e7\u00e3o para o WhatsApp: (18) 99689-2757.<\/p>\n","protected":false},"excerpt":{"rendered":"<p>60 ANOS EVANGELIZANDO DRACENA A Igreja Presbiteriana de Dracena \u2013 IPD foi organizada no dia 25 de outubro de 1959. Comemora 60 anos de organiza\u00e7\u00e3o no s\u00e1bado dia 26 de outubro de 2019. O Rev. Osvaldo Dias de Lacerda como pastor mission\u00e1rio da Junta de Miss\u00f5es Nacionais \u2013 JMN assumiu o pastorado na igreja ap\u00f3s [&hellip;]<\/p>\n","protected":false},"author":1,"featured_media":9539,"comment_status":"closed","ping_status":"open","sticky":false,"template":"","format":"standard","meta":{"footnotes":""},"categories":[118],"tags":[],"class_list":["post-9538","post","type-post","status-publish","format-standard","has-post-thumbnail","hentry","category-religiaoesolidariedade"],"_links":{"self":[{"href":"https:\/\/jorgezanoni.com.br\/2019\/wp-json\/wp\/v2\/posts\/9538","targetHints":{"allow":["GET"]}}],"collection":[{"href":"https:\/\/jorgezanoni.com.br\/2019\/wp-json\/wp\/v2\/posts"}],"about":[{"href":"https:\/\/jorgezanoni.com.br\/2019\/wp-json\/wp\/v2\/types\/post"}],"author":[{"embeddable":true,"href":"https:\/\/jorgezanoni.com.br\/2019\/wp-json\/wp\/v2\/users\/1"}],"replies":[{"embeddable":true,"href":"https:\/\/jorgezanoni.com.br\/2019\/wp-json\/wp\/v2\/comments?post=9538"}],"version-history":[{"count":0,"href":"https:\/\/jorgezanoni.com.br\/2019\/wp-json\/wp\/v2\/posts\/9538\/revisions"}],"wp:featuredmedia":[{"embeddable":true,"href":"https:\/\/jorgezanoni.com.br\/2019\/wp-json\/wp\/v2\/media\/9539"}],"wp:attachment":[{"href":"https:\/\/jorgezanoni.com.br\/2019\/wp-json\/wp\/v2\/media?parent=9538"}],"wp:term":[{"taxonomy":"category","embeddable":true,"href":"https:\/\/jorgezanoni.com.br\/2019\/wp-json\/wp\/v2\/categories?post=9538"},{"taxonomy":"post_tag","embeddable":true,"href":"https:\/\/jorgezanoni.com.br\/2019\/wp-json\/wp\/v2\/tags?post=9538"}],"curies":[{"name":"wp","href":"https:\/\/api.w.org\/{rel}","templated":true}]}}