{"id":9531,"date":"2019-10-23T17:22:36","date_gmt":"2019-10-23T17:22:36","guid":{"rendered":"https:\/\/jorgezanoni.com.br\/2019\/?p=9531"},"modified":"2019-10-23T17:22:36","modified_gmt":"2019-10-23T17:22:36","slug":"rapaz-fica-ferido-ao-tentar-desviar-de-tamandua-bandeira-bater-em-barranco-e-capotar-veiculo-na-sp-294","status":"publish","type":"post","link":"https:\/\/jorgezanoni.com.br\/2019\/rapaz-fica-ferido-ao-tentar-desviar-de-tamandua-bandeira-bater-em-barranco-e-capotar-veiculo-na-sp-294\/","title":{"rendered":"Rapaz fica ferido ao tentar desviar de tamandu\u00e1-bandeira, bater em barranco e capotar ve\u00edculo na SP-294"},"content":{"rendered":"<h2 class=\"content-head__subtitle\" style=\"text-align: justify;\"><strong>Motorista contou \u00e0 pol\u00edcia que animal j\u00e1 estava morto quando chegou ao trecho. Acidente foi registrado em Dracena, na noite desta ter\u00e7a-feira (22).<\/strong><\/h2>\n<div class=\"mc-column content-text active-extra-styles \" data-block-type=\"unstyled\" data-block-weight=\"45\" data-block-id=\"2\">\n<p class=\"content-text__container \" style=\"text-align: justify;\" data-track-category=\"Link no Texto\" data-track-links=\"\">Um rapaz de 20 anos ficou ferido ap\u00f3s tentar desviar de um tamandu\u00e1-bandeira que estava morto no meio da pista, bater em barranco e capotar o ve\u00edculo. O acidente foi na noite desta ter\u00e7a-feira (22), na Rodovia Comandante Jo\u00e3o Ribeiro de Barros (SP-294), em Dracena.<\/p>\n<\/div>\n<div class=\"wall protected-content\">\n<div class=\"mc-column content-text active-extra-styles \" style=\"text-align: justify;\" data-block-type=\"unstyled\" data-block-weight=\"42\" data-block-id=\"3\">\n<p class=\"content-text__container \" data-track-category=\"Link no Texto\" data-track-links=\"\">De acordo com a Pol\u00edcia Militar Rodovi\u00e1ria, o motorista alegou que trafegava no sentido Junqueir\u00f3polis \u2013 Tupi Paulista quando se deparou com o tamandu\u00e1 em meio \u00e0 pista. Ele tentou desviar do animal, mas chocou-se contra um barranco e capotou o carro.<\/p>\n<\/div>\n<div class=\"mc-column content-text active-extra-styles \" style=\"text-align: justify;\" data-block-type=\"unstyled\" data-block-weight=\"15\" data-block-id=\"4\">\n<p class=\"content-text__container \" data-track-category=\"Link no Texto\" data-track-links=\"\">O homem sofreu ferimentos de natureza leve e foi levado para o Pronto-socorro de Dracena.<\/p>\n<\/div>\n<div class=\"mc-column content-text active-extra-styles \" style=\"text-align: justify;\" data-block-type=\"unstyled\" data-block-weight=\"23\" data-block-id=\"5\">\n<p class=\"content-text__container \" data-track-category=\"Link no Texto\" data-track-links=\"\">Equipes do Departamento de Estrada de Rodagem (DER) retiraram o animal \u2013 adulto e de grande porte \u2013 da pista e o enterraram.<\/p>\n<\/div>\n<div class=\"mc-column content-text active-extra-styles\" style=\"text-align: justify;\" data-block-type=\"raw\" data-block-weight=\"1\" data-block-id=\"6\">\n<div class=\"content-intertitle\">\n<h2>Inset\u00edvoro<\/h2>\n<\/div>\n<\/div>\n<div class=\"mc-column content-text active-extra-styles \" style=\"text-align: justify;\" data-block-type=\"unstyled\" data-block-weight=\"26\" data-block-id=\"7\">\n<p class=\"content-text__container \" data-track-category=\"Link no Texto\" data-track-links=\"\">O\u00a0<a href=\"http:\/\/faunaeflora.terradagente.g1.globo.com\/fauna\/mamiferos\/NOT,0,0,1223007,Tamandua-bandeira.aspx\" target=\"_blank\" rel=\"noopener noreferrer\">tamandu\u00e1-bandeira (<em>Myrmecophaga tridactyla<\/em>)<\/a>\u00a0pode ser encontrado em regi\u00f5es de campos e cerrados da Am\u00e9rica Central e do Sul, desde a Guatemala at\u00e9 a Argentina.<\/p>\n<\/div>\n<div class=\"mc-column content-text active-extra-styles \" style=\"text-align: justify;\" data-block-type=\"unstyled\" data-block-weight=\"54\" data-block-id=\"8\">\n<p class=\"content-text__container \" data-track-category=\"Link no Texto\" data-track-links=\"\">A esp\u00e9cie se alimenta de formigas e cupins. Eles abrem os cupinzeiros e os formigueiros com as poderosas garras, introduzem a longa l\u00edngua, com di\u00e2metro entre 1 e 1,5 cent\u00edmetro, que pode projetar a 60 cent\u00edmetros para fora da boca. Os insetos ficam grudados na l\u00edngua e, desta forma, o animal apenas os engole.<\/p>\n<\/div>\n<div class=\"mc-column content-text active-extra-styles \" style=\"text-align: justify;\" data-block-type=\"unstyled\" data-block-weight=\"24\" data-block-id=\"10\">\n<p class=\"content-text__container \" data-track-category=\"Link no Texto\" data-track-links=\"\">Os tamandu\u00e1s s\u00e3o os \u00fanicos mam\u00edferos terrestres que n\u00e3o possuem dentes, os tatus e pregui\u00e7as possuem dentes incompletos, sem a presen\u00e7a de esmalte.<\/p>\n<\/div>\n<div class=\"mc-column content-text active-extra-styles \" style=\"text-align: justify;\" data-block-type=\"unstyled\" data-block-weight=\"30\" data-block-id=\"11\">\n<p class=\"content-text__container \" data-track-category=\"Link no Texto\" data-track-links=\"\">Seu comprimento, da cabe\u00e7a e corpo, \u00e9 de 1 a 1,2 metro. S\u00f3 de focinho, s\u00e3o quase 45 cent\u00edmetros e tem ainda a cauda, com 60 a 90 cent\u00edmetros.<\/p>\n<\/div>\n<div class=\"mc-column content-text active-extra-styles \" style=\"text-align: justify;\" data-block-type=\"unstyled\" data-block-weight=\"19\" data-block-id=\"12\">\n<p class=\"content-text__container \" data-track-category=\"Link no Texto\" data-track-links=\"\">A cauda tem pelos longos que formam uma esp\u00e9cie de bandeira, o que serviu para adjetiva\u00e7\u00e3o do nome vulgar.<\/p>\n<\/div>\n<div class=\"mc-column content-text active-extra-styles \" style=\"text-align: justify;\" data-block-type=\"unstyled\" data-block-weight=\"15\" data-block-id=\"13\">\n<p class=\"content-text__container \" data-track-category=\"Link no Texto\" data-track-links=\"\">Animal de h\u00e1bitos diurnos, \u00e9 normalmente vagaroso, mas quando perseguido pode fugir em galope.<\/p>\n<\/div>\n<div class=\"mc-column content-text active-extra-styles \" style=\"text-align: justify;\" data-block-type=\"unstyled\" data-block-weight=\"38\" data-block-id=\"14\">\n<p class=\"content-text__container \" data-track-category=\"Link no Texto\" data-track-links=\"\">O famoso abra\u00e7o de tamandu\u00e1, tido como s\u00edmbolo de trai\u00e7\u00e3o, \u00e9 praticamente a \u00fanica defesa desse animal desajeitado e de vis\u00e3o e audi\u00e7\u00e3o muito limitadas. O melhor sistema de alerta do tamandu\u00e1-bandeira \u00e9 o olfato, que \u00e9 apurad\u00edssimo.<\/p>\n<\/div>\n<div class=\"mc-column content-text active-extra-styles \" data-block-type=\"unstyled\" data-block-weight=\"53\" data-block-id=\"15\">\n<p class=\"content-text__container \" style=\"text-align: justify;\" data-track-category=\"Link no Texto\" data-track-links=\"\">Ao pressentir o perigo, ele faz uso de articula\u00e7\u00f5es extras e levanta as patas dianteiras, apoiando o peso num trip\u00e9 formado pelas duas patas traseiras e a cauda. \u00c9 a posi\u00e7\u00e3o de defesa. Mesmo assim, o tamandu\u00e1-bandeira suporta certa proximidade com o homem, sobrevivendo em \u00e1reas de lavouras e at\u00e9 perto de cidades.<\/p>\n<p data-track-category=\"Link no Texto\" data-track-links=\"\">Fonte: G1<\/p>\n<\/div>\n<div data-track-category=\"multicontent\" data-track-action=\"ultimo chunk conteudo\" data-track-noninteraction=\"false\" data-track-scroll=\"view\">\n<div class=\"mc-column content-text active-extra-styles \" data-block-type=\"unstyled\" data-block-weight=\"9\" data-block-id=\"16\"><\/div>\n<\/div>\n<\/div>\n","protected":false},"excerpt":{"rendered":"<p>Motorista contou \u00e0 pol\u00edcia que animal j\u00e1 estava morto quando chegou ao trecho. Acidente foi registrado em Dracena, na noite desta ter\u00e7a-feira (22). Um rapaz de 20 anos ficou ferido ap\u00f3s tentar desviar de um tamandu\u00e1-bandeira que estava morto no meio da pista, bater em barranco e capotar o ve\u00edculo. O acidente foi na noite [&hellip;]<\/p>\n","protected":false},"author":1,"featured_media":9532,"comment_status":"closed","ping_status":"open","sticky":false,"template":"","format":"standard","meta":{"footnotes":""},"categories":[170,110],"tags":[],"class_list":["post-9531","post","type-post","status-publish","format-standard","has-post-thumbnail","hentry","category-acidentes","category-noticiasdestaque"],"_links":{"self":[{"href":"https:\/\/jorgezanoni.com.br\/2019\/wp-json\/wp\/v2\/posts\/9531","targetHints":{"allow":["GET"]}}],"collection":[{"href":"https:\/\/jorgezanoni.com.br\/2019\/wp-json\/wp\/v2\/posts"}],"about":[{"href":"https:\/\/jorgezanoni.com.br\/2019\/wp-json\/wp\/v2\/types\/post"}],"author":[{"embeddable":true,"href":"https:\/\/jorgezanoni.com.br\/2019\/wp-json\/wp\/v2\/users\/1"}],"replies":[{"embeddable":true,"href":"https:\/\/jorgezanoni.com.br\/2019\/wp-json\/wp\/v2\/comments?post=9531"}],"version-history":[{"count":0,"href":"https:\/\/jorgezanoni.com.br\/2019\/wp-json\/wp\/v2\/posts\/9531\/revisions"}],"wp:featuredmedia":[{"embeddable":true,"href":"https:\/\/jorgezanoni.com.br\/2019\/wp-json\/wp\/v2\/media\/9532"}],"wp:attachment":[{"href":"https:\/\/jorgezanoni.com.br\/2019\/wp-json\/wp\/v2\/media?parent=9531"}],"wp:term":[{"taxonomy":"category","embeddable":true,"href":"https:\/\/jorgezanoni.com.br\/2019\/wp-json\/wp\/v2\/categories?post=9531"},{"taxonomy":"post_tag","embeddable":true,"href":"https:\/\/jorgezanoni.com.br\/2019\/wp-json\/wp\/v2\/tags?post=9531"}],"curies":[{"name":"wp","href":"https:\/\/api.w.org\/{rel}","templated":true}]}}