{"id":9527,"date":"2019-10-23T17:11:13","date_gmt":"2019-10-23T17:11:13","guid":{"rendered":"https:\/\/jorgezanoni.com.br\/2019\/?p=9527"},"modified":"2019-10-23T17:11:13","modified_gmt":"2019-10-23T17:11:13","slug":"qualidades-na-gestao-e-gestao-de-qualidade","status":"publish","type":"post","link":"https:\/\/jorgezanoni.com.br\/2019\/qualidades-na-gestao-e-gestao-de-qualidade\/","title":{"rendered":"\u201cQualidades na Gest\u00e3o e Gest\u00e3o de Qualidade\u201d"},"content":{"rendered":"<p style=\"text-align: justify;\"><strong>\u201cQualidades na Gest\u00e3o e Gest\u00e3o de Qualidade\u201d<\/strong><\/p>\n<p style=\"text-align: justify;\"><strong><em>S\u00e9rgio Barbosa (*)<\/em><\/strong><\/p>\n<p style=\"text-align: justify;\"><a href=\"http:\/\/www.jrmcoaching.com.br\/fonte\/url=http:\/pt.depositphotos.com\/36768909\/stock-photo-asian-businesswoman-leading-a-business.html\"><em>\u00a9 Depositphotos.com \/ sjenner13<\/em><\/a>Algumas das caracter\u00edsticas fundamentais do bom l\u00edder s\u00e3o integridade, motiva\u00e7\u00e3o, empatia, autoconfian\u00e7a, sensibilidade, autoconhecimento, criatividade e humildade.<\/p>\n<p style=\"text-align: justify;\"><em>Um bom\u00a0<\/em><a href=\"http:\/\/www.jrmcoaching.com.br\/blog\/o-papel-lider-no-ambiente-organizacional\/\"><em>l\u00edder<\/em><\/a><em>\u00a0consegue extrair o melhor de cada pessoa, comandando sua equipe de modo que seus integrantes possam ter suas pr\u00f3prias ideias e agir de acordo com elas. Mas, para isso, \u00e9 preciso que o l\u00edder tenha algumas caracter\u00edsticas fundamentais que lhe conferem a credibilidade necess\u00e1ria a exercer o cargo de lideran\u00e7a. Algumas das caracter\u00edsticas fundamentais do bom l\u00edder s\u00e3o: integridade, firmeza, motiva\u00e7\u00e3o, empatia, imparcialidade, autoconfian\u00e7a, sensibilidade, autoconhecimento, criatividade e humildade. Al\u00e9m disso, \u00e9 importante ter iniciativa, flexibilidade, determina\u00e7\u00e3o, responsabilidade, garra, dinamismo, serenidade e zelo. Um bom l\u00edder precisa ter conhecimento do seu trabalho, ser \u00e9tico e observador, saber influenciar as pessoas e se relacionar com outros, ser amigo e comprometido com a organiza\u00e7\u00e3o, sem ter medo de correr riscos. Ele tamb\u00e9m precisa respeitar para ser respeitado, saber ouvir e conversar, ter estabilidade emocional e capacidade de decis\u00e3o.<\/em><\/p>\n<p style=\"text-align: justify;\"><em>Ser l\u00edder n\u00e3o \u00e9 uma tarefa f\u00e1cil e ter todas essas qualidades nem sempre \u00e9 poss\u00edvel. O mais importante \u00e9 tentar desenvolver o m\u00e1ximo poss\u00edvel de virtudes, de modo a ser cada vez melhor e estabelecer uma eficiente\u00a0<\/em><a href=\"http:\/\/www.jrmcoaching.com.br\/blog\/qual-importancia-da-lideranca-nas-organizacoes\/\"><em>lideran\u00e7a na organiza\u00e7\u00e3o<\/em><\/a>.<\/p>\n<p style=\"text-align: justify;\"><strong>\u00a0(&#8220;QUAIS S\u00c3O AS PRINCIPAIS QUALIDADES DE UM L\u00cdDER?<\/strong><\/p>\n<p style=\"text-align: justify;\"><em>\u00a0by jOS\u00c9 ROBERTO MARQUES)<\/em><strong>\u00a0<\/strong><\/p>\n<p style=\"text-align: justify;\">Neste contexto plural para todas as \u00e1reas em tempo de p\u00f3s-globaliza\u00e7\u00e3o organizacional, \u00e9 necess\u00e1rio estar em conex\u00e3o com a proposta mediada pelo fator PLANEJAR para alcan\u00e7ar os objetivos em todas as \u00e1reas e profiss\u00f5es&#8230;<\/p>\n<p style=\"text-align: justify;\">Considerando os interesses e prioridades das respectivas \u00e1reas acad\u00eamicas, por\u00e9m, tendo o mesmo objetivo pedag\u00f3gico visando debater e aplicar as teorias do &#8220;PLANEJAMENTO DE GEST\u00c3O&#8221; nas atividades pr\u00e1ticas pode-se afirmar que o debate sobre os temas: &#8220;QUALIDADES NA GEST\u00c3O e GEST\u00c3O DE QUALIDADE&#8221;, proporcionaram diversas reflex\u00f5es envolvendo quest\u00f5es priorit\u00e1rias em administra\u00e7\u00e3o, educa\u00e7\u00e3o e sa\u00fade&#8230;<\/p>\n<p style=\"text-align: justify;\">Os detalhes desta reflex\u00e3o est\u00e3o focados na \u00e1rea da EDUCA\u00c7\u00c3O E SA\u00daDE, tendo em vista as prioridades relacionadas com tais temas em meio aos desencontros patrocinados pelo mercado em n\u00edvel global&#8230;<\/p>\n<p style=\"text-align: justify;\">Tal proposta deve buscar todas as possibilidades quanto \u00e0s respostas, ainda destacando a destacando a import\u00e2ncia do planejamento para que os resultados possam estar de acordo com os objetivos tra\u00e7ados pela Gest\u00e3o que deve ser de qualidade em todas as etapas e independente das \u00e1reas do mercado&#8230;<\/p>\n<p style=\"text-align: justify;\">As qualidades apresentadas envolvendo a proposta da GEST\u00c3O DE QUALIDADE, bem como, da QUALIDADE NA GEST\u00c3O, est\u00e3o de acordo com as novas tend\u00eancias do mercado, tamb\u00e9m, buscando um trabalho de parceria com os mesmos objetivos nas diversas \u00e1reas de atua\u00e7\u00e3o em tempo de p\u00f3s-globaliza\u00e7\u00e3o organizacional&#8230;<\/p>\n<p style=\"text-align: justify;\">A media\u00e7\u00e3o deve ocorrer por meio da pluralidade das pesquisas envolvendo os temas nas \u00e1reas da GEST\u00c3O e da QUALIDADE, entretanto, faz-se necess\u00e1rio estar sempre em conex\u00e3o com as novas tecnologias, considerando as prioridades necess\u00e1rias para o desenvolvimento integral da ORGANIZA\u00c7\u00c3O&#8230;<\/p>\n<p style=\"text-align: justify;\">Outro fator importante que se deve destacar neste contexto \u00e9 a LIDERAN\u00c7A nas atividades envolvendo a GEST\u00c3O para que todas as etapas possam cumprir o quesito PLANEJAMENTO ESTRAT\u00c9GICAS por meio de a\u00e7\u00f5es efetivas e eficazes&#8230;<\/p>\n<p style=\"text-align: justify;\">O debate em pauta deve seguir de acordo com as alternativas e buscando estar em sintonia com as propostas, ainda, envolvendo e criando novas possibilidades para uma QUALIDADE que possa fazer a diferen\u00e7a nesta GEST\u00c3O&#8230;<\/p>\n<p style=\"text-align: justify;\">Por\u00e9m, pode-se afirmar que \u00e9 fundamental possuir uma EQUIPE sintonizada com tais propostas, tendo em vista os objetivos tra\u00e7ados no in\u00edcio do trabalho, haja vista o cumprimento das exig\u00eancias que envolvem a QUALIDADES NA GEST\u00c3O e GEST\u00c3O DE QUALIDADE&#8230;<\/p>\n<p style=\"text-align: justify;\"><strong>(*) Jornalista diplomado e Consultor na \u00c1rea de Gest\u00e3o da Comunica\u00e7\u00e3o Organizacional.<\/strong><\/p>\n<p style=\"text-align: justify;\">\n","protected":false},"excerpt":{"rendered":"<p>\u201cQualidades na Gest\u00e3o e Gest\u00e3o de Qualidade\u201d S\u00e9rgio Barbosa (*) \u00a9 Depositphotos.com \/ sjenner13Algumas das caracter\u00edsticas fundamentais do bom l\u00edder s\u00e3o integridade, motiva\u00e7\u00e3o, empatia, autoconfian\u00e7a, sensibilidade, autoconhecimento, criatividade e humildade. Um bom\u00a0l\u00edder\u00a0consegue extrair o melhor de cada pessoa, comandando sua equipe de modo que seus integrantes possam ter suas pr\u00f3prias ideias e agir de acordo [&hellip;]<\/p>\n","protected":false},"author":1,"featured_media":9529,"comment_status":"closed","ping_status":"open","sticky":false,"template":"","format":"standard","meta":{"footnotes":""},"categories":[175],"tags":[],"class_list":["post-9527","post","type-post","status-publish","format-standard","has-post-thumbnail","hentry","category-artigos"],"_links":{"self":[{"href":"https:\/\/jorgezanoni.com.br\/2019\/wp-json\/wp\/v2\/posts\/9527","targetHints":{"allow":["GET"]}}],"collection":[{"href":"https:\/\/jorgezanoni.com.br\/2019\/wp-json\/wp\/v2\/posts"}],"about":[{"href":"https:\/\/jorgezanoni.com.br\/2019\/wp-json\/wp\/v2\/types\/post"}],"author":[{"embeddable":true,"href":"https:\/\/jorgezanoni.com.br\/2019\/wp-json\/wp\/v2\/users\/1"}],"replies":[{"embeddable":true,"href":"https:\/\/jorgezanoni.com.br\/2019\/wp-json\/wp\/v2\/comments?post=9527"}],"version-history":[{"count":0,"href":"https:\/\/jorgezanoni.com.br\/2019\/wp-json\/wp\/v2\/posts\/9527\/revisions"}],"wp:featuredmedia":[{"embeddable":true,"href":"https:\/\/jorgezanoni.com.br\/2019\/wp-json\/wp\/v2\/media\/9529"}],"wp:attachment":[{"href":"https:\/\/jorgezanoni.com.br\/2019\/wp-json\/wp\/v2\/media?parent=9527"}],"wp:term":[{"taxonomy":"category","embeddable":true,"href":"https:\/\/jorgezanoni.com.br\/2019\/wp-json\/wp\/v2\/categories?post=9527"},{"taxonomy":"post_tag","embeddable":true,"href":"https:\/\/jorgezanoni.com.br\/2019\/wp-json\/wp\/v2\/tags?post=9527"}],"curies":[{"name":"wp","href":"https:\/\/api.w.org\/{rel}","templated":true}]}}