{"id":95248,"date":"2025-06-02T17:37:41","date_gmt":"2025-06-02T17:37:41","guid":{"rendered":"https:\/\/jorgezanoni.com.br\/2019\/?p=95248"},"modified":"2025-06-02T17:39:59","modified_gmt":"2025-06-02T17:39:59","slug":"sicredi-centro-oeste-paulista-lanca-premio-coonexoes-em-noite-de-celebracao-com-comunicadores-da-regiao","status":"publish","type":"post","link":"https:\/\/jorgezanoni.com.br\/2019\/sicredi-centro-oeste-paulista-lanca-premio-coonexoes-em-noite-de-celebracao-com-comunicadores-da-regiao\/","title":{"rendered":"Sicredi Centro Oeste Paulista lan\u00e7a Pr\u00eamio Coonex\u00f5es em noite de celebra\u00e7\u00e3o com comunicadores da regi\u00e3o"},"content":{"rendered":"<p class=\"v1MsoNormal\" style=\"text-align: justify;\" align=\"center\"><strong><i>Evento celebra o jornalismo regional e apresenta pr\u00eamio que valoriza o cooperativismo e o desenvolvimento local.<\/i><\/strong><b><\/b><\/p>\n<p class=\"v1MsoNormal\" style=\"text-align: justify;\">Em uma noite marcada por conex\u00f5es, reconhecimento e inspira\u00e7\u00e3o, a Sicredi Centro Oeste Paulista realizou o lan\u00e7amento oficial do\u00a0<b>Pr\u00eamio Coonex\u00f5es<\/b>, reunindo comunicadores de toda a regi\u00e3o em um jantar especial. O evento, realizado no dia 31 de maio, no Hotel Sun Valley em Mar\u00edlia\/SP, destacou o papel da imprensa regional na promo\u00e7\u00e3o do cooperativismo e no fortalecimento das comunidades locais.<\/p>\n<p class=\"v1MsoNormal\" style=\"text-align: justify;\">O encontro contou com a presen\u00e7a de 70 comunicadores, que acompanharam uma palestra inspiradora do jornalista\u00a0<b>Mauro Tagliaferri,<\/b>\u00a0profissional com mais de 30 anos de carreira e passagens por ve\u00edculos como TV Globo, SBT, Record e RedeTV. Em sua fala, Mauro compartilhou experi\u00eancias marcantes do jornalismo e ressaltou a import\u00e2ncia da comunica\u00e7\u00e3o \u00e9tica e comprometida com a transforma\u00e7\u00e3o social, destacando que: &#8220;Ao promover o contato direto com jornalistas e, agora, ao lan\u00e7ar essa premia\u00e7\u00e3o, o Sicredi reconhece a credibilidade e a relev\u00e2ncia do Jornalismo. E isso \u00e9 muito gratificante e significativo, especialmente nestes tempos em que precisamos combater todos os tipos de desinforma\u00e7\u00e3o.&#8221;<\/p>\n<p class=\"v1MsoNormal\" style=\"text-align: justify;\">O diretor executivo da Sicredi Centro Oeste Paulista,\u00a0<b>Ildo Wilde<\/b>, destacou o papel estrat\u00e9gico do pr\u00eamio na consolida\u00e7\u00e3o da marca e no fortalecimento dos neg\u00f3cios da cooperativa: &#8220;O Pr\u00eamio Coonex\u00f5es \u00e9 uma ponte entre a nossa marca e a sociedade. Ao valorizar o jornalismo de qualidade, refor\u00e7amos nossos valores e ampliamos nossa presen\u00e7a de forma genu\u00edna e relevante nas comunidades onde atuamos.&#8221;<\/p>\n<p class=\"v1MsoNormal\" style=\"text-align: justify;\">Dr. Jo\u00e3o Salvi, presidente da cooperativa, tamb\u00e9m enfatizou o impacto positivo da iniciativa no relacionamento com os formadores de opini\u00e3o e no desenvolvimento local: &#8220;Mais do que premiar, queremos reconhecer quem contribui para uma sociedade mais informada e consciente. O relacionamento com os comunicadores \u00e9 essencial para que possamos gerar valor para a comunidade e fortalecer o cooperativismo como agente de transforma\u00e7\u00e3o, algo que acreditamos h\u00e1 25 anos.&#8221;<\/p>\n<p class=\"v1MsoNormal\" style=\"text-align: justify;\">O Pr\u00eamio Coonex\u00f5es tem como objetivo reconhecer jornalistas e ve\u00edculos que se destacam na cobertura de temas ligados ao cooperativismo e ao desenvolvimento regional, com enfoque em hist\u00f3rias que evidenciem boas pr\u00e1ticas, impactos positivos e iniciativas transformadoras promovidas pela Sicredi Centro Oeste Paulista, que em 2025 comemora seus 25 anos de hist\u00f3ria. O regulamento completo est\u00e1 dispon\u00edvel no site oficial da cooperativa:\u00a0<a href=\"https:\/\/www.sicredi.com.br\/coop\/centro-oeste-paulista\/coonexoes-sicredi\/\" target=\"_blank\" rel=\"noopener noreferrer\">https:\/\/www.sicredi.com.br\/coop\/centro-oeste-paulista\/coonexoes-sicredi\/<\/a><\/p>\n<p class=\"v1MsoNormal\" style=\"text-align: justify;\"><b><i>Sobre o Sicredi<\/i><\/b><i><\/i><\/p>\n<p class=\"v1MsoNormal\" style=\"text-align: justify;\"><i>O Sicredi \u00e9 uma institui\u00e7\u00e3o financeira cooperativa comprometida com o crescimento de seus associados e com o desenvolvimento das regi\u00f5es onde atua. Possui um modelo de gest\u00e3o que valoriza a participa\u00e7\u00e3o dos mais de 9 milh\u00f5es de associados, que exercem o papel de donos do neg\u00f3cio. Com mais de 2.900 ag\u00eancias, o Sicredi est\u00e1 presente fisicamente em todos os estados brasileiros e no Distrito Federal, disponibilizando uma gama completa de solu\u00e7\u00f5es financeiras e n\u00e3o financeiras.<\/i><\/p>\n<p class=\"v1MsoNormal\" style=\"text-align: justify;\"><b><i>Site do Sicredi:\u00a0<a href=\"http:\/\/www.sicredi.com.br\/\" target=\"_blank\" rel=\"noopener noreferrer\">www.sicredi.com.br<\/a><\/i><\/b><\/p>\n<p class=\"v1MsoNormal\"><b><i>Redes Sociais:\u00a0<\/i><\/b><em><b><u><span lang=\"EN-US\"><a href=\"http:\/\/www.facebook.com\/sicredicentrooestepaulista\" target=\"_blank\" rel=\"noopener noreferrer\"><i><span lang=\"PT-BR\">Facebook<\/span><\/i><\/a><\/span><\/u><\/b><\/em><em>\u00a0|<\/em>\u00a0<em><b><u><span lang=\"EN-US\"><a href=\"https:\/\/www.linkedin.com\/company\/sicredi-centro-oeste-paulista\/\" target=\"_blank\" rel=\"noopener noreferrer\"><i><span lang=\"PT-BR\">LinkedIn<\/span><\/i><\/a><\/span><\/u><\/b><\/em><em>\u00a0|<\/em>\u00a0<em><b><u><span lang=\"EN-US\"><a href=\"http:\/\/www.youtube.com\/sicredicentrooestepaulista\" target=\"_blank\" rel=\"noopener noreferrer\"><i><span lang=\"PT-BR\">YouTube<\/span><\/i><\/a><\/span><\/u><\/b><\/em><span lang=\"EN-US\">\u00a0<\/span><em>|\u00a0<\/em><em><b><u><span lang=\"EN-US\"><a href=\"http:\/\/www.instagram.com\/sicredicentrooestepaulista\" target=\"_blank\" rel=\"noopener noreferrer\"><i><span lang=\"PT-BR\">Instagram<\/span><\/i><\/a><\/span><\/u><\/b><\/em><\/p>\n<p><img loading=\"lazy\" decoding=\"async\" class=\"alignnone size-full wp-image-95249\" src=\"https:\/\/jorgezanoni.com.br\/2019\/wp-content\/uploads\/2025\/06\/Ildo-Wilde-2-Pequeno.png\" alt=\"\" width=\"720\" height=\"480\" srcset=\"https:\/\/jorgezanoni.com.br\/2019\/wp-content\/uploads\/2025\/06\/Ildo-Wilde-2-Pequeno.png 720w, https:\/\/jorgezanoni.com.br\/2019\/wp-content\/uploads\/2025\/06\/Ildo-Wilde-2-Pequeno-300x200.png 300w, https:\/\/jorgezanoni.com.br\/2019\/wp-content\/uploads\/2025\/06\/Ildo-Wilde-2-Pequeno-696x464.png 696w, https:\/\/jorgezanoni.com.br\/2019\/wp-content\/uploads\/2025\/06\/Ildo-Wilde-2-Pequeno-630x420.png 630w\" sizes=\"auto, (max-width: 720px) 100vw, 720px\" \/> <img loading=\"lazy\" decoding=\"async\" class=\"alignnone size-full wp-image-95250\" src=\"https:\/\/jorgezanoni.com.br\/2019\/wp-content\/uploads\/2025\/06\/IMG_7126-1-Pequeno-rotated.jpg\" alt=\"\" width=\"480\" height=\"720\" srcset=\"https:\/\/jorgezanoni.com.br\/2019\/wp-content\/uploads\/2025\/06\/IMG_7126-1-Pequeno-rotated.jpg 480w, https:\/\/jorgezanoni.com.br\/2019\/wp-content\/uploads\/2025\/06\/IMG_7126-1-Pequeno-200x300.jpg 200w, https:\/\/jorgezanoni.com.br\/2019\/wp-content\/uploads\/2025\/06\/IMG_7126-1-Pequeno-280x420.jpg 280w\" sizes=\"auto, (max-width: 480px) 100vw, 480px\" \/><\/p>\n<p>Fonte: Comunica\u00e7\u00e3o e Marketing<\/p>\n","protected":false},"excerpt":{"rendered":"<p>Evento celebra o jornalismo regional e apresenta pr\u00eamio que valoriza o cooperativismo e o desenvolvimento local. Em uma noite marcada por conex\u00f5es, reconhecimento e inspira\u00e7\u00e3o, a Sicredi Centro Oeste Paulista realizou o lan\u00e7amento oficial do\u00a0Pr\u00eamio Coonex\u00f5es, reunindo comunicadores de toda a regi\u00e3o em um jantar especial. O evento, realizado no dia 31 de maio, no [&hellip;]<\/p>\n","protected":false},"author":1,"featured_media":95251,"comment_status":"closed","ping_status":"open","sticky":false,"template":"","format":"standard","meta":{"footnotes":""},"categories":[110,116],"tags":[],"class_list":["post-95248","post","type-post","status-publish","format-standard","has-post-thumbnail","hentry","category-noticiasdestaque","category-politicaeeconomia"],"_links":{"self":[{"href":"https:\/\/jorgezanoni.com.br\/2019\/wp-json\/wp\/v2\/posts\/95248","targetHints":{"allow":["GET"]}}],"collection":[{"href":"https:\/\/jorgezanoni.com.br\/2019\/wp-json\/wp\/v2\/posts"}],"about":[{"href":"https:\/\/jorgezanoni.com.br\/2019\/wp-json\/wp\/v2\/types\/post"}],"author":[{"embeddable":true,"href":"https:\/\/jorgezanoni.com.br\/2019\/wp-json\/wp\/v2\/users\/1"}],"replies":[{"embeddable":true,"href":"https:\/\/jorgezanoni.com.br\/2019\/wp-json\/wp\/v2\/comments?post=95248"}],"version-history":[{"count":1,"href":"https:\/\/jorgezanoni.com.br\/2019\/wp-json\/wp\/v2\/posts\/95248\/revisions"}],"predecessor-version":[{"id":95252,"href":"https:\/\/jorgezanoni.com.br\/2019\/wp-json\/wp\/v2\/posts\/95248\/revisions\/95252"}],"wp:featuredmedia":[{"embeddable":true,"href":"https:\/\/jorgezanoni.com.br\/2019\/wp-json\/wp\/v2\/media\/95251"}],"wp:attachment":[{"href":"https:\/\/jorgezanoni.com.br\/2019\/wp-json\/wp\/v2\/media?parent=95248"}],"wp:term":[{"taxonomy":"category","embeddable":true,"href":"https:\/\/jorgezanoni.com.br\/2019\/wp-json\/wp\/v2\/categories?post=95248"},{"taxonomy":"post_tag","embeddable":true,"href":"https:\/\/jorgezanoni.com.br\/2019\/wp-json\/wp\/v2\/tags?post=95248"}],"curies":[{"name":"wp","href":"https:\/\/api.w.org\/{rel}","templated":true}]}}