{"id":95184,"date":"2025-05-29T19:56:08","date_gmt":"2025-05-29T19:56:08","guid":{"rendered":"https:\/\/jorgezanoni.com.br\/2019\/?p=95184"},"modified":"2025-05-29T19:56:08","modified_gmt":"2025-05-29T19:56:08","slug":"e-o-professor-como-vai-saude-mental-dos-professores-por-cidinha-pascoaloto","status":"publish","type":"post","link":"https:\/\/jorgezanoni.com.br\/2019\/e-o-professor-como-vai-saude-mental-dos-professores-por-cidinha-pascoaloto\/","title":{"rendered":"\u201cE o professor, como vai?\u201d Sa\u00fade mental dos professores&#8230; (por Cidinha Pascoaloto)"},"content":{"rendered":"<p style=\"text-align: justify;\">Voc\u00ea j\u00e1 parou para pensar como anda a sa\u00fade mental dos professores?<\/p>\n<p style=\"text-align: justify;\">A profiss\u00e3o de professores sempre esteve associada a desafios emocionais intensos. A adapta\u00e7\u00e3o \u00e0s mudan\u00e7as curriculares, tecnologias, demandas pedag\u00f3gicas, responsabilidade com o aprendizado dos alunos e a falta de valoriza\u00e7\u00e3o. Al\u00e9m de ensinar, o professor escuta desabafos, acolhe ang\u00fastias e tenta manter a harmonia da sala de aula.<\/p>\n<p style=\"text-align: justify;\">O estresse de corrigir provas, planejar aulas, lidar com as burocracias da educa\u00e7\u00e3o aumenta a carga emocional. Todas essas cargas t\u00eam impactos negativos e significativos na sa\u00fade mental dos professores podendo levar a quadros como ansiedade, depress\u00e3o, s\u00edndrome de bornout, exaust\u00e3o mental e outros transtornos como altera\u00e7\u00f5es de humor e dificuldades nos relacionamentos interpessoais.<\/p>\n<p style=\"text-align: justify;\">Nesse caso os professores podem ter dificuldades para planejar aulas, estabelecer relacionamentos saud\u00e1veis com os alunos e fornecer feedback eficaz, isso pode comprometer a qualidade do ensino.<\/p>\n<p style=\"text-align: justify;\">\u00a0\u00a0Existem fatores espec\u00edficos que podem aumentar o risco de problemas de sa\u00fade mental dos professores como falta de suporte, press\u00e3o para atingir metas acad\u00eamicas, desafios feitos por alunos todos os dias, participar de reuni\u00f5es entre outras atividades.<\/p>\n<p style=\"text-align: justify;\">A classe dos professores \u00e9 uma das mais vulner\u00e1veis a adoecimento mental, e o adoecimento mental, muitas vezes, \u00e9 mais grave e silencioso que o f\u00edsico. Muitos professores trabalham com sobrecarga de disciplinas, falta de autonomia para tomar decis\u00f5es, comportamentos agressivos e o desinteresse dos alunos. Isso pode gerar estresse e frustra\u00e7\u00e3o. Al\u00e9m disso os professores t\u00eam suas demandas pessoais para administrar e equilibrar com a vida profissional.<\/p>\n<p style=\"text-align: justify;\">Por isso \u00e9 fundamental que as escolas promovam ambientes de trabalho mais saud\u00e1veis e valorizem verdadeiramente seus professores. Al\u00e9m disso \u00e9 papel das fam\u00edlias educar as crian\u00e7as para respeitar e reconhecer o valor dos professores.<\/p>\n<p style=\"text-align: justify;\">\u00a0Cuidar de quem ensina \u00e9 essencial para garantir uma educa\u00e7\u00e3o de qualidade e uma sociedade mais justa.<\/p>\n<p><img loading=\"lazy\" decoding=\"async\" class=\"alignnone size-full wp-image-95185\" src=\"https:\/\/jorgezanoni.com.br\/2019\/wp-content\/uploads\/2025\/05\/Cidinha-Pascoaloto-4.jpg\" alt=\"\" width=\"339\" height=\"480\" srcset=\"https:\/\/jorgezanoni.com.br\/2019\/wp-content\/uploads\/2025\/05\/Cidinha-Pascoaloto-4.jpg 339w, https:\/\/jorgezanoni.com.br\/2019\/wp-content\/uploads\/2025\/05\/Cidinha-Pascoaloto-4-212x300.jpg 212w, https:\/\/jorgezanoni.com.br\/2019\/wp-content\/uploads\/2025\/05\/Cidinha-Pascoaloto-4-297x420.jpg 297w\" sizes=\"auto, (max-width: 339px) 100vw, 339px\" \/><\/p>\n<p style=\"text-align: justify;\">\n<p style=\"text-align: justify;\">\n","protected":false},"excerpt":{"rendered":"<p>Voc\u00ea j\u00e1 parou para pensar como anda a sa\u00fade mental dos professores? A profiss\u00e3o de professores sempre esteve associada a desafios emocionais intensos. A adapta\u00e7\u00e3o \u00e0s mudan\u00e7as curriculares, tecnologias, demandas pedag\u00f3gicas, responsabilidade com o aprendizado dos alunos e a falta de valoriza\u00e7\u00e3o. Al\u00e9m de ensinar, o professor escuta desabafos, acolhe ang\u00fastias e tenta manter a [&hellip;]<\/p>\n","protected":false},"author":1,"featured_media":95186,"comment_status":"closed","ping_status":"open","sticky":false,"template":"","format":"standard","meta":{"footnotes":""},"categories":[175],"tags":[],"class_list":["post-95184","post","type-post","status-publish","format-standard","has-post-thumbnail","hentry","category-artigos"],"_links":{"self":[{"href":"https:\/\/jorgezanoni.com.br\/2019\/wp-json\/wp\/v2\/posts\/95184","targetHints":{"allow":["GET"]}}],"collection":[{"href":"https:\/\/jorgezanoni.com.br\/2019\/wp-json\/wp\/v2\/posts"}],"about":[{"href":"https:\/\/jorgezanoni.com.br\/2019\/wp-json\/wp\/v2\/types\/post"}],"author":[{"embeddable":true,"href":"https:\/\/jorgezanoni.com.br\/2019\/wp-json\/wp\/v2\/users\/1"}],"replies":[{"embeddable":true,"href":"https:\/\/jorgezanoni.com.br\/2019\/wp-json\/wp\/v2\/comments?post=95184"}],"version-history":[{"count":1,"href":"https:\/\/jorgezanoni.com.br\/2019\/wp-json\/wp\/v2\/posts\/95184\/revisions"}],"predecessor-version":[{"id":95187,"href":"https:\/\/jorgezanoni.com.br\/2019\/wp-json\/wp\/v2\/posts\/95184\/revisions\/95187"}],"wp:featuredmedia":[{"embeddable":true,"href":"https:\/\/jorgezanoni.com.br\/2019\/wp-json\/wp\/v2\/media\/95186"}],"wp:attachment":[{"href":"https:\/\/jorgezanoni.com.br\/2019\/wp-json\/wp\/v2\/media?parent=95184"}],"wp:term":[{"taxonomy":"category","embeddable":true,"href":"https:\/\/jorgezanoni.com.br\/2019\/wp-json\/wp\/v2\/categories?post=95184"},{"taxonomy":"post_tag","embeddable":true,"href":"https:\/\/jorgezanoni.com.br\/2019\/wp-json\/wp\/v2\/tags?post=95184"}],"curies":[{"name":"wp","href":"https:\/\/api.w.org\/{rel}","templated":true}]}}