{"id":95170,"date":"2025-05-29T16:00:09","date_gmt":"2025-05-29T16:00:09","guid":{"rendered":"https:\/\/jorgezanoni.com.br\/2019\/?p=95170"},"modified":"2025-05-29T16:00:09","modified_gmt":"2025-05-29T16:00:09","slug":"operacao-refrao-do-crime-policia-civil-prende-suspeito-por-trafico-de-drogas-sinteticas-e-cocaina-em-dracena","status":"publish","type":"post","link":"https:\/\/jorgezanoni.com.br\/2019\/operacao-refrao-do-crime-policia-civil-prende-suspeito-por-trafico-de-drogas-sinteticas-e-cocaina-em-dracena\/","title":{"rendered":"OPERA\u00c7\u00c3O \u201cREFR\u00c3O DO CRIME\u201d: Pol\u00edcia Civil prende suspeito por Tr\u00e1fico de Drogas Sint\u00e9ticas e Coca\u00edna em Dracena"},"content":{"rendered":"<p style=\"text-align: justify;\">A Pol\u00edcia Civil do Estado de S\u00e3o Paulo, por interm\u00e9dio das Unidades Especializadas DIG\/DISE de Dracena, com o apoio operacional do Grupo de Opera\u00e7\u00f5es Especiais (GOE) e de agentes dos 1\u00ba e 2\u00ba Distritos Policiais, deflagrou nesta quarta-feira (28) a Opera\u00e7\u00e3o Refr\u00e3o do Crime, que resultou na pris\u00e3o em flagrante de um homem de 39 anos, suspeito de envolvimento com o tr\u00e1fico de drogas. A a\u00e7\u00e3o foi desencadeada no bairro Tonico Andr\u00e9, em Dracena, ap\u00f3s o cumprimento de mandado de busca e apreens\u00e3o domiciliar.<\/p>\n<p style=\"text-align: justify;\">Durante a dilig\u00eancia na resid\u00eancia do investigado, os policiais civis apreenderam 12 por\u00e7\u00f5es de coca\u00edna prontas para a comercializa\u00e7\u00e3o, quatro comprimidos de cor rosa aparentando ser ecstasy (droga sint\u00e9tica popularmente conhecida como \u201cbala\u201d), duas m\u00e1quinas de operadora de cart\u00e3o, uma balan\u00e7a de precis\u00e3o, tr\u00eas aparelhos celulares, cerca de R$ 1 mil em dinheiro, al\u00e9m de outros objetos comumente utilizados em pontos de tr\u00e1fico. Tamb\u00e9m foram apreendidos uma motocicleta e um autom\u00f3vel pertencentes ao suspeito.<\/p>\n<p style=\"text-align: justify;\">O investigado j\u00e1 vinha sendo monitorado pelas equipes das Unidades Especializadas, que reuniram informa\u00e7\u00f5es em relat\u00f3rio preliminar demonstrando ind\u00edcios do envolvimento do indiv\u00edduo com o com\u00e9rcio ilegal de entorpecentes. O material serviu de base para a representa\u00e7\u00e3o junto ao Poder Judici\u00e1rio pelo mandado de busca, com parecer favor\u00e1vel do Minist\u00e9rio P\u00fablico Estadual e autoriza\u00e7\u00e3o concedida pela Justi\u00e7a.<\/p>\n<p style=\"text-align: justify;\">No momento da chegada das equipes policiais ao local, o suspeito tentou fugir pelos fundos da resid\u00eancia, mas foi detido ap\u00f3s breve persegui\u00e7\u00e3o, quando se escondia em uma casa pr\u00f3xima. Em seguida, os agentes o conduziram de volta \u00e0 sua resid\u00eancia, onde, na presen\u00e7a de sua m\u00e3e e de outro familiar, deram in\u00edcio \u00e0s buscas, culminando na localiza\u00e7\u00e3o das subst\u00e2ncias il\u00edcitas e demais itens relacionados ao tr\u00e1fico de drogas.<\/p>\n<p style=\"text-align: justify;\">O preso foi conduzido \u00e0 sede da DIG\/DISE, onde foi autuado em flagrante por tr\u00e1fico de drogas, com base no artigo 33 da Lei n\u00ba 11.343\/2006 (Lei de Drogas). Ele permanece \u00e0 disposi\u00e7\u00e3o da Justi\u00e7a e ser\u00e1 apresentado em audi\u00eancia de cust\u00f3dia.<\/p>\n<p style=\"text-align: justify;\">O nome da opera\u00e7\u00e3o, \u201cRefr\u00e3o do Crime\u201d, faz alus\u00e3o ao apelido pelo qual o investigado \u00e9 conhecido na regi\u00e3o e que ele pr\u00f3prio utiliza como forma de se identificar.<\/p>\n<p style=\"text-align: justify;\">A Pol\u00edcia Civil refor\u00e7a seu compromisso com o combate ao tr\u00e1fico de entorpecentes e ressalta a import\u00e2ncia das a\u00e7\u00f5es integradas e da intelig\u00eancia policial na repress\u00e3o a crimes que afetam diretamente a seguran\u00e7a e a sa\u00fade p\u00fablica.<\/p>\n<p>Fonte: Com. Social Pol\u00edcia Civil<\/p>\n","protected":false},"excerpt":{"rendered":"<p>A Pol\u00edcia Civil do Estado de S\u00e3o Paulo, por interm\u00e9dio das Unidades Especializadas DIG\/DISE de Dracena, com o apoio operacional do Grupo de Opera\u00e7\u00f5es Especiais (GOE) e de agentes dos 1\u00ba e 2\u00ba Distritos Policiais, deflagrou nesta quarta-feira (28) a Opera\u00e7\u00e3o Refr\u00e3o do Crime, que resultou na pris\u00e3o em flagrante de um homem de 39 [&hellip;]<\/p>\n","protected":false},"author":1,"featured_media":95171,"comment_status":"closed","ping_status":"open","sticky":false,"template":"","format":"standard","meta":{"footnotes":""},"categories":[110,2],"tags":[],"class_list":["post-95170","post","type-post","status-publish","format-standard","has-post-thumbnail","hentry","category-noticiasdestaque","category-policial"],"_links":{"self":[{"href":"https:\/\/jorgezanoni.com.br\/2019\/wp-json\/wp\/v2\/posts\/95170","targetHints":{"allow":["GET"]}}],"collection":[{"href":"https:\/\/jorgezanoni.com.br\/2019\/wp-json\/wp\/v2\/posts"}],"about":[{"href":"https:\/\/jorgezanoni.com.br\/2019\/wp-json\/wp\/v2\/types\/post"}],"author":[{"embeddable":true,"href":"https:\/\/jorgezanoni.com.br\/2019\/wp-json\/wp\/v2\/users\/1"}],"replies":[{"embeddable":true,"href":"https:\/\/jorgezanoni.com.br\/2019\/wp-json\/wp\/v2\/comments?post=95170"}],"version-history":[{"count":1,"href":"https:\/\/jorgezanoni.com.br\/2019\/wp-json\/wp\/v2\/posts\/95170\/revisions"}],"predecessor-version":[{"id":95172,"href":"https:\/\/jorgezanoni.com.br\/2019\/wp-json\/wp\/v2\/posts\/95170\/revisions\/95172"}],"wp:featuredmedia":[{"embeddable":true,"href":"https:\/\/jorgezanoni.com.br\/2019\/wp-json\/wp\/v2\/media\/95171"}],"wp:attachment":[{"href":"https:\/\/jorgezanoni.com.br\/2019\/wp-json\/wp\/v2\/media?parent=95170"}],"wp:term":[{"taxonomy":"category","embeddable":true,"href":"https:\/\/jorgezanoni.com.br\/2019\/wp-json\/wp\/v2\/categories?post=95170"},{"taxonomy":"post_tag","embeddable":true,"href":"https:\/\/jorgezanoni.com.br\/2019\/wp-json\/wp\/v2\/tags?post=95170"}],"curies":[{"name":"wp","href":"https:\/\/api.w.org\/{rel}","templated":true}]}}