{"id":9517,"date":"2019-10-23T16:43:05","date_gmt":"2019-10-23T16:43:05","guid":{"rendered":"https:\/\/jorgezanoni.com.br\/2019\/?p=9517"},"modified":"2019-10-23T16:43:05","modified_gmt":"2019-10-23T16:43:05","slug":"dia-mundial-de-combate-a-polio-rotarianos-de-dracena-tem-programacao","status":"publish","type":"post","link":"https:\/\/jorgezanoni.com.br\/2019\/dia-mundial-de-combate-a-polio-rotarianos-de-dracena-tem-programacao\/","title":{"rendered":"Dia Mundial de Combate a P\u00f3lio. Rotarianos de Dracena tem programa\u00e7\u00e3o"},"content":{"rendered":"<h2 class=\"rtecenter\" dir=\"ltr\" style=\"text-align: justify;\">Um dia e um objetivo: erradicar a p\u00f3lio<\/h2>\n<h3 class=\"rtecenter\" dir=\"ltr\" style=\"text-align: justify;\">24 de outubro<\/h3>\n<p class=\"width-75 rtecenter\" dir=\"ltr\" style=\"text-align: justify;\">No Dia Mundial de Combate \u00e0 P\u00f3lio, milhares de Rotary Clubs realizar\u00e3o a\u00e7\u00f5es e campanhas de arrecada\u00e7\u00e3o para comemorar o nosso progresso global na luta contra a paralisia infantil.<\/p>\n<p class=\"width-75 rtecenter\" dir=\"ltr\" style=\"text-align: justify;\">O Rotary est\u00e1 organizando um evento especial para o dia 24 de outubro de 2019, que ser\u00e1 transmitido pelo Facebook em diferentes fusos hor\u00e1rios e idiomas, e aumentar\u00e1 ainda mais a conscientiza\u00e7\u00e3o p\u00fablica sobre a import\u00e2ncia da erradica\u00e7\u00e3o da doen\u00e7a. Acesse a<strong><a href=\"https:\/\/www.facebook.com\/events\/2240079216109703\/\" target=\"_blank\" rel=\"noopener noreferrer\">\u00a0p\u00e1gina do Rotary Brasil no Facebook<\/a><\/strong> para expressar seu interesse em acompanhar o evento.<\/p>\n<p><img loading=\"lazy\" decoding=\"async\" class=\"alignnone size-full wp-image-9518\" src=\"https:\/\/jorgezanoni.com.br\/2019\/wp-content\/uploads\/2019\/10\/polio-3.jpg\" alt=\"\" width=\"1200\" height=\"900\" srcset=\"https:\/\/jorgezanoni.com.br\/2019\/wp-content\/uploads\/2019\/10\/polio-3.jpg 1200w, https:\/\/jorgezanoni.com.br\/2019\/wp-content\/uploads\/2019\/10\/polio-3-300x225.jpg 300w, https:\/\/jorgezanoni.com.br\/2019\/wp-content\/uploads\/2019\/10\/polio-3-768x576.jpg 768w, https:\/\/jorgezanoni.com.br\/2019\/wp-content\/uploads\/2019\/10\/polio-3-1024x768.jpg 1024w, https:\/\/jorgezanoni.com.br\/2019\/wp-content\/uploads\/2019\/10\/polio-3-80x60.jpg 80w, https:\/\/jorgezanoni.com.br\/2019\/wp-content\/uploads\/2019\/10\/polio-3-265x198.jpg 265w, https:\/\/jorgezanoni.com.br\/2019\/wp-content\/uploads\/2019\/10\/polio-3-696x522.jpg 696w, https:\/\/jorgezanoni.com.br\/2019\/wp-content\/uploads\/2019\/10\/polio-3-1068x801.jpg 1068w, https:\/\/jorgezanoni.com.br\/2019\/wp-content\/uploads\/2019\/10\/polio-3-560x420.jpg 560w\" sizes=\"auto, (max-width: 1200px) 100vw, 1200px\" \/>https:\/\/www.endpolio.org\/pt\/dia-mundial-de-combate-a-polio<\/p>\n<p style=\"text-align: justify;\"><strong>PROGRAMA\u00c7\u00c3O EM DRACENA:<\/strong><\/p>\n<p style=\"text-align: justify;\">Haver\u00e1 entrevista dia 24\/10 &#8211; Dia Mundial de combate a p\u00f3lio, na r\u00e1dio Jovem Pam as 7:15 horas<\/p>\n<p style=\"text-align: justify;\">\u00c0s 12 Hs. ser\u00e1 na r\u00e1dio Liberal FM<\/p>\n<p style=\"text-align: justify;\">Participar\u00e3o rotarianos do Rotary Clube Dracena e Dracena Imperial alusiva ao Dia Mundial de Combate a P\u00f3lio e o compromisso e atua\u00e7\u00e3o do Rotary na Erradica\u00e7\u00e3o em todo o mundo.<\/p>\n","protected":false},"excerpt":{"rendered":"<p>Um dia e um objetivo: erradicar a p\u00f3lio 24 de outubro No Dia Mundial de Combate \u00e0 P\u00f3lio, milhares de Rotary Clubs realizar\u00e3o a\u00e7\u00f5es e campanhas de arrecada\u00e7\u00e3o para comemorar o nosso progresso global na luta contra a paralisia infantil. O Rotary est\u00e1 organizando um evento especial para o dia 24 de outubro de 2019, [&hellip;]<\/p>\n","protected":false},"author":1,"featured_media":9519,"comment_status":"closed","ping_status":"open","sticky":false,"template":"","format":"standard","meta":{"footnotes":""},"categories":[110,122],"tags":[],"class_list":["post-9517","post","type-post","status-publish","format-standard","has-post-thumbnail","hentry","category-noticiasdestaque","category-saudeeducacaoeconcurso"],"_links":{"self":[{"href":"https:\/\/jorgezanoni.com.br\/2019\/wp-json\/wp\/v2\/posts\/9517","targetHints":{"allow":["GET"]}}],"collection":[{"href":"https:\/\/jorgezanoni.com.br\/2019\/wp-json\/wp\/v2\/posts"}],"about":[{"href":"https:\/\/jorgezanoni.com.br\/2019\/wp-json\/wp\/v2\/types\/post"}],"author":[{"embeddable":true,"href":"https:\/\/jorgezanoni.com.br\/2019\/wp-json\/wp\/v2\/users\/1"}],"replies":[{"embeddable":true,"href":"https:\/\/jorgezanoni.com.br\/2019\/wp-json\/wp\/v2\/comments?post=9517"}],"version-history":[{"count":0,"href":"https:\/\/jorgezanoni.com.br\/2019\/wp-json\/wp\/v2\/posts\/9517\/revisions"}],"wp:featuredmedia":[{"embeddable":true,"href":"https:\/\/jorgezanoni.com.br\/2019\/wp-json\/wp\/v2\/media\/9519"}],"wp:attachment":[{"href":"https:\/\/jorgezanoni.com.br\/2019\/wp-json\/wp\/v2\/media?parent=9517"}],"wp:term":[{"taxonomy":"category","embeddable":true,"href":"https:\/\/jorgezanoni.com.br\/2019\/wp-json\/wp\/v2\/categories?post=9517"},{"taxonomy":"post_tag","embeddable":true,"href":"https:\/\/jorgezanoni.com.br\/2019\/wp-json\/wp\/v2\/tags?post=9517"}],"curies":[{"name":"wp","href":"https:\/\/api.w.org\/{rel}","templated":true}]}}