{"id":95010,"date":"2025-05-22T16:45:04","date_gmt":"2025-05-22T16:45:04","guid":{"rendered":"https:\/\/jorgezanoni.com.br\/2019\/?p=95010"},"modified":"2025-05-22T16:45:04","modified_gmt":"2025-05-22T16:45:04","slug":"quando-o-coracao-se-desvia-os-efeitos-profundos-da-traicao-emocional-por-cidinha-psicologa","status":"publish","type":"post","link":"https:\/\/jorgezanoni.com.br\/2019\/quando-o-coracao-se-desvia-os-efeitos-profundos-da-traicao-emocional-por-cidinha-psicologa\/","title":{"rendered":"Quando o cora\u00e7\u00e3o se desvia: Os efeitos profundos da trai\u00e7\u00e3o emocional  (por Cidinha Psic\u00f3loga)"},"content":{"rendered":"<p style=\"text-align: justify;\">A trai\u00e7\u00e3o emocional n\u00e3o envolve contato f\u00edsico, mas o envolvimento afetivo pode ser ainda mais devastador e mais profundo do que a trai\u00e7\u00e3o f\u00edsica.<\/p>\n<p style=\"text-align: justify;\">Os v\u00ednculos de um casamento ou de um relacionamento amoroso podem ficar seriamente abalados quando um dos parceiros se conecta emocionalmente com outra pessoa e estabelece um v\u00ednculo \u00edntimo afetivo, e duradouro fora da rela\u00e7\u00e3o oficial. \u00a0A trai\u00e7\u00e3o emocional \u00e9 uma forma sutil, mas profunda de romper a confian\u00e7a de um relacionamento.<\/p>\n<p style=\"text-align: justify;\">\u00a0Mesmo sem beijos, toques ou rela\u00e7\u00f5es sexuais o envolvimento caracteriza trai\u00e7\u00e3o. O envolvimento emocional acontece quando o indiv\u00edduo investe tempo, aten\u00e7\u00e3o constantes, conversas profundas com fantasias rom\u00e2nticas e euforia ao receber mensagens.<\/p>\n<p style=\"text-align: justify;\">\u00a0Mas, por que acontece envolvimento emocional? Existem v\u00e1rios motivos. Na falta de conex\u00e3o emocional dentro da rela\u00e7\u00e3o quando um casal deixa de compartilhar sentimentos, sonhos e conversas profundas, um dos parceiros pode buscar essa conex\u00e3o fora da rela\u00e7\u00e3o. Isso pode acontecer mesmo em rela\u00e7\u00f5es consideradas saud\u00e1veis, quando um dos parceiros n\u00e3o lida bem com seus limites emocionais ou car\u00eancias.<\/p>\n<p style=\"text-align: justify;\">\u00a0A necessidade de se sentir desejado, a car\u00eancia emocional, a curiosidade e a emo\u00e7\u00e3o de um novo envolvimento podem trazer sensa\u00e7\u00f5es intensas, viciantes e irreais de bem-estar. O campo da trai\u00e7\u00e3o emocional, para muitos, pode ser ainda mais doloroso do que a trai\u00e7\u00e3o f\u00edsica, porque a ideia de que o parceiro compartilhou sentimentos, sonhos e intimidades adoece a alma. Essa quebra pode gerar um grande impacto e dores emocionais que podem levar a depress\u00e3o.<\/p>\n<p style=\"text-align: justify;\">Por que d\u00f3i tanto? Psicologicamente, a dor da trai\u00e7\u00e3o emocional est\u00e1 ligada \u00e0 quebra de confian\u00e7a e de intimidade. Muitas vezes, o parceiro tra\u00eddo sente que n\u00e3o \u00e9 mais a pessoa de confian\u00e7a do outro, n\u00e3o \u00e9 mais o &#8220;porto seguro&#8221; emocional. A sensa\u00e7\u00e3o de substitui\u00e7\u00e3o afetiva pode ser devastadora, porque atinge diretamente a autoestima. \u00c9 importante entender que amizades profundas n\u00e3o s\u00e3o trai\u00e7\u00f5es. A diferen\u00e7a est\u00e1 na inten\u00e7\u00e3o, no segredo e no impacto emocional que essa conex\u00e3o traz.<\/p>\n<p><img loading=\"lazy\" decoding=\"async\" class=\"alignnone size-full wp-image-95011\" src=\"https:\/\/jorgezanoni.com.br\/2019\/wp-content\/uploads\/2025\/05\/Cidinha-Pascoaloto-3.jpg\" alt=\"\" width=\"339\" height=\"480\" srcset=\"https:\/\/jorgezanoni.com.br\/2019\/wp-content\/uploads\/2025\/05\/Cidinha-Pascoaloto-3.jpg 339w, https:\/\/jorgezanoni.com.br\/2019\/wp-content\/uploads\/2025\/05\/Cidinha-Pascoaloto-3-212x300.jpg 212w, https:\/\/jorgezanoni.com.br\/2019\/wp-content\/uploads\/2025\/05\/Cidinha-Pascoaloto-3-297x420.jpg 297w\" sizes=\"auto, (max-width: 339px) 100vw, 339px\" \/>Cidinha Pascoaloto-Psic\u00f3loga, CRP 06\/158174. Presencial e online, contato: (18) 99725-6418<\/p>\n","protected":false},"excerpt":{"rendered":"<p>A trai\u00e7\u00e3o emocional n\u00e3o envolve contato f\u00edsico, mas o envolvimento afetivo pode ser ainda mais devastador e mais profundo do que a trai\u00e7\u00e3o f\u00edsica. Os v\u00ednculos de um casamento ou de um relacionamento amoroso podem ficar seriamente abalados quando um dos parceiros se conecta emocionalmente com outra pessoa e estabelece um v\u00ednculo \u00edntimo afetivo, e [&hellip;]<\/p>\n","protected":false},"author":1,"featured_media":95012,"comment_status":"closed","ping_status":"open","sticky":false,"template":"","format":"standard","meta":{"footnotes":""},"categories":[175],"tags":[],"class_list":["post-95010","post","type-post","status-publish","format-standard","has-post-thumbnail","hentry","category-artigos"],"_links":{"self":[{"href":"https:\/\/jorgezanoni.com.br\/2019\/wp-json\/wp\/v2\/posts\/95010","targetHints":{"allow":["GET"]}}],"collection":[{"href":"https:\/\/jorgezanoni.com.br\/2019\/wp-json\/wp\/v2\/posts"}],"about":[{"href":"https:\/\/jorgezanoni.com.br\/2019\/wp-json\/wp\/v2\/types\/post"}],"author":[{"embeddable":true,"href":"https:\/\/jorgezanoni.com.br\/2019\/wp-json\/wp\/v2\/users\/1"}],"replies":[{"embeddable":true,"href":"https:\/\/jorgezanoni.com.br\/2019\/wp-json\/wp\/v2\/comments?post=95010"}],"version-history":[{"count":1,"href":"https:\/\/jorgezanoni.com.br\/2019\/wp-json\/wp\/v2\/posts\/95010\/revisions"}],"predecessor-version":[{"id":95013,"href":"https:\/\/jorgezanoni.com.br\/2019\/wp-json\/wp\/v2\/posts\/95010\/revisions\/95013"}],"wp:featuredmedia":[{"embeddable":true,"href":"https:\/\/jorgezanoni.com.br\/2019\/wp-json\/wp\/v2\/media\/95012"}],"wp:attachment":[{"href":"https:\/\/jorgezanoni.com.br\/2019\/wp-json\/wp\/v2\/media?parent=95010"}],"wp:term":[{"taxonomy":"category","embeddable":true,"href":"https:\/\/jorgezanoni.com.br\/2019\/wp-json\/wp\/v2\/categories?post=95010"},{"taxonomy":"post_tag","embeddable":true,"href":"https:\/\/jorgezanoni.com.br\/2019\/wp-json\/wp\/v2\/tags?post=95010"}],"curies":[{"name":"wp","href":"https:\/\/api.w.org\/{rel}","templated":true}]}}