{"id":94985,"date":"2025-05-22T00:18:57","date_gmt":"2025-05-22T00:18:57","guid":{"rendered":"https:\/\/jorgezanoni.com.br\/2019\/?p=94985"},"modified":"2025-05-22T00:18:57","modified_gmt":"2025-05-22T00:18:57","slug":"acidente-entre-carro-e-moto-proximo-ao-pontilhao-da-rui-barbosa-deixa-duas-pessoas-feridas","status":"publish","type":"post","link":"https:\/\/jorgezanoni.com.br\/2019\/acidente-entre-carro-e-moto-proximo-ao-pontilhao-da-rui-barbosa-deixa-duas-pessoas-feridas\/","title":{"rendered":"Acidente entre carro e moto pr\u00f3ximo ao pontilh\u00e3o da Rui Barbosa deixa duas pessoas feridas"},"content":{"rendered":"<p style=\"text-align: justify;\"><strong>Fato foi registrado por volta de 12:45 H. desta quarta-feira (21).<\/strong><\/p>\n<p style=\"text-align: justify;\">Segundo informa\u00e7\u00f5es obtidas no local pela reportagem do SITE JZ e TOP TV, um ve\u00edculo Fiat P\u00e1lio tendo como motorista um idoso, e uma Motocicleta, ambos placas mercosul, conduzida por um mototaxista faziam o sentido centro-bairro pela Rui Barbosa, quando o carro foi adentrar a esquerda na Rua Martim Afonso houve a colis\u00e3o.<\/p>\n<p style=\"text-align: justify;\">O condutor da moto e uma senhora garupa, ficaram feridos, ele com dores na m\u00e3o e ela na perna, podendo ter sido fratura. Ambos foram socorridos por uma Unidade de Resgate ao Pronto Atendimento Municipal de Dracena.<\/p>\n<p style=\"text-align: justify;\">As Pol\u00edcias Militar e T\u00e9cnica compareceram ao local para os levantamentos e apura\u00e7\u00e3o de como ocorreu a batida.<\/p>\n<p><img loading=\"lazy\" decoding=\"async\" class=\"alignnone size-full wp-image-94986\" src=\"https:\/\/jorgezanoni.com.br\/2019\/wp-content\/uploads\/2025\/05\/131b5243-9afb-49b1-8bf8-ffaf0ac2d036-1-Pequeno.jpg\" alt=\"\" width=\"723\" height=\"480\" srcset=\"https:\/\/jorgezanoni.com.br\/2019\/wp-content\/uploads\/2025\/05\/131b5243-9afb-49b1-8bf8-ffaf0ac2d036-1-Pequeno.jpg 723w, https:\/\/jorgezanoni.com.br\/2019\/wp-content\/uploads\/2025\/05\/131b5243-9afb-49b1-8bf8-ffaf0ac2d036-1-Pequeno-300x199.jpg 300w, https:\/\/jorgezanoni.com.br\/2019\/wp-content\/uploads\/2025\/05\/131b5243-9afb-49b1-8bf8-ffaf0ac2d036-1-Pequeno-696x462.jpg 696w, https:\/\/jorgezanoni.com.br\/2019\/wp-content\/uploads\/2025\/05\/131b5243-9afb-49b1-8bf8-ffaf0ac2d036-1-Pequeno-633x420.jpg 633w\" sizes=\"auto, (max-width: 723px) 100vw, 723px\" \/> <img loading=\"lazy\" decoding=\"async\" class=\"alignnone size-full wp-image-94987\" src=\"https:\/\/jorgezanoni.com.br\/2019\/wp-content\/uploads\/2025\/05\/c303e16a-2334-4374-ae25-bc80d1a91237-1-Pequeno.jpg\" alt=\"\" width=\"824\" height=\"480\" srcset=\"https:\/\/jorgezanoni.com.br\/2019\/wp-content\/uploads\/2025\/05\/c303e16a-2334-4374-ae25-bc80d1a91237-1-Pequeno.jpg 824w, https:\/\/jorgezanoni.com.br\/2019\/wp-content\/uploads\/2025\/05\/c303e16a-2334-4374-ae25-bc80d1a91237-1-Pequeno-300x175.jpg 300w, https:\/\/jorgezanoni.com.br\/2019\/wp-content\/uploads\/2025\/05\/c303e16a-2334-4374-ae25-bc80d1a91237-1-Pequeno-768x447.jpg 768w, https:\/\/jorgezanoni.com.br\/2019\/wp-content\/uploads\/2025\/05\/c303e16a-2334-4374-ae25-bc80d1a91237-1-Pequeno-696x405.jpg 696w, https:\/\/jorgezanoni.com.br\/2019\/wp-content\/uploads\/2025\/05\/c303e16a-2334-4374-ae25-bc80d1a91237-1-Pequeno-721x420.jpg 721w\" sizes=\"auto, (max-width: 824px) 100vw, 824px\" \/><\/p>\n<p>Jorge Zanoni<\/p>\n","protected":false},"excerpt":{"rendered":"<p>Fato foi registrado por volta de 12:45 H. desta quarta-feira (21). Segundo informa\u00e7\u00f5es obtidas no local pela reportagem do SITE JZ e TOP TV, um ve\u00edculo Fiat P\u00e1lio tendo como motorista um idoso, e uma Motocicleta, ambos placas mercosul, conduzida por um mototaxista faziam o sentido centro-bairro pela Rui Barbosa, quando o carro foi adentrar [&hellip;]<\/p>\n","protected":false},"author":1,"featured_media":94988,"comment_status":"closed","ping_status":"open","sticky":false,"template":"","format":"standard","meta":{"footnotes":""},"categories":[170,110],"tags":[],"class_list":["post-94985","post","type-post","status-publish","format-standard","has-post-thumbnail","hentry","category-acidentes","category-noticiasdestaque"],"_links":{"self":[{"href":"https:\/\/jorgezanoni.com.br\/2019\/wp-json\/wp\/v2\/posts\/94985","targetHints":{"allow":["GET"]}}],"collection":[{"href":"https:\/\/jorgezanoni.com.br\/2019\/wp-json\/wp\/v2\/posts"}],"about":[{"href":"https:\/\/jorgezanoni.com.br\/2019\/wp-json\/wp\/v2\/types\/post"}],"author":[{"embeddable":true,"href":"https:\/\/jorgezanoni.com.br\/2019\/wp-json\/wp\/v2\/users\/1"}],"replies":[{"embeddable":true,"href":"https:\/\/jorgezanoni.com.br\/2019\/wp-json\/wp\/v2\/comments?post=94985"}],"version-history":[{"count":1,"href":"https:\/\/jorgezanoni.com.br\/2019\/wp-json\/wp\/v2\/posts\/94985\/revisions"}],"predecessor-version":[{"id":94990,"href":"https:\/\/jorgezanoni.com.br\/2019\/wp-json\/wp\/v2\/posts\/94985\/revisions\/94990"}],"wp:featuredmedia":[{"embeddable":true,"href":"https:\/\/jorgezanoni.com.br\/2019\/wp-json\/wp\/v2\/media\/94988"}],"wp:attachment":[{"href":"https:\/\/jorgezanoni.com.br\/2019\/wp-json\/wp\/v2\/media?parent=94985"}],"wp:term":[{"taxonomy":"category","embeddable":true,"href":"https:\/\/jorgezanoni.com.br\/2019\/wp-json\/wp\/v2\/categories?post=94985"},{"taxonomy":"post_tag","embeddable":true,"href":"https:\/\/jorgezanoni.com.br\/2019\/wp-json\/wp\/v2\/tags?post=94985"}],"curies":[{"name":"wp","href":"https:\/\/api.w.org\/{rel}","templated":true}]}}