{"id":94974,"date":"2025-05-21T01:53:53","date_gmt":"2025-05-21T01:53:53","guid":{"rendered":"https:\/\/jorgezanoni.com.br\/2019\/?p=94974"},"modified":"2025-05-21T01:54:59","modified_gmt":"2025-05-21T01:54:59","slug":"corpo-de-bombeiros-de-dracena-comemora-47-anos-de-criacao-hoje","status":"publish","type":"post","link":"https:\/\/jorgezanoni.com.br\/2019\/corpo-de-bombeiros-de-dracena-comemora-47-anos-de-criacao-hoje\/","title":{"rendered":"Corpo de Bombeiros de Dracena comemora 47 anos de cria\u00e7\u00e3o hoje"},"content":{"rendered":"<p style=\"text-align: justify;\"><strong>O Corpo de Bombeiros de Dracena comemora os 47 anos de atividades hoje (20) com in\u00fameras presta\u00e7\u00f5es de servi\u00e7os \u00e0 comunidade de Dracena e regi\u00e3o.<\/strong><\/p>\n<p style=\"text-align: justify;\">Dracena \u00e9 respons\u00e1vel pelo atendimento de ocorr\u00eancias em Dracena, Junqueir\u00f3polis, Flora Rica, Irapuru, Tupi Paulista, Ouro Verde, Santa Mercedes, Nova Guataporanga, Monte Castelo, S\u00e3o Jo\u00e3o do Pau D\u2019 Alho, Pauliceia e Panorama.<\/p>\n<p style=\"text-align: justify;\"><strong>HIST\u00d3RICO \u2013<\/strong>\u00a0O Corpo de Bombeiros de Dracena foi criando em\u00a0<strong>20 de maio de 1978<\/strong>\u00a0por meio da lei municipal n\u00ba 1.219, de 26 de dezembro de 1977 e pela estadual de n\u00ba 687, de 30 de setembro de 1975, durante a gest\u00e3o do ent\u00e3o prefeito Paulo Tahara. Em 4 de julho de 1989, com a cria\u00e7\u00e3o do 14\u00ba Grupamento de Inc\u00eandio, sede regional do Corpo de Bombeiros, instalado em Presidente Prudente, Dracena passou a sediar o 3\u00ba Subgrupamento de Inc\u00eandio, comandando al\u00e9m do Posto de Bombeiros de Dracena, os postos das cidades de Adamantina e de Osvaldo Cruz.<\/p>\n<p style=\"text-align: justify;\">Em 24 de agosto de 2001, foram inauguradas as instala\u00e7\u00f5es das atuais sedes do 3\u00ba Subgrupamento de Bombeiros e Posto de Bombeiros de Dracena pelo capit\u00e3o PM J\u00falio C\u00e9sar Marques Dias na gest\u00e3o do prefeito Jos\u00e9 Cl\u00e1udio Grando.<\/p>\n<p style=\"text-align: justify;\">Junqueir\u00f3polis conta com uma base de atendimento.<\/p>\n<p style=\"text-align: justify;\">O Site JZ e TOP TV parabenizam todos os atuais integrantes da Corpora\u00e7\u00e3o e tamb\u00e9m aqueles que prestaram relevantes servi\u00e7os a comunidade dracenense e da regi\u00e3o durante esses 47 anos.<\/p>\n<p><img loading=\"lazy\" decoding=\"async\" class=\"alignnone size-full wp-image-94975\" src=\"https:\/\/jorgezanoni.com.br\/2019\/wp-content\/uploads\/2025\/05\/zz-bombeiros.jpg\" alt=\"\" width=\"640\" height=\"480\" srcset=\"https:\/\/jorgezanoni.com.br\/2019\/wp-content\/uploads\/2025\/05\/zz-bombeiros.jpg 640w, https:\/\/jorgezanoni.com.br\/2019\/wp-content\/uploads\/2025\/05\/zz-bombeiros-300x225.jpg 300w, https:\/\/jorgezanoni.com.br\/2019\/wp-content\/uploads\/2025\/05\/zz-bombeiros-80x60.jpg 80w, https:\/\/jorgezanoni.com.br\/2019\/wp-content\/uploads\/2025\/05\/zz-bombeiros-265x198.jpg 265w, https:\/\/jorgezanoni.com.br\/2019\/wp-content\/uploads\/2025\/05\/zz-bombeiros-560x420.jpg 560w\" sizes=\"auto, (max-width: 640px) 100vw, 640px\" \/><img loading=\"lazy\" decoding=\"async\" class=\"alignnone size-full wp-image-94976\" src=\"https:\/\/jorgezanoni.com.br\/2019\/wp-content\/uploads\/2025\/05\/zz-bom-1.jpg\" alt=\"\" width=\"800\" height=\"600\" srcset=\"https:\/\/jorgezanoni.com.br\/2019\/wp-content\/uploads\/2025\/05\/zz-bom-1.jpg 800w, https:\/\/jorgezanoni.com.br\/2019\/wp-content\/uploads\/2025\/05\/zz-bom-1-300x225.jpg 300w, https:\/\/jorgezanoni.com.br\/2019\/wp-content\/uploads\/2025\/05\/zz-bom-1-768x576.jpg 768w, https:\/\/jorgezanoni.com.br\/2019\/wp-content\/uploads\/2025\/05\/zz-bom-1-80x60.jpg 80w, https:\/\/jorgezanoni.com.br\/2019\/wp-content\/uploads\/2025\/05\/zz-bom-1-265x198.jpg 265w, https:\/\/jorgezanoni.com.br\/2019\/wp-content\/uploads\/2025\/05\/zz-bom-1-696x522.jpg 696w, https:\/\/jorgezanoni.com.br\/2019\/wp-content\/uploads\/2025\/05\/zz-bom-1-560x420.jpg 560w\" sizes=\"auto, (max-width: 800px) 100vw, 800px\" \/> <img loading=\"lazy\" decoding=\"async\" class=\"alignnone size-full wp-image-94977\" src=\"https:\/\/jorgezanoni.com.br\/2019\/wp-content\/uploads\/2025\/05\/zz-bom.jpg\" alt=\"\" width=\"800\" height=\"600\" srcset=\"https:\/\/jorgezanoni.com.br\/2019\/wp-content\/uploads\/2025\/05\/zz-bom.jpg 800w, https:\/\/jorgezanoni.com.br\/2019\/wp-content\/uploads\/2025\/05\/zz-bom-300x225.jpg 300w, https:\/\/jorgezanoni.com.br\/2019\/wp-content\/uploads\/2025\/05\/zz-bom-768x576.jpg 768w, https:\/\/jorgezanoni.com.br\/2019\/wp-content\/uploads\/2025\/05\/zz-bom-80x60.jpg 80w, https:\/\/jorgezanoni.com.br\/2019\/wp-content\/uploads\/2025\/05\/zz-bom-265x198.jpg 265w, https:\/\/jorgezanoni.com.br\/2019\/wp-content\/uploads\/2025\/05\/zz-bom-696x522.jpg 696w, https:\/\/jorgezanoni.com.br\/2019\/wp-content\/uploads\/2025\/05\/zz-bom-560x420.jpg 560w\" sizes=\"auto, (max-width: 800px) 100vw, 800px\" \/><\/p>\n<p>Jorge Zanoni<\/p>\n","protected":false},"excerpt":{"rendered":"<p>O Corpo de Bombeiros de Dracena comemora os 47 anos de atividades hoje (20) com in\u00fameras presta\u00e7\u00f5es de servi\u00e7os \u00e0 comunidade de Dracena e regi\u00e3o. Dracena \u00e9 respons\u00e1vel pelo atendimento de ocorr\u00eancias em Dracena, Junqueir\u00f3polis, Flora Rica, Irapuru, Tupi Paulista, Ouro Verde, Santa Mercedes, Nova Guataporanga, Monte Castelo, S\u00e3o Jo\u00e3o do Pau D\u2019 Alho, Pauliceia [&hellip;]<\/p>\n","protected":false},"author":1,"featured_media":94978,"comment_status":"closed","ping_status":"open","sticky":false,"template":"","format":"standard","meta":{"footnotes":""},"categories":[179,184,110,2],"tags":[],"class_list":["post-94974","post","type-post","status-publish","format-standard","has-post-thumbnail","hentry","category-cidadeseregiao","category-dracena","category-noticiasdestaque","category-policial"],"_links":{"self":[{"href":"https:\/\/jorgezanoni.com.br\/2019\/wp-json\/wp\/v2\/posts\/94974","targetHints":{"allow":["GET"]}}],"collection":[{"href":"https:\/\/jorgezanoni.com.br\/2019\/wp-json\/wp\/v2\/posts"}],"about":[{"href":"https:\/\/jorgezanoni.com.br\/2019\/wp-json\/wp\/v2\/types\/post"}],"author":[{"embeddable":true,"href":"https:\/\/jorgezanoni.com.br\/2019\/wp-json\/wp\/v2\/users\/1"}],"replies":[{"embeddable":true,"href":"https:\/\/jorgezanoni.com.br\/2019\/wp-json\/wp\/v2\/comments?post=94974"}],"version-history":[{"count":1,"href":"https:\/\/jorgezanoni.com.br\/2019\/wp-json\/wp\/v2\/posts\/94974\/revisions"}],"predecessor-version":[{"id":94979,"href":"https:\/\/jorgezanoni.com.br\/2019\/wp-json\/wp\/v2\/posts\/94974\/revisions\/94979"}],"wp:featuredmedia":[{"embeddable":true,"href":"https:\/\/jorgezanoni.com.br\/2019\/wp-json\/wp\/v2\/media\/94978"}],"wp:attachment":[{"href":"https:\/\/jorgezanoni.com.br\/2019\/wp-json\/wp\/v2\/media?parent=94974"}],"wp:term":[{"taxonomy":"category","embeddable":true,"href":"https:\/\/jorgezanoni.com.br\/2019\/wp-json\/wp\/v2\/categories?post=94974"},{"taxonomy":"post_tag","embeddable":true,"href":"https:\/\/jorgezanoni.com.br\/2019\/wp-json\/wp\/v2\/tags?post=94974"}],"curies":[{"name":"wp","href":"https:\/\/api.w.org\/{rel}","templated":true}]}}