{"id":94953,"date":"2025-05-20T21:48:50","date_gmt":"2025-05-20T21:48:50","guid":{"rendered":"https:\/\/jorgezanoni.com.br\/2019\/?p=94953"},"modified":"2025-05-20T21:48:50","modified_gmt":"2025-05-20T21:48:50","slug":"atropelamento-com-moto-deixa-tres-feridos-sendo-uma-crianca-em-dracena","status":"publish","type":"post","link":"https:\/\/jorgezanoni.com.br\/2019\/atropelamento-com-moto-deixa-tres-feridos-sendo-uma-crianca-em-dracena\/","title":{"rendered":"Atropelamento com moto deixa tr\u00eas feridos sendo uma crian\u00e7a em Dracena"},"content":{"rendered":"<p style=\"text-align: justify;\"><strong>Acidente aconteceu por volta das 17 H. desta ter\u00e7a-feira (20) na Avenida Benedito Borges, altura do numeral 512, Distrito Comercial, proximidades do Cemit\u00e9rio de Dracena.<\/strong><\/p>\n<p style=\"text-align: justify;\">Segundo informa\u00e7\u00f5es obtidas no local pela reportagem do Site JZ e TOP TV, uma crian\u00e7a de 12 anos (masculino), por motivos a serem apurados, foi atropelada por uma moto que tinha como condutor um jovem de 19 anos e na garupa uma adolescente de 15 anos.<\/p>\n<p style=\"text-align: justify;\">Com o impacto da batida as tres pessoas ca\u00edram ao solo, sendo que o garoto tinha intenso sangramento na boca, o piloto da moto teve uma poss\u00edvel fratura de Cl\u00e1vicula e a mo\u00e7a escoria\u00e7\u00f5es diversas.<\/p>\n<p style=\"text-align: justify;\">Os tr\u00eas foram socorridos por Unidades do Resgate do Corpo de Bombeiros ao Pronto Atendimento Municipal do Bairro S\u00e3o Crist\u00f3v\u00e3o<\/p>\n<p style=\"text-align: justify;\">A informa\u00e7\u00e3o \u00e9 de que o condutor n\u00e3o era habilitado para condu\u00e7\u00e3o do ve\u00edculo que se envolveu no acidente.<\/p>\n<p style=\"text-align: justify;\">As Pol\u00edcias Militar, inclusive a motorizada e a Per\u00edcia T\u00e9cnica estiveram no local para os devidos levantamentos que ir\u00e3o apontar as reais causas do acidente.<\/p>\n<p><img loading=\"lazy\" decoding=\"async\" class=\"alignnone size-full wp-image-94954\" src=\"https:\/\/jorgezanoni.com.br\/2019\/wp-content\/uploads\/2025\/05\/751e7a33-b570-45b7-adef-7236977a00f8-Pequeno.jpg\" alt=\"\" width=\"853\" height=\"480\" srcset=\"https:\/\/jorgezanoni.com.br\/2019\/wp-content\/uploads\/2025\/05\/751e7a33-b570-45b7-adef-7236977a00f8-Pequeno.jpg 853w, https:\/\/jorgezanoni.com.br\/2019\/wp-content\/uploads\/2025\/05\/751e7a33-b570-45b7-adef-7236977a00f8-Pequeno-300x169.jpg 300w, https:\/\/jorgezanoni.com.br\/2019\/wp-content\/uploads\/2025\/05\/751e7a33-b570-45b7-adef-7236977a00f8-Pequeno-768x432.jpg 768w, https:\/\/jorgezanoni.com.br\/2019\/wp-content\/uploads\/2025\/05\/751e7a33-b570-45b7-adef-7236977a00f8-Pequeno-696x392.jpg 696w, https:\/\/jorgezanoni.com.br\/2019\/wp-content\/uploads\/2025\/05\/751e7a33-b570-45b7-adef-7236977a00f8-Pequeno-746x420.jpg 746w\" sizes=\"auto, (max-width: 853px) 100vw, 853px\" \/><\/p>\n<p>Jorge Zanoni<\/p>\n<p>&nbsp;<\/p>\n<p>&nbsp;<\/p>\n","protected":false},"excerpt":{"rendered":"<p>Acidente aconteceu por volta das 17 H. desta ter\u00e7a-feira (20) na Avenida Benedito Borges, altura do numeral 512, Distrito Comercial, proximidades do Cemit\u00e9rio de Dracena. Segundo informa\u00e7\u00f5es obtidas no local pela reportagem do Site JZ e TOP TV, uma crian\u00e7a de 12 anos (masculino), por motivos a serem apurados, foi atropelada por uma moto que [&hellip;]<\/p>\n","protected":false},"author":1,"featured_media":94955,"comment_status":"closed","ping_status":"open","sticky":false,"template":"","format":"standard","meta":{"footnotes":""},"categories":[170,110],"tags":[],"class_list":["post-94953","post","type-post","status-publish","format-standard","has-post-thumbnail","hentry","category-acidentes","category-noticiasdestaque"],"_links":{"self":[{"href":"https:\/\/jorgezanoni.com.br\/2019\/wp-json\/wp\/v2\/posts\/94953","targetHints":{"allow":["GET"]}}],"collection":[{"href":"https:\/\/jorgezanoni.com.br\/2019\/wp-json\/wp\/v2\/posts"}],"about":[{"href":"https:\/\/jorgezanoni.com.br\/2019\/wp-json\/wp\/v2\/types\/post"}],"author":[{"embeddable":true,"href":"https:\/\/jorgezanoni.com.br\/2019\/wp-json\/wp\/v2\/users\/1"}],"replies":[{"embeddable":true,"href":"https:\/\/jorgezanoni.com.br\/2019\/wp-json\/wp\/v2\/comments?post=94953"}],"version-history":[{"count":1,"href":"https:\/\/jorgezanoni.com.br\/2019\/wp-json\/wp\/v2\/posts\/94953\/revisions"}],"predecessor-version":[{"id":94957,"href":"https:\/\/jorgezanoni.com.br\/2019\/wp-json\/wp\/v2\/posts\/94953\/revisions\/94957"}],"wp:featuredmedia":[{"embeddable":true,"href":"https:\/\/jorgezanoni.com.br\/2019\/wp-json\/wp\/v2\/media\/94955"}],"wp:attachment":[{"href":"https:\/\/jorgezanoni.com.br\/2019\/wp-json\/wp\/v2\/media?parent=94953"}],"wp:term":[{"taxonomy":"category","embeddable":true,"href":"https:\/\/jorgezanoni.com.br\/2019\/wp-json\/wp\/v2\/categories?post=94953"},{"taxonomy":"post_tag","embeddable":true,"href":"https:\/\/jorgezanoni.com.br\/2019\/wp-json\/wp\/v2\/tags?post=94953"}],"curies":[{"name":"wp","href":"https:\/\/api.w.org\/{rel}","templated":true}]}}