{"id":94905,"date":"2025-05-18T14:14:16","date_gmt":"2025-05-18T14:14:16","guid":{"rendered":"https:\/\/jorgezanoni.com.br\/2019\/?p=94905"},"modified":"2025-05-18T14:15:32","modified_gmt":"2025-05-18T14:15:32","slug":"policia-civil-localiza-e-identifica-motorista-de-caminhonete-suspeito-de-colidir-contra-grade-de-protecao-do-forum-de-dracena-e-fugir-do-local","status":"publish","type":"post","link":"https:\/\/jorgezanoni.com.br\/2019\/policia-civil-localiza-e-identifica-motorista-de-caminhonete-suspeito-de-colidir-contra-grade-de-protecao-do-forum-de-dracena-e-fugir-do-local\/","title":{"rendered":"Policia Civil localiza e identifica motorista de caminhonete suspeito de colidir contra grade de prote\u00e7\u00e3o do Forum de Dracena e fugir do local"},"content":{"rendered":"<p style=\"text-align: justify;\">A Pol\u00edcia Civil do Estado de S\u00e3o Paulo, por interm\u00e9dio de agentes das Unidades Especializadas DIG e DISE, em apoio ao Plant\u00e3o da Central de Pol\u00edcia Judici\u00e1ria (CPJ), identificou e localizou, neste s\u00e1bado (17), um homem de 20 anos suspeito de conduzir a camionete que colidiu contra as grades de prote\u00e7\u00e3o e o port\u00e3o de acesso do pr\u00e9dio do F\u00f3rum da Comarca de Dracena.<\/p>\n<p style=\"text-align: justify;\">O acidente ocorreu por volta das 22h40 da noite de sexta-feira (16), na Rua Bol\u00edvia, via de sentido \u00fanico, em prov\u00e1vel dire\u00e7\u00e3o bairro-centro. Por motivos ainda a serem esclarecidos ap\u00f3s a conclus\u00e3o das per\u00edcias requisitadas, o ve\u00edculo utilit\u00e1rio avan\u00e7ou sobre a cal\u00e7ada e colidiu violentamente com as grades de prote\u00e7\u00e3o do pr\u00e9dio do Judici\u00e1rio Estadual. O impacto tamb\u00e9m causou a derrubada do port\u00e3o de acesso e a destrui\u00e7\u00e3o das grades de um corrim\u00e3o. A camionete parou com a cabine no interior do p\u00e1tio do f\u00f3rum e a carroceria sobre o passeio p\u00fablico.<\/p>\n<p style=\"text-align: justify;\">Durante o registro do boletim de ocorr\u00eancia por fuga do local de acidente, a Pol\u00edcia Civil foi informada de que o propriet\u00e1rio do ve\u00edculo esteve no local, mas alegou n\u00e3o saber quem estava conduzindo a camionete no momento do fato. A Pol\u00edcia Cient\u00edfica foi acionada para realizar a per\u00edcia no local, visando descrever a din\u00e2mica e as poss\u00edveis causas do acidente.<\/p>\n<p style=\"text-align: justify;\">J\u00e1 na manh\u00e3 de s\u00e1bado (17), agentes do setor de investiga\u00e7\u00f5es da DIG\/DISE deram in\u00edcio \u00e0s dilig\u00eancias no local, resultando na apreens\u00e3o da camionete, que ser\u00e1 submetida a novos exames periciais conforme o andamento da investiga\u00e7\u00e3o.<\/p>\n<p style=\"text-align: justify;\">Durante as dilig\u00eancias, os policiais identificaram e localizaram o jovem de 20 anos suspeito de estar ao volante no momento da colis\u00e3o. Na resid\u00eancia dele, foram apreendidas roupas pertencentes ao filho do propriet\u00e1rio do ve\u00edculo, que, segundo familiares, estaria na companhia do suspeito durante o acidente.<\/p>\n<p style=\"text-align: justify;\">O investigado compareceu ao Plant\u00e3o da CPJ acompanhado de seu advogado, prestou depoimento e afirmou que uma poss\u00edvel falha mec\u00e2nica, aliada a uma manobra para desviar de um animal dom\u00e9stico, teria provocado a perda de controle do ve\u00edculo, resultando na colis\u00e3o com a estrutura p\u00fablica. Ap\u00f3s oitiva, ele foi liberado.<\/p>\n<p style=\"text-align: justify;\">A Pol\u00edcia Civil requisitou exame de corpo de delito, pois o suspeito apresentava hematomas na regi\u00e3o frontal esquerda, occipital e na parte posterior do joelho esquerdo. Tamb\u00e9m foi solicitado exame cl\u00ednico para averiguar eventual embriaguez.<\/p>\n<p style=\"text-align: justify;\">O procedimento ser\u00e1 encaminhado ao N\u00facleo Especial Criminal (NECRIM) para continuidade das investiga\u00e7\u00f5es, especialmente no que se refere \u00e0 poss\u00edvel infra\u00e7\u00e3o ao artigo 305 do C\u00f3digo de Tr\u00e2nsito Brasileiro, que trata do crime de fuga do local do acidente.<\/p>\n<p><img loading=\"lazy\" decoding=\"async\" class=\"alignnone size-full wp-image-94906\" src=\"https:\/\/jorgezanoni.com.br\/2019\/wp-content\/uploads\/2025\/05\/forum-Pequeno.jpg\" alt=\"\" width=\"854\" height=\"477\" srcset=\"https:\/\/jorgezanoni.com.br\/2019\/wp-content\/uploads\/2025\/05\/forum-Pequeno.jpg 854w, https:\/\/jorgezanoni.com.br\/2019\/wp-content\/uploads\/2025\/05\/forum-Pequeno-300x168.jpg 300w, https:\/\/jorgezanoni.com.br\/2019\/wp-content\/uploads\/2025\/05\/forum-Pequeno-768x429.jpg 768w, https:\/\/jorgezanoni.com.br\/2019\/wp-content\/uploads\/2025\/05\/forum-Pequeno-696x389.jpg 696w, https:\/\/jorgezanoni.com.br\/2019\/wp-content\/uploads\/2025\/05\/forum-Pequeno-752x420.jpg 752w\" sizes=\"auto, (max-width: 854px) 100vw, 854px\" \/><\/p>\n<p>Fonte: Com. Social Pol\u00edcia Civil<\/p>\n","protected":false},"excerpt":{"rendered":"<p>A Pol\u00edcia Civil do Estado de S\u00e3o Paulo, por interm\u00e9dio de agentes das Unidades Especializadas DIG e DISE, em apoio ao Plant\u00e3o da Central de Pol\u00edcia Judici\u00e1ria (CPJ), identificou e localizou, neste s\u00e1bado (17), um homem de 20 anos suspeito de conduzir a camionete que colidiu contra as grades de prote\u00e7\u00e3o e o port\u00e3o de [&hellip;]<\/p>\n","protected":false},"author":1,"featured_media":94907,"comment_status":"closed","ping_status":"open","sticky":false,"template":"","format":"standard","meta":{"footnotes":""},"categories":[170,110],"tags":[],"class_list":["post-94905","post","type-post","status-publish","format-standard","has-post-thumbnail","hentry","category-acidentes","category-noticiasdestaque"],"_links":{"self":[{"href":"https:\/\/jorgezanoni.com.br\/2019\/wp-json\/wp\/v2\/posts\/94905","targetHints":{"allow":["GET"]}}],"collection":[{"href":"https:\/\/jorgezanoni.com.br\/2019\/wp-json\/wp\/v2\/posts"}],"about":[{"href":"https:\/\/jorgezanoni.com.br\/2019\/wp-json\/wp\/v2\/types\/post"}],"author":[{"embeddable":true,"href":"https:\/\/jorgezanoni.com.br\/2019\/wp-json\/wp\/v2\/users\/1"}],"replies":[{"embeddable":true,"href":"https:\/\/jorgezanoni.com.br\/2019\/wp-json\/wp\/v2\/comments?post=94905"}],"version-history":[{"count":1,"href":"https:\/\/jorgezanoni.com.br\/2019\/wp-json\/wp\/v2\/posts\/94905\/revisions"}],"predecessor-version":[{"id":94909,"href":"https:\/\/jorgezanoni.com.br\/2019\/wp-json\/wp\/v2\/posts\/94905\/revisions\/94909"}],"wp:featuredmedia":[{"embeddable":true,"href":"https:\/\/jorgezanoni.com.br\/2019\/wp-json\/wp\/v2\/media\/94907"}],"wp:attachment":[{"href":"https:\/\/jorgezanoni.com.br\/2019\/wp-json\/wp\/v2\/media?parent=94905"}],"wp:term":[{"taxonomy":"category","embeddable":true,"href":"https:\/\/jorgezanoni.com.br\/2019\/wp-json\/wp\/v2\/categories?post=94905"},{"taxonomy":"post_tag","embeddable":true,"href":"https:\/\/jorgezanoni.com.br\/2019\/wp-json\/wp\/v2\/tags?post=94905"}],"curies":[{"name":"wp","href":"https:\/\/api.w.org\/{rel}","templated":true}]}}