{"id":94850,"date":"2025-05-16T01:28:47","date_gmt":"2025-05-16T01:28:47","guid":{"rendered":"https:\/\/jorgezanoni.com.br\/2019\/?p=94850"},"modified":"2025-05-16T01:28:47","modified_gmt":"2025-05-16T01:28:47","slug":"policia-civil-recupera-produtos-furtados-e-identifica-suspeitos-que-se-passavam-por-clientes-em-loja-de-dracena","status":"publish","type":"post","link":"https:\/\/jorgezanoni.com.br\/2019\/policia-civil-recupera-produtos-furtados-e-identifica-suspeitos-que-se-passavam-por-clientes-em-loja-de-dracena\/","title":{"rendered":"Pol\u00edcia Civil recupera produtos furtados e identifica suspeitos que se passavam por clientes em loja de Dracena"},"content":{"rendered":"<p style=\"text-align: justify;\">A Pol\u00edcia Civil do Estado de S\u00e3o Paulo, por interm\u00e9dio das Unidades Especializadas da DIG\/DISE de Dracena, recuperou nesta quinta-feira (15) diversos produtos furtados de uma loja de variedades localizada na regi\u00e3o central da cidade. A investiga\u00e7\u00e3o resultou na identifica\u00e7\u00e3o de dois suspeitos, um homem de 25 anos e uma mulher de 29 anos que, segundo apurado, se passavam por clientes para cometer os crimes.<\/p>\n<p style=\"text-align: justify;\">A a\u00e7\u00e3o teve in\u00edcio ap\u00f3s o registro de um boletim de ocorr\u00eancia relatando o furto ocorrido na tarde de ontem (14), em um estabelecimento situado na Rua Monte Castelo. Conforme as investiga\u00e7\u00f5es, os suspeitos adentravam o local simulando interesse em compras e, ao distrair os funcion\u00e1rios, subtra\u00edam mercadorias.<\/p>\n<p style=\"text-align: justify;\">De posse das informa\u00e7\u00f5es iniciais, os policiais civis iniciaram dilig\u00eancias e utilizaram recursos de investiga\u00e7\u00e3o tecnol\u00f3gica, o que possibilitou a identifica\u00e7\u00e3o dos envolvidos.<\/p>\n<p style=\"text-align: justify;\">Em continuidade \u00e0 apura\u00e7\u00e3o, as equipes se dirigiram at\u00e9 a resid\u00eancia dos suspeitos. Durante entrevista com o investigado, ele confessou a autoria do crime e entregou voluntariamente o que havia subtra\u00eddo da loja. O casal foi conduzido \u00e0 Central de Pol\u00edcia Judici\u00e1ria (CPJ) para prestar esclarecimentos.<\/p>\n<p style=\"text-align: justify;\">O suspeito confirmou que esteve na loja com a inten\u00e7\u00e3o de comprar um par de brincos, mas, ao perceber a oportunidade, decidiu cometer o furto. J\u00e1 a mulher declarou que o acompanhava com o intuito de adquirir um brinquedo de pel\u00facia e negou participa\u00e7\u00e3o na a\u00e7\u00e3o delituosa.<\/p>\n<p style=\"text-align: justify;\">Os objetos foram apreendidos e devolvidos ao respons\u00e1vel pelo estabelecimento comercial. A Pol\u00edcia Civil tamb\u00e9m apreendeu as vestimentas utilizadas pelo autor no momento do crime, como forma de refor\u00e7o probat\u00f3rio.<\/p>\n<p style=\"text-align: justify;\">Ap\u00f3s a formaliza\u00e7\u00e3o dos depoimentos, os suspeitos foram liberados, uma vez que n\u00e3o se encontravam em situa\u00e7\u00e3o de flagrante e n\u00e3o havia requisitos legais para a decreta\u00e7\u00e3o de pris\u00e3o.<\/p>\n<p style=\"text-align: justify;\">A Pol\u00edcia Civil prossegue com as investiga\u00e7\u00f5es e refor\u00e7a o compromisso com a r\u00e1pida resposta \u00e0 criminalidade, garantindo seguran\u00e7a \u00e0 popula\u00e7\u00e3o de Dracena e regi\u00e3o.<\/p>\n<p>Fonte: Com. Social Pol\u00edcia Civil<\/p>\n","protected":false},"excerpt":{"rendered":"<p>A Pol\u00edcia Civil do Estado de S\u00e3o Paulo, por interm\u00e9dio das Unidades Especializadas da DIG\/DISE de Dracena, recuperou nesta quinta-feira (15) diversos produtos furtados de uma loja de variedades localizada na regi\u00e3o central da cidade. A investiga\u00e7\u00e3o resultou na identifica\u00e7\u00e3o de dois suspeitos, um homem de 25 anos e uma mulher de 29 anos que, [&hellip;]<\/p>\n","protected":false},"author":1,"featured_media":94851,"comment_status":"closed","ping_status":"open","sticky":false,"template":"","format":"standard","meta":{"footnotes":""},"categories":[110,2],"tags":[],"class_list":["post-94850","post","type-post","status-publish","format-standard","has-post-thumbnail","hentry","category-noticiasdestaque","category-policial"],"_links":{"self":[{"href":"https:\/\/jorgezanoni.com.br\/2019\/wp-json\/wp\/v2\/posts\/94850","targetHints":{"allow":["GET"]}}],"collection":[{"href":"https:\/\/jorgezanoni.com.br\/2019\/wp-json\/wp\/v2\/posts"}],"about":[{"href":"https:\/\/jorgezanoni.com.br\/2019\/wp-json\/wp\/v2\/types\/post"}],"author":[{"embeddable":true,"href":"https:\/\/jorgezanoni.com.br\/2019\/wp-json\/wp\/v2\/users\/1"}],"replies":[{"embeddable":true,"href":"https:\/\/jorgezanoni.com.br\/2019\/wp-json\/wp\/v2\/comments?post=94850"}],"version-history":[{"count":1,"href":"https:\/\/jorgezanoni.com.br\/2019\/wp-json\/wp\/v2\/posts\/94850\/revisions"}],"predecessor-version":[{"id":94852,"href":"https:\/\/jorgezanoni.com.br\/2019\/wp-json\/wp\/v2\/posts\/94850\/revisions\/94852"}],"wp:featuredmedia":[{"embeddable":true,"href":"https:\/\/jorgezanoni.com.br\/2019\/wp-json\/wp\/v2\/media\/94851"}],"wp:attachment":[{"href":"https:\/\/jorgezanoni.com.br\/2019\/wp-json\/wp\/v2\/media?parent=94850"}],"wp:term":[{"taxonomy":"category","embeddable":true,"href":"https:\/\/jorgezanoni.com.br\/2019\/wp-json\/wp\/v2\/categories?post=94850"},{"taxonomy":"post_tag","embeddable":true,"href":"https:\/\/jorgezanoni.com.br\/2019\/wp-json\/wp\/v2\/tags?post=94850"}],"curies":[{"name":"wp","href":"https:\/\/api.w.org\/{rel}","templated":true}]}}