{"id":9485,"date":"2019-10-23T14:41:58","date_gmt":"2019-10-23T14:41:58","guid":{"rendered":"https:\/\/jorgezanoni.com.br\/2019\/?p=9485"},"modified":"2019-10-23T14:41:58","modified_gmt":"2019-10-23T14:41:58","slug":"aberta-inscricoes-da-lpte-do-cdp-de-caiua-e-para-servidores-da-area-meio","status":"publish","type":"post","link":"https:\/\/jorgezanoni.com.br\/2019\/aberta-inscricoes-da-lpte-do-cdp-de-caiua-e-para-servidores-da-area-meio\/","title":{"rendered":"Aberta inscri\u00e7\u00f5es da LPTE do CDP de Caiu\u00e1 e para servidores da \u00e1rea meio"},"content":{"rendered":"<p style=\"text-align: justify;\"><strong>Nesta quarta-feira (23), foi publicada a abertura das inscri\u00e7\u00f5es na LPTE do CDP de Caiu\u00e1 para ASPs e AEVPs, e tamb\u00e9m inscri\u00e7\u00f5es para servidores da \u00e1rea meio. Segundo informa\u00e7\u00f5es extra oficial, o CDP ser\u00e1 o pr\u00f3ximo a ser inaugurado, possivelmente em novembro.<\/strong><\/p>\n<p style=\"text-align: justify;\">Resolu\u00e7\u00e3o SAP-148, de 22-10-2019<\/p>\n<div style=\"text-align: justify;\">Autoriza a abertura de inscri\u00e7\u00f5es de servidores<\/div>\n<div style=\"text-align: justify;\">pertencentes \u00e0 carreira de Agente de Seguran\u00e7a<\/div>\n<div style=\"text-align: justify;\">Penitenci\u00e1ria e \u00e0 classe de Agente de Escolta<\/div>\n<div style=\"text-align: justify;\">e Vigil\u00e2ncia Penitenci\u00e1ria, interessados em se<\/div>\n<div style=\"text-align: justify;\">transferirem para o Centro de Deten\u00e7\u00e3o Provis\u00f3ria<\/div>\n<div style=\"text-align: justify;\">de Caiu\u00e1 que se subordinar\u00e1 \u00e0 Coordenadoria de<\/div>\n<div style=\"text-align: justify;\">Unidades Prisionais da Regi\u00e3o Oeste do Estado<\/div>\n<p style=\"text-align: justify;\">O Secret\u00e1rio da Administra\u00e7\u00e3o Penitenci\u00e1ria, considerando a necessidade de aperfei\u00e7oar os procedimentos de transfer\u00eancia por meio da Lista Priorit\u00e1ria de Transfer\u00eancia Especial \u2013 LPTE e visando compor o quadro de servidores da futura unidade prisional, com previs\u00e3o de funcionamento<br \/>\nneste exerc\u00edcio, resolve:<\/p>\n<p>Artigo 1\u00ba &#8211; Autorizar a abertura de inscri\u00e7\u00f5es de servidores pertencentes \u00e0 carreira de Agente de Seguran\u00e7a Penitenci\u00e1ria e \u00e0 classe de Agente de Escolta e Vigil\u00e2ncia Penitenci\u00e1ria, interessados em se transferirem para o futuro Centro de Deten\u00e7\u00e3o Provis\u00f3ria de Caiu\u00e1, que se subordinar\u00e1 \u00e0 Coordenadoria de Unidades Prisionais da Regi\u00e3o Oeste do Estado.<\/p>\n<p>Artigo 2\u00ba \u2013 As inscri\u00e7\u00f5es ser\u00e3o efetuadas por meio da Lista Priorit\u00e1ria de Transfer\u00eancia Especial \u2013 LPTE, visando \u00e0 composi\u00e7\u00e3o do quadro funcional do futuro Centro de Deten\u00e7\u00e3o<br \/>\nProvis\u00f3ria de Caiu\u00e1.<\/p>\n<p>Artigo 3\u00ba \u2013 Poder\u00e3o se inscrever na LPTE os Agentes de Seguran\u00e7a Penitenci\u00e1ria e os Agentes de Escolta e Vigil\u00e2ncia Penitenci\u00e1ria que contem, no m\u00ednimo, com 6 meses de efetivo exerc\u00edcio no cargo, exceto aqueles classificados em car\u00e1ter provis\u00f3rio e aguardando escolha de vaga:<\/p>\n<p>Par\u00e1grafo \u00fanico: Caso seja identificado algum cadastro irregular na LPTE, o mesmo ser\u00e1 exclu\u00eddo sem pr\u00e9vio aviso.<\/p>\n<p>Artigo 4\u00ba \u2013 Os servidores inscritos na LPTE, de que trata o artigo 2\u00ba desta resolu\u00e7\u00e3o, que comprovarem residir no m\u00ednimo 12 meses no Munic\u00edpio de Caiu\u00e1, at\u00e9 a data da publica\u00e7\u00e3o<br \/>\ndesta resolu\u00e7\u00e3o, ter\u00e3o prioridade na transfer\u00eancia, desde que os demais crit\u00e9rios sejam preenchidos.<\/p>\n<p>Artigo 5\u00ba &#8211; A classifica\u00e7\u00e3o na Lista Priorit\u00e1ria de Transfer\u00eancia Especial \u2013 LPTE ser\u00e1 realizada obedecendo ao crit\u00e9rio de maior tempo de efetivo exerc\u00edcio na atual unidade de classifica\u00e7\u00e3o do servidor.<\/p>\n<p>Par\u00e1grafo \u00fanico: Os servidores classificados em definitivo e que prestaram servi\u00e7os em car\u00e1ter provis\u00f3rio em outra unidade prisional, ter\u00e3o o tempo de servi\u00e7o computado para inscri\u00e7\u00e3o<br \/>\nna presente lista.<\/p>\n<p>Artigo 6\u00ba &#8211; Havendo empate na classifica\u00e7\u00e3o ter\u00e1 prefer\u00eancia o servidor que tiver mais idade na data do t\u00e9rmino do per\u00edodo destinado \u00e0s inscri\u00e7\u00f5es. Se necess\u00e1rio, ser\u00e1 exigida a<br \/>\napresenta\u00e7\u00e3o de Certid\u00e3o de Nascimento\/Casamento.<\/p>\n<p>Artigo 7\u00ba &#8211; As transfer\u00eancias ser\u00e3o realizadas obedecendo a ordem de classifica\u00e7\u00e3o e observada a defasagem do quadro da Unidade Prisional de origem do servidor, sempre respeitando a<br \/>\nconveni\u00eancia administrativa.<\/p>\n<p>Par\u00e1grafo \u00fanico: o servidor preterido conforme caput deste artigo, ser\u00e1 inclu\u00eddo na Lista Priorit\u00e1ria de Transfer\u00eancia \u2013 LPT, quando essa for disponibilizada, mediante manifesta\u00e7\u00e3o do mesmo, todavia ser\u00e1 obedecida sua ordem de classifica\u00e7\u00e3o.<\/p>\n<p>Artigo 8\u00ba &#8211; O ato de transfer\u00eancia n\u00e3o se concretizar\u00e1 se o servidor estiver respondendo Processo Administrativo Disciplinar \u2013 PAD:<\/p>\n<p>Par\u00e1grafo \u00fanico: Em caso de Sindic\u00e2ncia, a concretiza\u00e7\u00e3o do ato de transfer\u00eancia ficar\u00e1 condicionada \u00e0 conveni\u00eancia administrativa, ap\u00f3s an\u00e1lise de cada caso pela Chefia de Gabinete onde ser\u00e3o levadas em considera\u00e7\u00e3o a natureza da infra\u00e7\u00e3o e sua consequ\u00eancia.<\/p>\n<p>Artigo 9\u00ba &#8211; Os servidores interessados em se transferirem para o futuro Centro de Deten\u00e7\u00e3o Provis\u00f3ria de Caiu\u00e1, dever\u00e3o comparecer no N\u00facleo de Pessoal, de sua unidade de classifica\u00e7\u00e3o, a fim de verificar os procedimentos necess\u00e1rios.<\/p>\n<p>Artigo 10 \u2013 Definir, com base no \u00a7 3\u00ba do art 60 da Lei 10.261\/68, que o desligamento ocorrer\u00e1 no dia da publica\u00e7\u00e3o do ato e, quando a movimenta\u00e7\u00e3o ocorrer entre unidades de munic\u00edpios diversos, ser\u00e1 concedido um per\u00edodo de tr\u00e2nsito de at\u00e9 08 dias a contar do desligamento do servidor, para que o<br \/>\nmesmo assuma o exerc\u00edcio na unidade de destino.<\/p>\n<p>Artigo 11 &#8211; Autorizar o Departamento de Recursos Humanos &#8211; DRHU desta Pasta a editar instru\u00e7\u00e3o, definindo crit\u00e9rios e procedimentos necess\u00e1rios a serem observados pelas autoridades<br \/>\nrespons\u00e1veis.<\/p>\n<p>Artigo 12 &#8211; Esta resolu\u00e7\u00e3o entra em vigor na data de sua<br \/>\npublica\u00e7\u00e3o.<\/p>\n<p style=\"text-align: justify;\"><strong>Resolu\u00e7\u00e3o SAP-149, de 22-10-2019<\/strong><\/p>\n<div style=\"text-align: justify;\">Autoriza a abertura de inscri\u00e7\u00f5es de servidores<\/div>\n<div style=\"text-align: justify;\">pertencentes \u00e0s classes de Agente T\u00e9cnico de<\/div>\n<div style=\"text-align: justify;\">Assist\u00eancia \u00e0 Sa\u00fade (Assistente Social, Psic\u00f3logo),<\/div>\n<div style=\"text-align: justify;\">Cirurgi\u00e3o Dentista, Enfermeiro, Auxiliar\/T\u00e9cnico<\/div>\n<div style=\"text-align: justify;\">de Enfermagem, M\u00e9dico (Cl\u00ednico Geral e<\/div>\n<div style=\"text-align: justify;\">Psiqui\u00e1trico), Oficial Operacional (Motorista) e<\/div>\n<div style=\"text-align: justify;\">Oficial Administrativo interessados em se transferirem para o futuro Centro de Deten\u00e7\u00e3o Provis\u00f3ria<\/div>\n<div style=\"text-align: justify;\">de Caiu\u00e1, que se subordinar\u00e1 a Coordenadoria de<\/div>\n<div style=\"text-align: justify;\">Unidades Prisionais da Regi\u00e3o Oeste do Estado<\/div>\n<div style=\"text-align: justify;\">O Secret\u00e1rio da Administra\u00e7\u00e3o Penitenci\u00e1ria, considerando<\/div>\n<div style=\"text-align: justify;\">a necessidade de constituir o quadro de servidores do futuro<\/div>\n<div style=\"text-align: justify;\">Centro de Deten\u00e7\u00e3o Provis\u00f3ria de Caiu\u00e1, resolve:<\/div>\n<p style=\"text-align: justify;\">Artigo 1\u00ba \u2013 Autorizar a abertura de inscri\u00e7\u00e3o de servidores pertencentes \u00e0s classes de Agente T\u00e9cnico de Assist\u00eancia<br \/>\n\u00e0 Sa\u00fade (Assistente Social, Psic\u00f3logo), Cirurgi\u00e3o Dentista,<br \/>\nEnfermeiro, Auxiliar\/T\u00e9cnico de Enfermagem, M\u00e9dico (Cl\u00ednico<br \/>\nGeral e Psiqui\u00e1trico), Oficial Operacional (Motorista) e Oficial<br \/>\nAdministrativo, interessados em se transferirem para o futuro<br \/>\nCentro de Deten\u00e7\u00e3o Provis\u00f3ria de Caiu\u00e1, que se subordinar\u00e1<br \/>\n\u00e0 Coordenadoria de Unidades Prisionais da Regi\u00e3o Oeste<br \/>\ndo Estado.<br \/>\nArtigo 2\u00ba \u2013 Os interessados dever\u00e3o se dirigir ao Centro\/<br \/>\nN\u00facleo de Pessoal, de sua unidade de classifica\u00e7\u00e3o e protocolar<br \/>\nrequerimento constando data e hor\u00e1rio de entrega.<br \/>\nArtigo 3\u00ba \u2013 Efetuada a inscri\u00e7\u00e3o esta ser\u00e1 analisada pelo<br \/>\nN\u00facleo de Movimenta\u00e7\u00e3o de Pessoal, que confirmar\u00e1 ou n\u00e3o a<br \/>\ninclus\u00e3o do servidor na Lista.<\/p>\n<p>Artigo 4\u00ba &#8211; A partir da confirma\u00e7\u00e3o da inscri\u00e7\u00e3o, os servidores ser\u00e3o inclu\u00eddos na Lista, obedecendo o maior tempo de<br \/>\nservi\u00e7o com base na data de exerc\u00edcio no cargo\/fun\u00e7\u00e3o-atividade<br \/>\nnesta Secretaria.<br \/>\nPar\u00e1grafo \u00fanico: Se necess\u00e1rio, ser\u00e1 solicitado ao N\u00facleo de<br \/>\nPessoal da unidade de classifica\u00e7\u00e3o do servidor, certid\u00e3o com a<br \/>\ncontagem de tempo de servi\u00e7o.<br \/>\nArtigo 5\u00ba \u2013 Os requerimentos dever\u00e3o ser encaminhados<br \/>\nao N\u00facleo de Movimenta\u00e7\u00e3o de Pessoal, do Centro de Planejamento e Gest\u00e3o de Recursos Humanos, do Departamento<br \/>\nde Recursos Humanos, somente por correio eletr\u00f4nico notes<br \/>\n(Viviane Cristina Silveira), no per\u00edodo de inscri\u00e7\u00e3o.<br \/>\nArtigo 6\u00ba \u2013 As transfer\u00eancias ser\u00e3o realizadas considerando<br \/>\no quadro de pessoal da Unidade Prisional de origem do servidor,<br \/>\nsempre respeitando a conveni\u00eancia administrativa e em caso de<br \/>\nempate, o crit\u00e9rio de desempate ser\u00e1 maior idade.<br \/>\nArtigo 7\u00ba &#8211; Os servidores inscritos na lista, de que trata o<br \/>\nartigo 3\u00ba desta resolu\u00e7\u00e3o que comprovarem residir no Munic\u00edpio<br \/>\nde Caiu\u00e1 ter\u00e3o prioridade na transfer\u00eancia.<br \/>\n\u00a7 1\u00ba &#8211; Os servidores que comprovarem residir no m\u00ednimo<br \/>\n12 meses no munic\u00edpio de Caiu\u00e1, at\u00e9 a data da publica\u00e7\u00e3o<br \/>\ndesta instru\u00e7\u00e3o, ter\u00e3o prioridade na transfer\u00eancia, desde que os<br \/>\ndemais crit\u00e9rios sejam preenchidos. Para tanto, dever\u00e3o apresentar original e c\u00f3pia (leg\u00edvel) da documenta\u00e7\u00e3o comprobat\u00f3ria<br \/>\nde resid\u00eancia (conta de \u00e1gua, luz, telefone (fixo), sendo uma do<br \/>\nm\u00eas vigente e a outra que anteceda os 12 meses ou contrato de<br \/>\nloca\u00e7\u00e3o registrado em cart\u00f3rio at\u00e9 a data anterior \u00e0 publica\u00e7\u00e3o<br \/>\ndesta instru\u00e7\u00e3o).<br \/>\n\u00a7 2\u00ba &#8211; A c\u00f3pia (leg\u00edvel) da documenta\u00e7\u00e3o de que trata o<br \/>\n\u00a7 2\u00ba deste artigo dever\u00e1 conter o carimbo de confere com o<br \/>\noriginal e a assinatura do servidor respons\u00e1vel pela confer\u00eancia, dever\u00e3o ser encaminhados ao N\u00facleo de Movimenta\u00e7\u00e3o<br \/>\nde Pessoal, do Centro de Planejamento e Gest\u00e3o de Recursos<br \/>\nHumanos, do Departamento de Recursos Humanos, somente<br \/>\npor correio eletr\u00f4nico notes (Viviane Cristina Silveira), no<br \/>\nper\u00edodo de inscri\u00e7\u00e3o.<br \/>\n\u00a7 3\u00ba &#8211; O n\u00e3o encaminhamento dos documentos (leg\u00edveis)<br \/>\nelencados no \u00a7 2\u00ba, deste artigo n\u00e3o ensejar\u00e1 nova solicita\u00e7\u00e3o<br \/>\nde documenta\u00e7\u00e3o comprobat\u00f3ria por parte do N\u00facleo de Movimenta\u00e7\u00e3o de Pessoal do Centro de Planejamento e Gest\u00e3o de<br \/>\nRecursos Humanos, deste Departamento de Recursos Humano, e<br \/>\no servidor n\u00e3o ser\u00e1 classificado como residente.<br \/>\nArtigo 8\u00ba \u2013 O servidor que n\u00e3o mais desejar ser transferido<br \/>\ndever\u00e1 comunicar a desist\u00eancia antes da publica\u00e7\u00e3o do ato,<br \/>\nmediante requerimento a ser protocolado no Centro\/N\u00facleo de<br \/>\nPessoal da unidade em que estiver classificado, o qual comunicar\u00e1 o mais breve poss\u00edvel, o N\u00facleo de Movimenta\u00e7\u00e3o de Pessoal,<br \/>\ndo Centro de Planejamento e Gest\u00e3o de Recursos Humanos, do<br \/>\nDepartamento de Recursos Humanos.<br \/>\nArtigo 9\u00ba &#8211; O desligamento ocorrer\u00e1 no dia da publica\u00e7\u00e3o<br \/>\ndo ato e, quando a movimenta\u00e7\u00e3o ocorrer entre unidades de<br \/>\nmunic\u00edpios diversos, ser\u00e1 concedido um per\u00edodo de tr\u00e2nsito de<br \/>\nat\u00e9 08 dias a contar do desligamento do servidor, para que o<br \/>\nmesmo assuma o exerc\u00edcio na unidade de destino.<br \/>\nArtigo 10 \u2013 As inscri\u00e7\u00f5es, bem como a entrega dos documentos, dever\u00e3o ser efetuadas no per\u00edodo de 24 a 30-10-2019.<br \/>\nArtigo 11 \u2013 Esta resolu\u00e7\u00e3o entra em vigor na data de sua<br \/>\npublica\u00e7\u00e3o.<\/p>\n<p>* Esta publica\u00e7\u00e3o n\u00e3o substitui a original;<\/p>\n<p>Fonte: http:\/\/blogdosagentes.blogspot.com\/2019\/10\/aberta-inscricoes-da-lpte-do-cdp-de.html<\/p>\n","protected":false},"excerpt":{"rendered":"<p>Nesta quarta-feira (23), foi publicada a abertura das inscri\u00e7\u00f5es na LPTE do CDP de Caiu\u00e1 para ASPs e AEVPs, e tamb\u00e9m inscri\u00e7\u00f5es para servidores da \u00e1rea meio. Segundo informa\u00e7\u00f5es extra oficial, o CDP ser\u00e1 o pr\u00f3ximo a ser inaugurado, possivelmente em novembro. Resolu\u00e7\u00e3o SAP-148, de 22-10-2019 Autoriza a abertura de inscri\u00e7\u00f5es de servidores pertencentes \u00e0 [&hellip;]<\/p>\n","protected":false},"author":1,"featured_media":9486,"comment_status":"closed","ping_status":"open","sticky":false,"template":"","format":"standard","meta":{"footnotes":""},"categories":[114,122],"tags":[],"class_list":["post-9485","post","type-post","status-publish","format-standard","has-post-thumbnail","hentry","category-geralecomercio","category-saudeeducacaoeconcurso"],"_links":{"self":[{"href":"https:\/\/jorgezanoni.com.br\/2019\/wp-json\/wp\/v2\/posts\/9485","targetHints":{"allow":["GET"]}}],"collection":[{"href":"https:\/\/jorgezanoni.com.br\/2019\/wp-json\/wp\/v2\/posts"}],"about":[{"href":"https:\/\/jorgezanoni.com.br\/2019\/wp-json\/wp\/v2\/types\/post"}],"author":[{"embeddable":true,"href":"https:\/\/jorgezanoni.com.br\/2019\/wp-json\/wp\/v2\/users\/1"}],"replies":[{"embeddable":true,"href":"https:\/\/jorgezanoni.com.br\/2019\/wp-json\/wp\/v2\/comments?post=9485"}],"version-history":[{"count":0,"href":"https:\/\/jorgezanoni.com.br\/2019\/wp-json\/wp\/v2\/posts\/9485\/revisions"}],"wp:featuredmedia":[{"embeddable":true,"href":"https:\/\/jorgezanoni.com.br\/2019\/wp-json\/wp\/v2\/media\/9486"}],"wp:attachment":[{"href":"https:\/\/jorgezanoni.com.br\/2019\/wp-json\/wp\/v2\/media?parent=9485"}],"wp:term":[{"taxonomy":"category","embeddable":true,"href":"https:\/\/jorgezanoni.com.br\/2019\/wp-json\/wp\/v2\/categories?post=9485"},{"taxonomy":"post_tag","embeddable":true,"href":"https:\/\/jorgezanoni.com.br\/2019\/wp-json\/wp\/v2\/tags?post=9485"}],"curies":[{"name":"wp","href":"https:\/\/api.w.org\/{rel}","templated":true}]}}