{"id":94843,"date":"2025-05-16T00:52:20","date_gmt":"2025-05-16T00:52:20","guid":{"rendered":"https:\/\/jorgezanoni.com.br\/2019\/?p=94843"},"modified":"2025-05-16T00:52:20","modified_gmt":"2025-05-16T00:52:20","slug":"veiculo-desgovernado-bate-em-muro-de-residencia-e-deixa-mulher-ferida","status":"publish","type":"post","link":"https:\/\/jorgezanoni.com.br\/2019\/veiculo-desgovernado-bate-em-muro-de-residencia-e-deixa-mulher-ferida\/","title":{"rendered":"Ve\u00edculo desgovernado bate em muro de resid\u00eancia e deixa mulher ferida"},"content":{"rendered":"<p style=\"text-align: justify;\"><strong>O acidente que aconteceu por volta de 19 H., teria envolvido dois ve\u00edculos, no Bairro Metr\u00f3pole em Dracena.<\/strong><\/p>\n<p style=\"text-align: justify;\">Segundo informa\u00e7\u00f5es obtidas no local pela reportagem do SITE JZ e TOP TV, dois ve\u00edculos faziam o sentido Posto de Sa\u00fade (Post\u00e3o) \u00e0 Igreja Matriz pela Rua Esp\u00edrito Santo, quando um dos ve\u00edculos teria apresentado problemas mec\u00e2nicos e acabou batendo em outro ve\u00edculo, e desgovernado, cruzou a Rua Joaquina Maria Andr\u00e9 chocando-se contra um muro de uma resid\u00eancia.<\/p>\n<p style=\"text-align: justify;\">A condutora deste ve\u00edculo, um EcoSport placas mercosul, foi socorrida por uma Unidade de Resgate ao Pronto Atendimento Muncipal e passaria por Raio-x.<\/p>\n<p style=\"text-align: justify;\">A Pol\u00edcia Militar e Per\u00edcia T\u00e9cnica, estiveram no local para registro do B.O e um laudo apontar\u00e1 as causas do acidente.<\/p>\n<p><img loading=\"lazy\" decoding=\"async\" class=\"alignnone size-full wp-image-94844\" src=\"https:\/\/jorgezanoni.com.br\/2019\/wp-content\/uploads\/2025\/05\/8cc4d147-327e-441b-88e4-ab964bdc91d5-Pequeno.jpg\" alt=\"\" width=\"853\" height=\"480\" srcset=\"https:\/\/jorgezanoni.com.br\/2019\/wp-content\/uploads\/2025\/05\/8cc4d147-327e-441b-88e4-ab964bdc91d5-Pequeno.jpg 853w, https:\/\/jorgezanoni.com.br\/2019\/wp-content\/uploads\/2025\/05\/8cc4d147-327e-441b-88e4-ab964bdc91d5-Pequeno-300x169.jpg 300w, https:\/\/jorgezanoni.com.br\/2019\/wp-content\/uploads\/2025\/05\/8cc4d147-327e-441b-88e4-ab964bdc91d5-Pequeno-768x432.jpg 768w, https:\/\/jorgezanoni.com.br\/2019\/wp-content\/uploads\/2025\/05\/8cc4d147-327e-441b-88e4-ab964bdc91d5-Pequeno-696x392.jpg 696w, https:\/\/jorgezanoni.com.br\/2019\/wp-content\/uploads\/2025\/05\/8cc4d147-327e-441b-88e4-ab964bdc91d5-Pequeno-746x420.jpg 746w\" sizes=\"auto, (max-width: 853px) 100vw, 853px\" \/> <img loading=\"lazy\" decoding=\"async\" class=\"alignnone size-full wp-image-94845\" src=\"https:\/\/jorgezanoni.com.br\/2019\/wp-content\/uploads\/2025\/05\/24b66218-f2d2-4432-a4a2-02deb4e9a807-Pequeno.jpg\" alt=\"\" width=\"853\" height=\"480\" srcset=\"https:\/\/jorgezanoni.com.br\/2019\/wp-content\/uploads\/2025\/05\/24b66218-f2d2-4432-a4a2-02deb4e9a807-Pequeno.jpg 853w, https:\/\/jorgezanoni.com.br\/2019\/wp-content\/uploads\/2025\/05\/24b66218-f2d2-4432-a4a2-02deb4e9a807-Pequeno-300x169.jpg 300w, https:\/\/jorgezanoni.com.br\/2019\/wp-content\/uploads\/2025\/05\/24b66218-f2d2-4432-a4a2-02deb4e9a807-Pequeno-768x432.jpg 768w, https:\/\/jorgezanoni.com.br\/2019\/wp-content\/uploads\/2025\/05\/24b66218-f2d2-4432-a4a2-02deb4e9a807-Pequeno-696x392.jpg 696w, https:\/\/jorgezanoni.com.br\/2019\/wp-content\/uploads\/2025\/05\/24b66218-f2d2-4432-a4a2-02deb4e9a807-Pequeno-746x420.jpg 746w\" sizes=\"auto, (max-width: 853px) 100vw, 853px\" \/> <img loading=\"lazy\" decoding=\"async\" class=\"alignnone size-full wp-image-94846\" src=\"https:\/\/jorgezanoni.com.br\/2019\/wp-content\/uploads\/2025\/05\/af81d424-4f27-47f8-b202-8526fc6cec7f-Pequeno.jpg\" alt=\"\" width=\"270\" height=\"480\" srcset=\"https:\/\/jorgezanoni.com.br\/2019\/wp-content\/uploads\/2025\/05\/af81d424-4f27-47f8-b202-8526fc6cec7f-Pequeno.jpg 270w, https:\/\/jorgezanoni.com.br\/2019\/wp-content\/uploads\/2025\/05\/af81d424-4f27-47f8-b202-8526fc6cec7f-Pequeno-169x300.jpg 169w, https:\/\/jorgezanoni.com.br\/2019\/wp-content\/uploads\/2025\/05\/af81d424-4f27-47f8-b202-8526fc6cec7f-Pequeno-236x420.jpg 236w\" sizes=\"auto, (max-width: 270px) 100vw, 270px\" \/><\/p>\n<p style=\"text-align: justify;\">Jorge Zanoni<\/p>\n","protected":false},"excerpt":{"rendered":"<p>O acidente que aconteceu por volta de 19 H., teria envolvido dois ve\u00edculos, no Bairro Metr\u00f3pole em Dracena. Segundo informa\u00e7\u00f5es obtidas no local pela reportagem do SITE JZ e TOP TV, dois ve\u00edculos faziam o sentido Posto de Sa\u00fade (Post\u00e3o) \u00e0 Igreja Matriz pela Rua Esp\u00edrito Santo, quando um dos ve\u00edculos teria apresentado problemas mec\u00e2nicos [&hellip;]<\/p>\n","protected":false},"author":1,"featured_media":94847,"comment_status":"closed","ping_status":"open","sticky":false,"template":"","format":"standard","meta":{"footnotes":""},"categories":[170,110],"tags":[],"class_list":["post-94843","post","type-post","status-publish","format-standard","has-post-thumbnail","hentry","category-acidentes","category-noticiasdestaque"],"_links":{"self":[{"href":"https:\/\/jorgezanoni.com.br\/2019\/wp-json\/wp\/v2\/posts\/94843","targetHints":{"allow":["GET"]}}],"collection":[{"href":"https:\/\/jorgezanoni.com.br\/2019\/wp-json\/wp\/v2\/posts"}],"about":[{"href":"https:\/\/jorgezanoni.com.br\/2019\/wp-json\/wp\/v2\/types\/post"}],"author":[{"embeddable":true,"href":"https:\/\/jorgezanoni.com.br\/2019\/wp-json\/wp\/v2\/users\/1"}],"replies":[{"embeddable":true,"href":"https:\/\/jorgezanoni.com.br\/2019\/wp-json\/wp\/v2\/comments?post=94843"}],"version-history":[{"count":1,"href":"https:\/\/jorgezanoni.com.br\/2019\/wp-json\/wp\/v2\/posts\/94843\/revisions"}],"predecessor-version":[{"id":94849,"href":"https:\/\/jorgezanoni.com.br\/2019\/wp-json\/wp\/v2\/posts\/94843\/revisions\/94849"}],"wp:featuredmedia":[{"embeddable":true,"href":"https:\/\/jorgezanoni.com.br\/2019\/wp-json\/wp\/v2\/media\/94847"}],"wp:attachment":[{"href":"https:\/\/jorgezanoni.com.br\/2019\/wp-json\/wp\/v2\/media?parent=94843"}],"wp:term":[{"taxonomy":"category","embeddable":true,"href":"https:\/\/jorgezanoni.com.br\/2019\/wp-json\/wp\/v2\/categories?post=94843"},{"taxonomy":"post_tag","embeddable":true,"href":"https:\/\/jorgezanoni.com.br\/2019\/wp-json\/wp\/v2\/tags?post=94843"}],"curies":[{"name":"wp","href":"https:\/\/api.w.org\/{rel}","templated":true}]}}