{"id":94800,"date":"2025-05-14T23:25:06","date_gmt":"2025-05-14T23:25:06","guid":{"rendered":"https:\/\/jorgezanoni.com.br\/2019\/?p=94800"},"modified":"2025-05-14T23:25:06","modified_gmt":"2025-05-14T23:25:06","slug":"policia-civil-apreende-equipamentos-eletronicos-em-investigacao-sobre-ameacas-e-divulgacao-de-imagens-intimas-de-ex-companheira","status":"publish","type":"post","link":"https:\/\/jorgezanoni.com.br\/2019\/policia-civil-apreende-equipamentos-eletronicos-em-investigacao-sobre-ameacas-e-divulgacao-de-imagens-intimas-de-ex-companheira\/","title":{"rendered":"Pol\u00edcia Civil apreende equipamentos eletr\u00f4nicos em investiga\u00e7\u00e3o sobre amea\u00e7as e divulga\u00e7\u00e3o de imagens \u00edntimas de ex-companheira"},"content":{"rendered":"<p style=\"text-align: justify;\">A Pol\u00edcia Civil do Estado de S\u00e3o Paulo, por interm\u00e9dio da Delegacia de Defesa da Mulher (DDM) de Dracena, com o apoio operacional de agentes das Unidades Especializadas DIG e DISE, cumpriu, nesta quarta-feira (14), mandado de busca e apreens\u00e3o expedido pelo 2\u00ba Juizado de Viol\u00eancia Dom\u00e9stica e Familiar contra a Mulher da Comarca da Regi\u00e3o Metropolitana de Londrina (PR).<\/p>\n<p style=\"text-align: justify;\">A medida judicial foi solicitada no contexto de uma investiga\u00e7\u00e3o que apura a suposta pr\u00e1tica de armazenamento indevido e amea\u00e7a de divulga\u00e7\u00e3o de imagens \u00edntimas de uma ex-companheira por parte do investigado.<\/p>\n<p style=\"text-align: justify;\">As dilig\u00eancias foram realizadas em um im\u00f3vel localizado no bairro Parque S\u00e3o Carlos, em Dracena. Durante o cumprimento do mandado, os policiais civis apreenderam um aparelho celular, uma CPU e um notebook, todos com capacidade de armazenamento de dados.<\/p>\n<p style=\"text-align: justify;\">Os equipamentos foram devidamente lacrados e ser\u00e3o encaminhados \u00e0s autoridades policiais do Estado do Paran\u00e1, que dar\u00e3o continuidade \u00e0s investiga\u00e7\u00f5es.<\/p>\n<p style=\"text-align: justify;\">Em respeito \u00e0 legisla\u00e7\u00e3o vigente e \u00e0 natureza dos crimes investigados, a identidade dos envolvidos n\u00e3o ser\u00e1 divulgada.<\/p>\n<p>Fonte: Com. Social Pol\u00edcia Civil<\/p>\n","protected":false},"excerpt":{"rendered":"<p>A Pol\u00edcia Civil do Estado de S\u00e3o Paulo, por interm\u00e9dio da Delegacia de Defesa da Mulher (DDM) de Dracena, com o apoio operacional de agentes das Unidades Especializadas DIG e DISE, cumpriu, nesta quarta-feira (14), mandado de busca e apreens\u00e3o expedido pelo 2\u00ba Juizado de Viol\u00eancia Dom\u00e9stica e Familiar contra a Mulher da Comarca da [&hellip;]<\/p>\n","protected":false},"author":1,"featured_media":94801,"comment_status":"closed","ping_status":"open","sticky":false,"template":"","format":"standard","meta":{"footnotes":""},"categories":[110,2],"tags":[],"class_list":["post-94800","post","type-post","status-publish","format-standard","has-post-thumbnail","hentry","category-noticiasdestaque","category-policial"],"_links":{"self":[{"href":"https:\/\/jorgezanoni.com.br\/2019\/wp-json\/wp\/v2\/posts\/94800","targetHints":{"allow":["GET"]}}],"collection":[{"href":"https:\/\/jorgezanoni.com.br\/2019\/wp-json\/wp\/v2\/posts"}],"about":[{"href":"https:\/\/jorgezanoni.com.br\/2019\/wp-json\/wp\/v2\/types\/post"}],"author":[{"embeddable":true,"href":"https:\/\/jorgezanoni.com.br\/2019\/wp-json\/wp\/v2\/users\/1"}],"replies":[{"embeddable":true,"href":"https:\/\/jorgezanoni.com.br\/2019\/wp-json\/wp\/v2\/comments?post=94800"}],"version-history":[{"count":1,"href":"https:\/\/jorgezanoni.com.br\/2019\/wp-json\/wp\/v2\/posts\/94800\/revisions"}],"predecessor-version":[{"id":94802,"href":"https:\/\/jorgezanoni.com.br\/2019\/wp-json\/wp\/v2\/posts\/94800\/revisions\/94802"}],"wp:featuredmedia":[{"embeddable":true,"href":"https:\/\/jorgezanoni.com.br\/2019\/wp-json\/wp\/v2\/media\/94801"}],"wp:attachment":[{"href":"https:\/\/jorgezanoni.com.br\/2019\/wp-json\/wp\/v2\/media?parent=94800"}],"wp:term":[{"taxonomy":"category","embeddable":true,"href":"https:\/\/jorgezanoni.com.br\/2019\/wp-json\/wp\/v2\/categories?post=94800"},{"taxonomy":"post_tag","embeddable":true,"href":"https:\/\/jorgezanoni.com.br\/2019\/wp-json\/wp\/v2\/tags?post=94800"}],"curies":[{"name":"wp","href":"https:\/\/api.w.org\/{rel}","templated":true}]}}