{"id":94779,"date":"2025-05-14T11:27:33","date_gmt":"2025-05-14T11:27:33","guid":{"rendered":"https:\/\/jorgezanoni.com.br\/2019\/?p=94779"},"modified":"2025-05-14T11:27:33","modified_gmt":"2025-05-14T11:27:33","slug":"naquele-outro-lado-estava-o-tempo-por-sergio-barbosa","status":"publish","type":"post","link":"https:\/\/jorgezanoni.com.br\/2019\/naquele-outro-lado-estava-o-tempo-por-sergio-barbosa\/","title":{"rendered":"Naquele outro LADO estava o TEMPO&#8230; (por S\u00e9rgio Barbosa)"},"content":{"rendered":"<p style=\"text-align: justify;\"><strong>Naquele outro LADO estava o TEMPO&#8230;<\/strong><\/p>\n<p style=\"text-align: justify;\"><strong><em>\u201cCada um de n\u00f3s \u00e9 uma lua e tem um lado escuro que nunca mostra a ningu\u00e9m.\u201d (<\/em><\/strong><a href=\"https:\/\/www.pensador.com\/autor\/mark_twain\/\"><strong><em>Mark Twain<\/em><\/strong><\/a><strong><em>)<\/em><\/strong><strong><em>\u00a0<\/em><\/strong><\/p>\n<p style=\"text-align: justify;\"><strong><em>\u201cO tempo \u00e9 um vest\u00edgio de eternidade.\u201d (Santo Agostinho)<\/em><\/strong><strong><em>\u00a0<\/em><\/strong><\/p>\n<p style=\"text-align: justify;\"><strong>By seb@r.<\/strong><\/p>\n<p style=\"text-align: justify;\">Faz algum TEMPO que todos os LADOS estavam em sil\u00eancio pelo mesmo motivo de sempre, portanto, cada LADO estava buscando apenas o outro TEMPO&#8230;<\/p>\n<p style=\"text-align: justify;\">No mais em meio ao tudo, talvez, o TEMPO possa estar daquele outro LADO que se perdeu em si mesmo\/a, por\u00e9m, como sempre, cada LADO deve saber como anda o seu TEMPO&#8230;<\/p>\n<p style=\"text-align: justify;\">De um jeito ou de outro, nada pode ser para sempre como disse o poeta do outro TEMPO, assim, apenas quem estava naquele LADO pode saber pra onde ir sem deixar passar este mesmo TEMPO&#8230;<\/p>\n<p style=\"text-align: justify;\">Nas profundezas do TEMPO, pode ser que as ironias estejam do mesmo LADO, por\u00e9m, apenas quem est\u00e1 deste LADO pode saber como vai ficar o TEMPO&#8230;<\/p>\n<p style=\"text-align: justify;\">As d\u00favidas continuam circulando para este ou aquele LADO, todavia, apenas quem est\u00e1 neste TEMPO pode saber as respostas que ficaram do outro LADO&#8230;<\/p>\n<p style=\"text-align: justify;\">Por isso, ainda, talvez aquilo, os detalhes que est\u00e3o neste TEMPO e continuam buscando apenas o LADO da espera e nada mais, se bem que o tudo de menos pode fazer a diferen\u00e7a&#8230;<\/p>\n<p style=\"text-align: justify;\">O universo continua do mesmo LADO neste TEMPO, haja vista que as estrelas se perderam do outro LADO daquele outro TEMPO e a escurid\u00e3o continua marcando presen\u00e7a&#8230;<\/p>\n<p style=\"text-align: justify;\">Mas, como sempre, tudo pode mudar de uma hora para outra e o cen\u00e1rio ser transferido para aquele TEMPO, por\u00e9m, nem tudo pode ser alterado de LUGAR&#8230;<\/p>\n<p style=\"text-align: justify;\">Cada qual com suas escolhas neste LADO, por isso, deve-se levar em conta que este LADO pode fazer a diferen\u00e7a em meio aos desencontros de si mesmo\/a&#8230;<\/p>\n<p style=\"text-align: justify;\">Nada pode mudar o que est\u00e1 dito pelo n\u00e3o dito, portanto, o seu LADO pode ser a marca que est\u00e1 neste registro do TEMPO&#8230;<\/p>\n<p style=\"text-align: justify;\">De que LADO pode estar o TEMPO neste momento em que tudo fica do mesmo LADO, isto ou aquilo vai de encontro com as esperan\u00e7as que se perderam no TEMPO&#8230;<\/p>\n<p style=\"text-align: justify;\">Mesmo que tudo se resolva para todos os LADOS de um mesmo LADO, pode ser que nada esteja de acordo com o TEMPO e ponto quase final&#8230;<\/p>\n<p style=\"text-align: justify;\">As incertezas de que o TEMPO continua do mesmo LADO que estava naquele outro TEMPO, ou seja, que se perdeu no abismo das palavras do m\u00e1gico&#8230;<\/p>\n<p style=\"text-align: justify;\">APENAS VOC\u00ca PODE SABER QUAL ERA O SEU LUGAR NESTE TEMPO&#8230;<\/p>\n<p><strong>e-mail: <\/strong><a href=\"mailto:barbosa.sebar@gmail.com\"><strong>barbosa.sebar@gmail.com<\/strong><\/a><\/p>\n","protected":false},"excerpt":{"rendered":"<p>Naquele outro LADO estava o TEMPO&#8230; \u201cCada um de n\u00f3s \u00e9 uma lua e tem um lado escuro que nunca mostra a ningu\u00e9m.\u201d (Mark Twain)\u00a0 \u201cO tempo \u00e9 um vest\u00edgio de eternidade.\u201d (Santo Agostinho)\u00a0 By seb@r. Faz algum TEMPO que todos os LADOS estavam em sil\u00eancio pelo mesmo motivo de sempre, portanto, cada LADO estava [&hellip;]<\/p>\n","protected":false},"author":1,"featured_media":94780,"comment_status":"closed","ping_status":"open","sticky":false,"template":"","format":"standard","meta":{"footnotes":""},"categories":[175],"tags":[],"class_list":["post-94779","post","type-post","status-publish","format-standard","has-post-thumbnail","hentry","category-artigos"],"_links":{"self":[{"href":"https:\/\/jorgezanoni.com.br\/2019\/wp-json\/wp\/v2\/posts\/94779","targetHints":{"allow":["GET"]}}],"collection":[{"href":"https:\/\/jorgezanoni.com.br\/2019\/wp-json\/wp\/v2\/posts"}],"about":[{"href":"https:\/\/jorgezanoni.com.br\/2019\/wp-json\/wp\/v2\/types\/post"}],"author":[{"embeddable":true,"href":"https:\/\/jorgezanoni.com.br\/2019\/wp-json\/wp\/v2\/users\/1"}],"replies":[{"embeddable":true,"href":"https:\/\/jorgezanoni.com.br\/2019\/wp-json\/wp\/v2\/comments?post=94779"}],"version-history":[{"count":1,"href":"https:\/\/jorgezanoni.com.br\/2019\/wp-json\/wp\/v2\/posts\/94779\/revisions"}],"predecessor-version":[{"id":94781,"href":"https:\/\/jorgezanoni.com.br\/2019\/wp-json\/wp\/v2\/posts\/94779\/revisions\/94781"}],"wp:featuredmedia":[{"embeddable":true,"href":"https:\/\/jorgezanoni.com.br\/2019\/wp-json\/wp\/v2\/media\/94780"}],"wp:attachment":[{"href":"https:\/\/jorgezanoni.com.br\/2019\/wp-json\/wp\/v2\/media?parent=94779"}],"wp:term":[{"taxonomy":"category","embeddable":true,"href":"https:\/\/jorgezanoni.com.br\/2019\/wp-json\/wp\/v2\/categories?post=94779"},{"taxonomy":"post_tag","embeddable":true,"href":"https:\/\/jorgezanoni.com.br\/2019\/wp-json\/wp\/v2\/tags?post=94779"}],"curies":[{"name":"wp","href":"https:\/\/api.w.org\/{rel}","templated":true}]}}