{"id":94761,"date":"2025-05-12T23:52:48","date_gmt":"2025-05-12T23:52:48","guid":{"rendered":"https:\/\/jorgezanoni.com.br\/2019\/?p=94761"},"modified":"2025-05-12T23:52:48","modified_gmt":"2025-05-12T23:52:48","slug":"na-calada-da-noite-policia-militar-prende-mulher-por-furto-de-tijolos-em-dracena","status":"publish","type":"post","link":"https:\/\/jorgezanoni.com.br\/2019\/na-calada-da-noite-policia-militar-prende-mulher-por-furto-de-tijolos-em-dracena\/","title":{"rendered":"NA CALADA DA NOITE: Pol\u00edcia Militar prende mulher por furto de tijolos em Dracena"},"content":{"rendered":"<p style=\"text-align: justify;\">Na data de hoje (12) por volta das 01h48min policiais militares do 25\u00ba Batalh\u00e3o de Pol\u00edcia Militar do Interior pelo munic\u00edpio de Dracena durante patrulhamento pela Av. Tiradentes, a equipe avistou uma pessoa com capuz e o rosto coberto, saindo de uma constru\u00e7\u00e3o com tijolos nas m\u00e3os e os colocando em um ve\u00edculo cujas placas estavam cobertas. Ao perceber a presen\u00e7a da viatura, o indiv\u00edduo rapidamente entrou no ve\u00edculo, momento em que a equipe procedeu \u00e0 abordagem.<br \/>\nNa carroceria do ve\u00edculo foram encontrados aproximadamente 160 tijolos, retirados da referida constru\u00e7\u00e3o. Ao ser questionada, a autora afirmou que tanto a constru\u00e7\u00e3o quanto os tijolos pertenciam a seu pai, que teria autorizado a retirada do material.<br \/>\nNo entanto, a equipe tomou conhecimento que a constru\u00e7\u00e3o, na verdade, pertencia a outra pessoa e em contato com o propriet\u00e1rio, este informou que n\u00e3o conhecia a autora nem seu pai, confirmando que os tijolos foram retirados sem autoriza\u00e7\u00e3o, configurando o crime de furto.<br \/>\nDiante dos fatos, foi dada voz de pris\u00e3o \u00e0 autora. No Distrito Policial, foram apresentados a v\u00edtima sendo ratificada a pris\u00e3o em flagrante pelo crime de furto (art. 155 do C\u00f3digo Penal). A autora permaneceu \u00e0 disposi\u00e7\u00e3o da Justi\u00e7a.<\/p>\n<p>Fonte: Comunica\u00e7\u00e3o Social Pol\u00edcia Militar<\/p>\n","protected":false},"excerpt":{"rendered":"<p>Na data de hoje (12) por volta das 01h48min policiais militares do 25\u00ba Batalh\u00e3o de Pol\u00edcia Militar do Interior pelo munic\u00edpio de Dracena durante patrulhamento pela Av. Tiradentes, a equipe avistou uma pessoa com capuz e o rosto coberto, saindo de uma constru\u00e7\u00e3o com tijolos nas m\u00e3os e os colocando em um ve\u00edculo cujas placas [&hellip;]<\/p>\n","protected":false},"author":1,"featured_media":94762,"comment_status":"closed","ping_status":"open","sticky":false,"template":"","format":"standard","meta":{"footnotes":""},"categories":[110,2],"tags":[],"class_list":["post-94761","post","type-post","status-publish","format-standard","has-post-thumbnail","hentry","category-noticiasdestaque","category-policial"],"_links":{"self":[{"href":"https:\/\/jorgezanoni.com.br\/2019\/wp-json\/wp\/v2\/posts\/94761","targetHints":{"allow":["GET"]}}],"collection":[{"href":"https:\/\/jorgezanoni.com.br\/2019\/wp-json\/wp\/v2\/posts"}],"about":[{"href":"https:\/\/jorgezanoni.com.br\/2019\/wp-json\/wp\/v2\/types\/post"}],"author":[{"embeddable":true,"href":"https:\/\/jorgezanoni.com.br\/2019\/wp-json\/wp\/v2\/users\/1"}],"replies":[{"embeddable":true,"href":"https:\/\/jorgezanoni.com.br\/2019\/wp-json\/wp\/v2\/comments?post=94761"}],"version-history":[{"count":1,"href":"https:\/\/jorgezanoni.com.br\/2019\/wp-json\/wp\/v2\/posts\/94761\/revisions"}],"predecessor-version":[{"id":94763,"href":"https:\/\/jorgezanoni.com.br\/2019\/wp-json\/wp\/v2\/posts\/94761\/revisions\/94763"}],"wp:featuredmedia":[{"embeddable":true,"href":"https:\/\/jorgezanoni.com.br\/2019\/wp-json\/wp\/v2\/media\/94762"}],"wp:attachment":[{"href":"https:\/\/jorgezanoni.com.br\/2019\/wp-json\/wp\/v2\/media?parent=94761"}],"wp:term":[{"taxonomy":"category","embeddable":true,"href":"https:\/\/jorgezanoni.com.br\/2019\/wp-json\/wp\/v2\/categories?post=94761"},{"taxonomy":"post_tag","embeddable":true,"href":"https:\/\/jorgezanoni.com.br\/2019\/wp-json\/wp\/v2\/tags?post=94761"}],"curies":[{"name":"wp","href":"https:\/\/api.w.org\/{rel}","templated":true}]}}