{"id":94756,"date":"2025-05-12T23:29:57","date_gmt":"2025-05-12T23:29:57","guid":{"rendered":"https:\/\/jorgezanoni.com.br\/2019\/?p=94756"},"modified":"2025-05-12T23:31:34","modified_gmt":"2025-05-12T23:31:34","slug":"polpicia-militar-prendehomem-em-flagrante-por-furto-em-dracena","status":"publish","type":"post","link":"https:\/\/jorgezanoni.com.br\/2019\/polpicia-militar-prendehomem-em-flagrante-por-furto-em-dracena\/","title":{"rendered":"Pol\u00edcia Militar prende homem em flagrante por furto em Dracena"},"content":{"rendered":"<p style=\"text-align: justify;\">Na data de hoje (12) por volta das 11h30min policiais militares do 25\u00ba Batalh\u00e3o de Pol\u00edcia Militar do Interior pelo munic\u00edpio de Dracena ap\u00f3s serem acionados via COPOM sobre uma ocorr\u00eancia de furto, em que o autor (34 anos) que \u00e9 morador de rua subtraiu da resid\u00eancia de sua genitora, um aparelho celular do seu padrasto que \u00e9 idoso e cadeirante (homem 71 anos).<br \/>\nO autor n\u00e3o permaneceu na posse do aparelho celular pois a sua genitora recuperou a r\u00e9s furtiva 50 metros da resid\u00eancia, vindo o autor a empreender fuga tomando sentido ignorado.<br \/>\nDe posse das informa\u00e7\u00f5es em patrulhamento com vistas foi logrado em localiz\u00e1-lo h\u00e1 aproximadamente 500 metros do local dos fatos sendo realizado a abordagem e nada de il\u00edcito foi encontrado, mas diante dos fatos foi dada a voz de pris\u00e3o.<br \/>\nA ocorr\u00eancia foi conduzida ao Plant\u00e3o da Pol\u00edcia Civil ficando o indiv\u00edduo a disposi\u00e7\u00e3o da Justi\u00e7a.<\/p>\n<p>Fonte: Com. Social Pol\u00edcia Militar<\/p>\n","protected":false},"excerpt":{"rendered":"<p>Na data de hoje (12) por volta das 11h30min policiais militares do 25\u00ba Batalh\u00e3o de Pol\u00edcia Militar do Interior pelo munic\u00edpio de Dracena ap\u00f3s serem acionados via COPOM sobre uma ocorr\u00eancia de furto, em que o autor (34 anos) que \u00e9 morador de rua subtraiu da resid\u00eancia de sua genitora, um aparelho celular do seu [&hellip;]<\/p>\n","protected":false},"author":1,"featured_media":94757,"comment_status":"closed","ping_status":"open","sticky":false,"template":"","format":"standard","meta":{"footnotes":""},"categories":[110,2],"tags":[],"class_list":["post-94756","post","type-post","status-publish","format-standard","has-post-thumbnail","hentry","category-noticiasdestaque","category-policial"],"_links":{"self":[{"href":"https:\/\/jorgezanoni.com.br\/2019\/wp-json\/wp\/v2\/posts\/94756","targetHints":{"allow":["GET"]}}],"collection":[{"href":"https:\/\/jorgezanoni.com.br\/2019\/wp-json\/wp\/v2\/posts"}],"about":[{"href":"https:\/\/jorgezanoni.com.br\/2019\/wp-json\/wp\/v2\/types\/post"}],"author":[{"embeddable":true,"href":"https:\/\/jorgezanoni.com.br\/2019\/wp-json\/wp\/v2\/users\/1"}],"replies":[{"embeddable":true,"href":"https:\/\/jorgezanoni.com.br\/2019\/wp-json\/wp\/v2\/comments?post=94756"}],"version-history":[{"count":3,"href":"https:\/\/jorgezanoni.com.br\/2019\/wp-json\/wp\/v2\/posts\/94756\/revisions"}],"predecessor-version":[{"id":94760,"href":"https:\/\/jorgezanoni.com.br\/2019\/wp-json\/wp\/v2\/posts\/94756\/revisions\/94760"}],"wp:featuredmedia":[{"embeddable":true,"href":"https:\/\/jorgezanoni.com.br\/2019\/wp-json\/wp\/v2\/media\/94757"}],"wp:attachment":[{"href":"https:\/\/jorgezanoni.com.br\/2019\/wp-json\/wp\/v2\/media?parent=94756"}],"wp:term":[{"taxonomy":"category","embeddable":true,"href":"https:\/\/jorgezanoni.com.br\/2019\/wp-json\/wp\/v2\/categories?post=94756"},{"taxonomy":"post_tag","embeddable":true,"href":"https:\/\/jorgezanoni.com.br\/2019\/wp-json\/wp\/v2\/tags?post=94756"}],"curies":[{"name":"wp","href":"https:\/\/api.w.org\/{rel}","templated":true}]}}