{"id":94725,"date":"2025-05-11T14:57:01","date_gmt":"2025-05-11T14:57:01","guid":{"rendered":"https:\/\/jorgezanoni.com.br\/2019\/?p=94725"},"modified":"2025-05-11T14:57:01","modified_gmt":"2025-05-11T14:57:01","slug":"o-site-jz-parabeniza-todas-as-maes-pelo-seu-dia","status":"publish","type":"post","link":"https:\/\/jorgezanoni.com.br\/2019\/o-site-jz-parabeniza-todas-as-maes-pelo-seu-dia\/","title":{"rendered":"O SITE JZ parabeniza todas as M\u00e3es pelo seu Dia."},"content":{"rendered":"<p style=\"text-align: justify;\"><span class=\"no-conversion\"><b><span lang=\"pt-br\">Dia das M\u00e3es<\/span><\/b>\u00a0<sup>(<a title=\"Portugu\u00eas brasileiro\" href=\"https:\/\/pt.wikipedia.org\/wiki\/Portugu%C3%AAs_brasileiro\">portugu\u00eas brasileiro<\/a>)<\/sup>\u00a0ou\u00a0<b><span lang=\"pt-pt\">Dia da M\u00e3e<\/span><\/b>\u00a0<sup>(<a title=\"Portugu\u00eas europeu\" href=\"https:\/\/pt.wikipedia.org\/wiki\/Portugu%C3%AAs_europeu\">portugu\u00eas europeu<\/a>)<\/sup><\/span>\u00a0\u00e9 uma\u00a0<a title=\"Datas comemorativas\" href=\"https:\/\/pt.wikipedia.org\/wiki\/Datas_comemorativas\">data comemorativa<\/a>\u00a0que homenageia anualmente a figura familiar materna (<a title=\"M\u00e3e\" href=\"https:\/\/pt.wikipedia.org\/wiki\/M%C3%A3e\">m\u00e3e<\/a>) e a maternidade. A data de comemora\u00e7\u00e3o varia de acordo com o pa\u00eds. Em\u00a0<a title=\"Portugal\" href=\"https:\/\/pt.wikipedia.org\/wiki\/Portugal\">Portugal<\/a>\u00a0e nos\u00a0<a title=\"Pa\u00edses Africanos de L\u00edngua Oficial Portuguesa\" href=\"https:\/\/pt.wikipedia.org\/wiki\/Pa%C3%ADses_Africanos_de_L%C3%ADngua_Oficial_Portuguesa\">PALOP<\/a>, \u00e9 comemorado no primeiro domingo do m\u00eas de maio. J\u00e1 no\u00a0<a title=\"Brasil\" href=\"https:\/\/pt.wikipedia.org\/wiki\/Brasil\">Brasil<\/a>, no segundo domingo do m\u00eas de maio.<\/p>\n<div class=\"mw-heading mw-heading2\" style=\"text-align: justify;\">\n<h2 id=\"Hist\u00f3ria\"><span id=\"Hist.C3.B3ria\"><\/span>Hist\u00f3ria<\/h2>\n<\/div>\n<div class=\"mw-heading mw-heading3\" style=\"text-align: justify;\">\n<h3 id=\"Origem\">Origem<\/h3>\n<\/div>\n<p style=\"text-align: justify;\">A festividade surgiu nos\u00a0<a title=\"Estados Unidos\" href=\"https:\/\/pt.wikipedia.org\/wiki\/Estados_Unidos\">Estados Unidos<\/a>, com a iniciativa da ativista\u00a0<a title=\"Ann Maria Reeves Jarvis\" href=\"https:\/\/pt.wikipedia.org\/wiki\/Ann_Maria_Reeves_Jarvis\">Ann Maria Reeves Jarvis<\/a>, que fundou em 1858 os\u00a0<i>Mothers Days Works Clubs<\/i>\u00a0com o objetivo de diminuir a\u00a0<a title=\"Mortalidade infantil\" href=\"https:\/\/pt.wikipedia.org\/wiki\/Mortalidade_infantil\">mortalidade de crian\u00e7as<\/a>\u00a0em fam\u00edlias de trabalhadores.<sup id=\"cite_ref-1\" class=\"reference\"><a href=\"https:\/\/pt.wikipedia.org\/wiki\/Dia_das_M%C3%A3es#cite_note-1\"><span class=\"cite-bracket\">[<\/span>1<span class=\"cite-bracket\">]<\/span><\/a><\/sup>\u00a0Jarvis organizou em 1865 o\u00a0<i>Mother&#8217;s Friendship Days<\/i>\u00a0(dias de amizade para as m\u00e3es) para melhorar as condi\u00e7\u00f5es dos feridos na\u00a0<a title=\"Guerra de Secess\u00e3o\" href=\"https:\/\/pt.wikipedia.org\/wiki\/Guerra_de_Secess%C3%A3o\">Guerra de Secess\u00e3o<\/a>\u00a0que assolou os Estados Unidos no per\u00edodo. Em 1870 a escritora\u00a0<a title=\"Julia Ward Howe\" href=\"https:\/\/pt.wikipedia.org\/wiki\/Julia_Ward_Howe\">Julia Ward Howe<\/a>\u00a0(autora de\u00a0<a title=\"The Battle Hymn of the Republic\" href=\"https:\/\/pt.wikipedia.org\/wiki\/The_Battle_Hymn_of_the_Republic\">O Hino de Batalha da Rep\u00fablica<\/a>) publicou o manifesto\u00a0<i>Mother&#8217;s Day Proclamation<\/i>, pedindo paz e desarmamento depois da Guerra de Secess\u00e3o.<sup id=\"cite_ref-2\" class=\"reference\"><a href=\"https:\/\/pt.wikipedia.org\/wiki\/Dia_das_M%C3%A3es#cite_note-2\"><span class=\"cite-bracket\">[<\/span>2<span class=\"cite-bracket\">]<\/span><\/a><\/sup><sup id=\"cite_ref-virgina_3-0\" class=\"reference\"><a href=\"https:\/\/pt.wikipedia.org\/wiki\/Dia_das_M%C3%A3es#cite_note-virgina-3\"><span class=\"cite-bracket\">[<\/span>3<span class=\"cite-bracket\">]<\/span><\/a><\/sup><\/p>\n<div class=\"mw-heading mw-heading3\" style=\"text-align: justify;\">\n<h3 id=\"Populariza\u00e7\u00e3o\"><span id=\"Populariza.C3.A7.C3.A3o\"><\/span>Populariza\u00e7\u00e3o<\/h3>\n<\/div>\n<figure class=\"mw-default-size\" style=\"text-align: justify;\"><span class=\"mw-tmh-player video\"><video id=\"mwe_player_0_placeholder\" class=\"mw-file-element\" tabindex=\"-1\" poster=\"https:\/\/upload.wikimedia.org\/wikipedia\/commons\/thumb\/3\/38\/Moederdag_%281925%29.ogv\/250px-seek%3D47-Moederdag_%281925%29.ogv.jpg\" preload=\"none\" width=\"250\" height=\"205\" data-mw-tmh=\"\" data-durationhint=\"74\" data-mwtitle=\"Moederdag_(1925).ogv\" data-mwprovider=\"wikimediacommons\" data-mce-fragment=\"1\"><\/video><span class=\"mw-tmh-duration mw-tmh-label\"><span class=\"sr-only\">Dura\u00e7\u00e3o: 1 minuto e 14 segundos.<\/span><span aria-hidden=\"true\">1:14<\/span><\/span><\/span><figcaption>Dia das M\u00e3es nos\u00a0<a title=\"Pa\u00edses Baixos\" href=\"https:\/\/pt.wikipedia.org\/wiki\/Pa%C3%ADses_Baixos\">Pa\u00edses Baixos<\/a>\u00a0em 1925<\/figcaption><\/figure>\n<p style=\"text-align: justify;\">Reconhecida como idealizadora do Dia das M\u00e3es na sua forma atual \u00e9 a filha de Ann Maria Reeves Jarvis, a\u00a0<a class=\"mw-redirect\" title=\"Igreja Metodista\" href=\"https:\/\/pt.wikipedia.org\/wiki\/Igreja_Metodista\">metodista<\/a>\u00a0<a title=\"Anna Jarvis\" href=\"https:\/\/pt.wikipedia.org\/wiki\/Anna_Jarvis\">Anna Jarvis<\/a>, que em\u00a0<a title=\"12 de maio\" href=\"https:\/\/pt.wikipedia.org\/wiki\/12_de_maio\">12 de maio<\/a>\u00a0de 1907, dois anos ap\u00f3s a morte de sua m\u00e3e, criou um memorial \u00e0 sua m\u00e3e e iniciou uma campanha para que o Dia das M\u00e3es fosse um feriado reconhecido. Ela obteve sucesso ao torn\u00e1-lo reconhecido nos Estados Unidos em\u00a0<a title=\"8 de maio\" href=\"https:\/\/pt.wikipedia.org\/wiki\/8_de_maio\">8 de maio<\/a>\u00a0de 1914, quando a resolu\u00e7\u00e3o\u00a0<i>Joint Resolution Designating the Second Sunday in May as Mother&#8217;s Day<\/i>\u00a0foi aprovada pelo\u00a0<a title=\"Congresso dos Estados Unidos\" href=\"https:\/\/pt.wikipedia.org\/wiki\/Congresso_dos_Estados_Unidos\">Congresso dos Estados Unidos<\/a>, instaurando o segundo domingo do m\u00eas de maio como Dia das M\u00e3es. No \u00e2mbito desta resolu\u00e7\u00e3o o\u00a0<a title=\"Presidente dos Estados Unidos\" href=\"https:\/\/pt.wikipedia.org\/wiki\/Presidente_dos_Estados_Unidos\">Presidente dos Estados Unidos<\/a>\u00a0<a class=\"mw-redirect\" title=\"Thomas Woodrow Wilson\" href=\"https:\/\/pt.wikipedia.org\/wiki\/Thomas_Woodrow_Wilson\">Thomas Woodrow Wilson<\/a>\u00a0proclamou no dia seguinte que no Dia das M\u00e3es os edif\u00edcios p\u00fablicos devem ser decorados com bandeiras. Assim, o Dia das M\u00e3es foi celebrado pela primeira vez em 9 de maio de 1914.<sup id=\"cite_ref-4\" class=\"reference\"><a href=\"https:\/\/pt.wikipedia.org\/wiki\/Dia_das_M%C3%A3es#cite_note-4\"><span class=\"cite-bracket\">[<\/span>4<span class=\"cite-bracket\">]<\/span><\/a><\/sup><sup id=\"cite_ref-rice_5-0\" class=\"reference\"><a href=\"https:\/\/pt.wikipedia.org\/wiki\/Dia_das_M%C3%A3es#cite_note-rice-5\"><span class=\"cite-bracket\">[<\/span>5<span class=\"cite-bracket\">]<\/span><\/a><\/sup><\/p>\n<p style=\"text-align: justify;\">Com a crescente difus\u00e3o e comercializa\u00e7\u00e3o do Dia das M\u00e3es Anna Jarvis afastou-se do movimento, lamentou a cria\u00e7\u00e3o e lutou para a aboli\u00e7\u00e3o do feriado.<sup id=\"cite_ref-central_6-0\" class=\"reference\"><a href=\"https:\/\/pt.wikipedia.org\/wiki\/Dia_das_M%C3%A3es#cite_note-central-6\"><span class=\"cite-bracket\">[<\/span>6<span class=\"cite-bracket\">]<\/span><\/a><\/sup><\/p>\n<div class=\"mw-heading mw-heading2\" style=\"text-align: justify;\">\n<h2 id=\"Pa\u00edses_lus\u00f3fonos\"><span id=\"Pa.C3.ADses_lus.C3.B3fonos\"><\/span>Pa\u00edses lus\u00f3fonos<\/h2>\n<\/div>\n<p style=\"text-align: justify;\">No Brasil, coube \u00e0 Associa\u00e7\u00e3o Crist\u00e3 de Mo\u00e7os do\u00a0<a title=\"Rio Grande do Sul\" href=\"https:\/\/pt.wikipedia.org\/wiki\/Rio_Grande_do_Sul\">Rio Grande do Sul<\/a>\u00a0(ACM-RS) a iniciativa da comemora\u00e7\u00e3o. A data foi trazida ao Brasil pelo ent\u00e3o Secret\u00e1rio-geral da institui\u00e7\u00e3o, Frank Long. A primeira celebra\u00e7\u00e3o no pa\u00eds ocorreu em 12 de maio de 1918, em\u00a0<a title=\"Porto Alegre\" href=\"https:\/\/pt.wikipedia.org\/wiki\/Porto_Alegre\">Porto Alegre<\/a>. Aos poucos, a festividade foi se espalhando pelo pa\u00eds e, em 1932, o ent\u00e3o presidente\u00a0<a title=\"Get\u00falio Vargas\" href=\"https:\/\/pt.wikipedia.org\/wiki\/Get%C3%BAlio_Vargas\">Get\u00falio Vargas<\/a>, a pedido das feministas da\u00a0<a title=\"Federa\u00e7\u00e3o Brasileira pelo Progresso Feminino\" href=\"https:\/\/pt.wikipedia.org\/wiki\/Federa%C3%A7%C3%A3o_Brasileira_pelo_Progresso_Feminino\">Federa\u00e7\u00e3o Brasileira pelo Progresso Feminino<\/a>, oficializou a data no segundo domingo de maio. A iniciativa fazia parte da estrat\u00e9gia das feministas de valorizar a import\u00e2ncia das mulheres na sociedade, animadas com as perspectivas que se abriram a partir da conquista do direito de votar, em fevereiro do mesmo ano. Em 1947,\u00a0<a title=\"Jaime de Barros C\u00e2mara\" href=\"https:\/\/pt.wikipedia.org\/wiki\/Jaime_de_Barros_C%C3%A2mara\">Dom Jaime de Barros C\u00e2mara<\/a>,\u00a0<a title=\"Cardeal-bispo\" href=\"https:\/\/pt.wikipedia.org\/wiki\/Cardeal-bispo\">Cardeal-Arcebispo<\/a>\u00a0do\u00a0<a title=\"Rio de Janeiro (estado)\" href=\"https:\/\/pt.wikipedia.org\/wiki\/Rio_de_Janeiro_(estado)\">Rio de Janeiro<\/a>, determinou que essa data fizesse parte tamb\u00e9m no calend\u00e1rio oficial da\u00a0<a title=\"Igreja Cat\u00f3lica\" href=\"https:\/\/pt.wikipedia.org\/wiki\/Igreja_Cat%C3%B3lica\">Igreja Cat\u00f3lica<\/a>.<sup id=\"cite_ref-7\" class=\"reference\"><a href=\"https:\/\/pt.wikipedia.org\/wiki\/Dia_das_M%C3%A3es#cite_note-7\"><span class=\"cite-bracket\">[<\/span>7<span class=\"cite-bracket\">]<\/span><\/a><\/sup><\/p>\n<p style=\"text-align: justify;\">Em\u00a0<a title=\"Portugal\" href=\"https:\/\/pt.wikipedia.org\/wiki\/Portugal\">Portugal<\/a>, o Dia da M\u00e3e \u00e9 comemorado no primeiro domingo de maio, seguindo a tradi\u00e7\u00e3o da\u00a0<a title=\"Igreja Cat\u00f3lica\" href=\"https:\/\/pt.wikipedia.org\/wiki\/Igreja_Cat%C3%B3lica\">Igreja Cat\u00f3lica<\/a>\u00a0que neste m\u00eas celebra\u00a0<a title=\"Maria (m\u00e3e de Jesus)\" href=\"https:\/\/pt.wikipedia.org\/wiki\/Maria_(m%C3%A3e_de_Jesus)\">Santa Maria, M\u00e3e de Jesus<\/a>\u00a0(em particular\u00a0<a title=\"Nossa Senhora de F\u00e1tima\" href=\"https:\/\/pt.wikipedia.org\/wiki\/Nossa_Senhora_de_F%C3%A1tima\">Nossa Senhora de F\u00e1tima<\/a>), embora durante muitos anos tivesse sido comemorado no dia 8 de dezembro, dia da\u00a0<a title=\"Imaculada Concei\u00e7\u00e3o\" href=\"https:\/\/pt.wikipedia.org\/wiki\/Imaculada_Concei%C3%A7%C3%A3o\">Nossa Senhora da Concei\u00e7\u00e3o<\/a>.<sup id=\"cite_ref-folha2001_8-0\" class=\"reference\"><a href=\"https:\/\/pt.wikipedia.org\/wiki\/Dia_das_M%C3%A3es#cite_note-folha2001-8\"><span class=\"cite-bracket\">[<\/span>8<span class=\"cite-bracket\">]<\/span><\/a><\/sup>\u00a0Os pa\u00edses\u00a0<a class=\"mw-redirect\" title=\"\u00c1frica lus\u00f3fona\" href=\"https:\/\/pt.wikipedia.org\/wiki\/%C3%81frica_lus%C3%B3fona\">africanos lus\u00f3fonos<\/a>\u00a0celebram tamb\u00e9m no primeiro domingo de maio.<\/p>\n<div class=\"mw-heading mw-heading2\" style=\"text-align: justify;\">\n<h2 id=\"Import\u00e2ncia_econ\u00f4mica\"><span id=\"Import.C3.A2ncia_econ.C3.B4mica\"><\/span>Import\u00e2ncia econ\u00f4mica<\/h2>\n<\/div>\n<figure class=\"mw-default-size\" style=\"text-align: justify;\"><a class=\"mw-file-description\" href=\"https:\/\/pt.wikipedia.org\/wiki\/Ficheiro:Mothers%27_Day_Cake.jpg\"><img loading=\"lazy\" decoding=\"async\" class=\"mw-file-element\" src=\"https:\/\/upload.wikimedia.org\/wikipedia\/commons\/thumb\/8\/8e\/Mothers%27_Day_Cake.jpg\/250px-Mothers%27_Day_Cake.jpg\" srcset=\"\/\/upload.wikimedia.org\/wikipedia\/commons\/thumb\/8\/8e\/Mothers%27_Day_Cake.jpg\/500px-Mothers%27_Day_Cake.jpg 1.5x\" width=\"250\" height=\"188\" data-file-width=\"1024\" data-file-height=\"768\" \/><\/a><figcaption><a title=\"Bolo\" href=\"https:\/\/pt.wikipedia.org\/wiki\/Bolo\">Bolo<\/a>\u00a0decorado com a inscri\u00e7\u00e3o\u00a0<i>Happy Mother&#8217;s Day<\/i>,\u00a0<i>Feliz Dia da M\u00e3e<\/i>, em portugu\u00eas<\/figcaption><\/figure>\n<p style=\"text-align: justify;\">No Brasil e nos Estados Unidos o Dia das M\u00e3es \u00e9 a segunda melhor data do com\u00e9rcio, depois do\u00a0<a title=\"Natal\" href=\"https:\/\/pt.wikipedia.org\/wiki\/Natal\">Natal<\/a>.<sup id=\"cite_ref-9\" class=\"reference\"><a href=\"https:\/\/pt.wikipedia.org\/wiki\/Dia_das_M%C3%A3es#cite_note-9\"><span class=\"cite-bracket\">[<\/span>9<span class=\"cite-bracket\">]<\/span><\/a><\/sup><sup id=\"cite_ref-10\" class=\"reference\"><a href=\"https:\/\/pt.wikipedia.org\/wiki\/Dia_das_M%C3%A3es#cite_note-10\"><span class=\"cite-bracket\">[<\/span>10<span class=\"cite-bracket\">]<\/span><\/a><\/sup>\u00a0A\u00a0<i>National Retail Federation<\/i>\u00a0(Federa\u00e7\u00e3o Nacional de Varejo norte-americana) estimou para 2012 que os gastos para o Dia das M\u00e3es devem ultrapassar $18,6 bilh\u00f5es ($152 por pessoa) nos Estados Unidos.<sup id=\"cite_ref-11\" class=\"reference\"><a href=\"https:\/\/pt.wikipedia.org\/wiki\/Dia_das_M%C3%A3es#cite_note-11\"><span class=\"cite-bracket\">[<\/span>11<span class=\"cite-bracket\">]<\/span><\/a><\/sup><\/p>\n<p>Fonte: https:\/\/pt.wikipedia.org\/wiki\/Dia_das_M%C3%A3es<\/p>\n","protected":false},"excerpt":{"rendered":"<p>Dia das M\u00e3es\u00a0(portugu\u00eas brasileiro)\u00a0ou\u00a0Dia da M\u00e3e\u00a0(portugu\u00eas europeu)\u00a0\u00e9 uma\u00a0data comemorativa\u00a0que homenageia anualmente a figura familiar materna (m\u00e3e) e a maternidade. A data de comemora\u00e7\u00e3o varia de acordo com o pa\u00eds. Em\u00a0Portugal\u00a0e nos\u00a0PALOP, \u00e9 comemorado no primeiro domingo do m\u00eas de maio. J\u00e1 no\u00a0Brasil, no segundo domingo do m\u00eas de maio. Hist\u00f3ria Origem A festividade surgiu nos\u00a0Estados [&hellip;]<\/p>\n","protected":false},"author":1,"featured_media":94726,"comment_status":"closed","ping_status":"open","sticky":false,"template":"","format":"standard","meta":{"footnotes":""},"categories":[114,110],"tags":[],"class_list":["post-94725","post","type-post","status-publish","format-standard","has-post-thumbnail","hentry","category-geralecomercio","category-noticiasdestaque"],"_links":{"self":[{"href":"https:\/\/jorgezanoni.com.br\/2019\/wp-json\/wp\/v2\/posts\/94725","targetHints":{"allow":["GET"]}}],"collection":[{"href":"https:\/\/jorgezanoni.com.br\/2019\/wp-json\/wp\/v2\/posts"}],"about":[{"href":"https:\/\/jorgezanoni.com.br\/2019\/wp-json\/wp\/v2\/types\/post"}],"author":[{"embeddable":true,"href":"https:\/\/jorgezanoni.com.br\/2019\/wp-json\/wp\/v2\/users\/1"}],"replies":[{"embeddable":true,"href":"https:\/\/jorgezanoni.com.br\/2019\/wp-json\/wp\/v2\/comments?post=94725"}],"version-history":[{"count":1,"href":"https:\/\/jorgezanoni.com.br\/2019\/wp-json\/wp\/v2\/posts\/94725\/revisions"}],"predecessor-version":[{"id":94727,"href":"https:\/\/jorgezanoni.com.br\/2019\/wp-json\/wp\/v2\/posts\/94725\/revisions\/94727"}],"wp:featuredmedia":[{"embeddable":true,"href":"https:\/\/jorgezanoni.com.br\/2019\/wp-json\/wp\/v2\/media\/94726"}],"wp:attachment":[{"href":"https:\/\/jorgezanoni.com.br\/2019\/wp-json\/wp\/v2\/media?parent=94725"}],"wp:term":[{"taxonomy":"category","embeddable":true,"href":"https:\/\/jorgezanoni.com.br\/2019\/wp-json\/wp\/v2\/categories?post=94725"},{"taxonomy":"post_tag","embeddable":true,"href":"https:\/\/jorgezanoni.com.br\/2019\/wp-json\/wp\/v2\/tags?post=94725"}],"curies":[{"name":"wp","href":"https:\/\/api.w.org\/{rel}","templated":true}]}}