{"id":94703,"date":"2025-05-10T21:27:09","date_gmt":"2025-05-10T21:27:09","guid":{"rendered":"https:\/\/jorgezanoni.com.br\/2019\/?p=94703"},"modified":"2025-05-10T21:27:09","modified_gmt":"2025-05-10T21:27:09","slug":"morre-a-conhecida-cozinheira-zenaide-zanoni","status":"publish","type":"post","link":"https:\/\/jorgezanoni.com.br\/2019\/morre-a-conhecida-cozinheira-zenaide-zanoni\/","title":{"rendered":"Morre a conhecida cozinheira Zenaide Zanoni"},"content":{"rendered":"<p style=\"text-align: justify;\">Comunicamos com pesar o falecimento da senhora Zenaide Jacon Zanoni de 78 anos. Ela estava internada na Santa Casa com problemas de sa\u00fade, tendo complica\u00e7\u00f5es e vindo a \u00f3bito.<\/p>\n<p style=\"text-align: justify;\">Vi\u00fava, deixa filhos, netos, demais parentes e amigos. \u00c9 m\u00e3e da Laura da Floricultura Vit\u00f3ria R\u00e9gia<\/p>\n<p style=\"text-align: justify;\">Zenaide era muito conhecida por ser uma das mais importantes cozinheiras da hist\u00f3ria de Dracena, tenho trabalhado na EMDAEP e participado de in\u00fameras festas, principalmente para os times de futebol da ABD.<\/p>\n<p style=\"text-align: justify;\">Zenaide N\u00c3O \u00e9 parente deste rep\u00f3rter, apesar do mesmo sobrenome, por\u00e9m tive o prazer de sua conviv\u00eancia por muitos anos. Uma pessoa sempre de bem com a vida, carinhosa e amorosa com todos. Degustei muitas comidas preparadas por ela e suas colaboradoras. Vai em paz, com certeza voc\u00ea tem um cantinho reservado ao lado do &#8220;Pai&#8221;.<\/p>\n<p>Por coincid\u00eancia a data ficar\u00e1 marcada, por hoje \u00e9 o &#8220;Dia Internacional do Cozinheiro(a).<\/p>\n<p style=\"text-align: justify;\">O Site JZ e TOP TV se solidariza com a fam\u00edlia neste dif\u00edcil momento. Deus de o conforto a voc\u00eas. Sigam com For\u00e7a e F\u00e9.<\/p>\n<p style=\"text-align: justify;\">O Vel\u00f3rio ter\u00e1 in\u00edcio amanh\u00e3 (domingo 11\/05) a partir das 08 H no Memorial Vida Prev, com culto f\u00fanebre \u00e0s 14 H. e sepultamento \u00e0s 16:30 H no Cemit\u00e9rio Municipal de Dracena.<\/p>\n<p><img loading=\"lazy\" decoding=\"async\" class=\"alignnone size-full wp-image-94704\" src=\"https:\/\/jorgezanoni.com.br\/2019\/wp-content\/uploads\/2025\/05\/Zenaide-Zanoni-1-Pequeno.jpg\" alt=\"\" width=\"249\" height=\"293\" \/> <img loading=\"lazy\" decoding=\"async\" class=\"alignnone size-full wp-image-94706\" src=\"https:\/\/jorgezanoni.com.br\/2019\/wp-content\/uploads\/2025\/05\/Zenaide-Zanoni-3-Pequeno.jpg\" alt=\"\" width=\"389\" height=\"462\" srcset=\"https:\/\/jorgezanoni.com.br\/2019\/wp-content\/uploads\/2025\/05\/Zenaide-Zanoni-3-Pequeno.jpg 389w, https:\/\/jorgezanoni.com.br\/2019\/wp-content\/uploads\/2025\/05\/Zenaide-Zanoni-3-Pequeno-253x300.jpg 253w, https:\/\/jorgezanoni.com.br\/2019\/wp-content\/uploads\/2025\/05\/Zenaide-Zanoni-3-Pequeno-354x420.jpg 354w\" sizes=\"auto, (max-width: 389px) 100vw, 389px\" \/><\/p>\n<p>Jorge Zanoni<\/p>\n<p>&nbsp;<\/p>\n<p>&nbsp;<\/p>\n<p>&nbsp;<\/p>\n<p>&nbsp;<\/p>\n","protected":false},"excerpt":{"rendered":"<p>Comunicamos com pesar o falecimento da senhora Zenaide Jacon Zanoni de 78 anos. Ela estava internada na Santa Casa com problemas de sa\u00fade, tendo complica\u00e7\u00f5es e vindo a \u00f3bito. Vi\u00fava, deixa filhos, netos, demais parentes e amigos. \u00c9 m\u00e3e da Laura da Floricultura Vit\u00f3ria R\u00e9gia Zenaide era muito conhecida por ser uma das mais importantes [&hellip;]<\/p>\n","protected":false},"author":1,"featured_media":94705,"comment_status":"closed","ping_status":"open","sticky":false,"template":"","format":"standard","meta":{"footnotes":""},"categories":[178,110],"tags":[],"class_list":["post-94703","post","type-post","status-publish","format-standard","has-post-thumbnail","hentry","category-notadefalecimento","category-noticiasdestaque"],"_links":{"self":[{"href":"https:\/\/jorgezanoni.com.br\/2019\/wp-json\/wp\/v2\/posts\/94703","targetHints":{"allow":["GET"]}}],"collection":[{"href":"https:\/\/jorgezanoni.com.br\/2019\/wp-json\/wp\/v2\/posts"}],"about":[{"href":"https:\/\/jorgezanoni.com.br\/2019\/wp-json\/wp\/v2\/types\/post"}],"author":[{"embeddable":true,"href":"https:\/\/jorgezanoni.com.br\/2019\/wp-json\/wp\/v2\/users\/1"}],"replies":[{"embeddable":true,"href":"https:\/\/jorgezanoni.com.br\/2019\/wp-json\/wp\/v2\/comments?post=94703"}],"version-history":[{"count":1,"href":"https:\/\/jorgezanoni.com.br\/2019\/wp-json\/wp\/v2\/posts\/94703\/revisions"}],"predecessor-version":[{"id":94708,"href":"https:\/\/jorgezanoni.com.br\/2019\/wp-json\/wp\/v2\/posts\/94703\/revisions\/94708"}],"wp:featuredmedia":[{"embeddable":true,"href":"https:\/\/jorgezanoni.com.br\/2019\/wp-json\/wp\/v2\/media\/94705"}],"wp:attachment":[{"href":"https:\/\/jorgezanoni.com.br\/2019\/wp-json\/wp\/v2\/media?parent=94703"}],"wp:term":[{"taxonomy":"category","embeddable":true,"href":"https:\/\/jorgezanoni.com.br\/2019\/wp-json\/wp\/v2\/categories?post=94703"},{"taxonomy":"post_tag","embeddable":true,"href":"https:\/\/jorgezanoni.com.br\/2019\/wp-json\/wp\/v2\/tags?post=94703"}],"curies":[{"name":"wp","href":"https:\/\/api.w.org\/{rel}","templated":true}]}}