{"id":94626,"date":"2025-05-08T01:48:54","date_gmt":"2025-05-08T01:48:54","guid":{"rendered":"https:\/\/jorgezanoni.com.br\/2019\/?p=94626"},"modified":"2025-05-08T01:49:53","modified_gmt":"2025-05-08T01:49:53","slug":"acidente-na-vicinal-mario-covas-entre-carro-e-moto-deixa-duas-pessoas-feridas","status":"publish","type":"post","link":"https:\/\/jorgezanoni.com.br\/2019\/acidente-na-vicinal-mario-covas-entre-carro-e-moto-deixa-duas-pessoas-feridas\/","title":{"rendered":"Acidente na Vicinal M\u00e1rio Covas entre carro e moto deixa duas pessoas feridas"},"content":{"rendered":"<div dir=\"auto\" style=\"text-align: justify;\"><strong>Fato aconteceu no in\u00edcio da noite desta quarta-feira (7), h\u00e1 aproximadamente 200 mts ap\u00f3s o t\u00e9rmino do asfalto e trevo da Pousada Bom Samaritano, na Vicinal M\u00e1rio Covas, trecho pertencente a Dracena.<\/strong><\/div>\n<div dir=\"auto\" style=\"text-align: justify;\"><\/div>\n<div dir=\"auto\" style=\"text-align: justify;\">Segundo informa\u00e7\u00f5es obtidas pela reportagem do SITE JZ e TOP TV, a Motocicleta fazia o sentido Dracena a Junqueir\u00f3polis, quando em uma lombada houve a colis\u00e3o frontal com um Fiat Uno que fazia o sentido contr\u00e1rio.<\/div>\n<div dir=\"auto\" style=\"text-align: justify;\"><\/div>\n<div dir=\"auto\" style=\"text-align: justify;\">O condutor do carro e uma mulher que era passageira, nao se feriram, j\u00e1 o motociclista teve ferimentos graves e fratura em uma das pernas e quadril, o garupa sofreu ferimentos considerados leves. Ambos estavam conscientes no momento do socorro.<\/div>\n<div dir=\"auto\" style=\"text-align: justify;\"><\/div>\n<div dir=\"auto\" style=\"text-align: justify;\">Uma Ambul\u00e2ncia do munic\u00edpio de Dracena socorreu o garupa e uma Unidade de Resgate do Corpo de Bombeiros o condutor da Motocicleta, ambos para o Pronto Atendimento Municipal.<\/div>\n<div dir=\"auto\" style=\"text-align: justify;\"><\/div>\n<div dir=\"auto\" style=\"text-align: justify;\">A Pol\u00edcia Militar e Per\u00edcia T\u00e9cnica, estiveram no local para contr\u00f4le do tr\u00e2nsito e levantamento que ir\u00e3o apontar as causas do acidente.<\/div>\n<div dir=\"auto\"><\/div>\n<div dir=\"auto\"><img loading=\"lazy\" decoding=\"async\" class=\"alignnone size-full wp-image-94627\" src=\"https:\/\/jorgezanoni.com.br\/2019\/wp-content\/uploads\/2025\/05\/moto.jpg\" alt=\"\" width=\"600\" height=\"337\" srcset=\"https:\/\/jorgezanoni.com.br\/2019\/wp-content\/uploads\/2025\/05\/moto.jpg 600w, https:\/\/jorgezanoni.com.br\/2019\/wp-content\/uploads\/2025\/05\/moto-300x169.jpg 300w\" sizes=\"auto, (max-width: 600px) 100vw, 600px\" \/><\/div>\n<div dir=\"auto\"><\/div>\n<div dir=\"auto\">Jorge Zanoni<\/div>\n<div dir=\"auto\">Foto: Hora da Not\u00edcia<\/div>\n<div dir=\"auto\"><\/div>\n<div dir=\"auto\"><\/div>\n<div dir=\"auto\"><\/div>\n<div class=\"x11i5rnm xat24cr x1mh8g0r x1vvkbs xtlvy1s x126k92a\"><\/div>\n<div class=\"x11i5rnm xat24cr x1mh8g0r x1vvkbs xtlvy1s x126k92a\">\n<div dir=\"auto\"><\/div>\n<\/div>\n","protected":false},"excerpt":{"rendered":"<p>Fato aconteceu no in\u00edcio da noite desta quarta-feira (7), h\u00e1 aproximadamente 200 mts ap\u00f3s o t\u00e9rmino do asfalto e trevo da Pousada Bom Samaritano, na Vicinal M\u00e1rio Covas, trecho pertencente a Dracena. Segundo informa\u00e7\u00f5es obtidas pela reportagem do SITE JZ e TOP TV, a Motocicleta fazia o sentido Dracena a Junqueir\u00f3polis, quando em uma lombada [&hellip;]<\/p>\n","protected":false},"author":1,"featured_media":94628,"comment_status":"closed","ping_status":"open","sticky":false,"template":"","format":"standard","meta":{"footnotes":""},"categories":[170,110],"tags":[],"class_list":["post-94626","post","type-post","status-publish","format-standard","has-post-thumbnail","hentry","category-acidentes","category-noticiasdestaque"],"_links":{"self":[{"href":"https:\/\/jorgezanoni.com.br\/2019\/wp-json\/wp\/v2\/posts\/94626","targetHints":{"allow":["GET"]}}],"collection":[{"href":"https:\/\/jorgezanoni.com.br\/2019\/wp-json\/wp\/v2\/posts"}],"about":[{"href":"https:\/\/jorgezanoni.com.br\/2019\/wp-json\/wp\/v2\/types\/post"}],"author":[{"embeddable":true,"href":"https:\/\/jorgezanoni.com.br\/2019\/wp-json\/wp\/v2\/users\/1"}],"replies":[{"embeddable":true,"href":"https:\/\/jorgezanoni.com.br\/2019\/wp-json\/wp\/v2\/comments?post=94626"}],"version-history":[{"count":2,"href":"https:\/\/jorgezanoni.com.br\/2019\/wp-json\/wp\/v2\/posts\/94626\/revisions"}],"predecessor-version":[{"id":94630,"href":"https:\/\/jorgezanoni.com.br\/2019\/wp-json\/wp\/v2\/posts\/94626\/revisions\/94630"}],"wp:featuredmedia":[{"embeddable":true,"href":"https:\/\/jorgezanoni.com.br\/2019\/wp-json\/wp\/v2\/media\/94628"}],"wp:attachment":[{"href":"https:\/\/jorgezanoni.com.br\/2019\/wp-json\/wp\/v2\/media?parent=94626"}],"wp:term":[{"taxonomy":"category","embeddable":true,"href":"https:\/\/jorgezanoni.com.br\/2019\/wp-json\/wp\/v2\/categories?post=94626"},{"taxonomy":"post_tag","embeddable":true,"href":"https:\/\/jorgezanoni.com.br\/2019\/wp-json\/wp\/v2\/tags?post=94626"}],"curies":[{"name":"wp","href":"https:\/\/api.w.org\/{rel}","templated":true}]}}