{"id":94621,"date":"2025-05-08T01:11:46","date_gmt":"2025-05-08T01:11:46","guid":{"rendered":"https:\/\/jorgezanoni.com.br\/2019\/?p=94621"},"modified":"2025-05-08T01:12:04","modified_gmt":"2025-05-08T01:12:04","slug":"acidente-entre-moto-e-carro-deixa-jovem-ferida-na-expedicionarios-em-dracena","status":"publish","type":"post","link":"https:\/\/jorgezanoni.com.br\/2019\/acidente-entre-moto-e-carro-deixa-jovem-ferida-na-expedicionarios-em-dracena\/","title":{"rendered":"Acidente entre moto e carro deixa jovem ferida na Expedicion\u00e1rios em Dracena"},"content":{"rendered":"<p style=\"text-align: justify;\"><strong>Acidente aconteceu na esquina da Avenida dos Expedicion\u00e1rios com Rua Martim Afonso por volta de 14:55 Horas desta quarta-feira (7).<\/strong><\/p>\n<p style=\"text-align: justify;\">Segundo informa\u00e7\u00f5es obtidas no local pela reportagem do Site JZ e TOP TV, os dois ve\u00edculos faziam o sentido de dire\u00e7\u00e3o centro-bairro pela Expedicion\u00e1rios, quando o condutor de uma Ford Pampa placas de Dracena de 57 anos, foi adentrar a esquerda na Martim Afonso, a Moto Bis pilotada por uma jovem de 23 anos fazia a ultrapassagem, momento que aconteceu a colis\u00e3o.<\/p>\n<p style=\"text-align: justify;\">Com o impacto a jovem caiu no solo asf\u00e1ltico e teve um ferimento no cotovelo direito al\u00e9m de dores no quadril.<\/p>\n<p style=\"text-align: justify;\">Uma equipe de Resgate do Corpo de Bombeiros socorreu a mulher at\u00e9 o Pronto Atendimento Municipal. O motorista do carro que estava acompanhado de uma senhora, n\u00e3o se feriram.<\/p>\n<p style=\"text-align: justify;\">A Pol\u00edcia Militar esteve no local para os levantamentos e registro do Boletim de Ocorr\u00eancia.<\/p>\n<p><img loading=\"lazy\" decoding=\"async\" class=\"alignnone size-full wp-image-94623\" src=\"https:\/\/jorgezanoni.com.br\/2019\/wp-content\/uploads\/2025\/05\/d8a045e5-08aa-43f4-b967-7552f306a501-1-Pequeno.jpg\" alt=\"\" width=\"675\" height=\"480\" srcset=\"https:\/\/jorgezanoni.com.br\/2019\/wp-content\/uploads\/2025\/05\/d8a045e5-08aa-43f4-b967-7552f306a501-1-Pequeno.jpg 675w, https:\/\/jorgezanoni.com.br\/2019\/wp-content\/uploads\/2025\/05\/d8a045e5-08aa-43f4-b967-7552f306a501-1-Pequeno-300x213.jpg 300w, https:\/\/jorgezanoni.com.br\/2019\/wp-content\/uploads\/2025\/05\/d8a045e5-08aa-43f4-b967-7552f306a501-1-Pequeno-100x70.jpg 100w, https:\/\/jorgezanoni.com.br\/2019\/wp-content\/uploads\/2025\/05\/d8a045e5-08aa-43f4-b967-7552f306a501-1-Pequeno-591x420.jpg 591w\" sizes=\"auto, (max-width: 675px) 100vw, 675px\" \/><img loading=\"lazy\" decoding=\"async\" class=\"alignnone size-full wp-image-94624\" src=\"https:\/\/jorgezanoni.com.br\/2019\/wp-content\/uploads\/2025\/05\/eb9ed1b1-3486-4ec1-b356-e5401b21328d-1-Pequeno.jpg\" alt=\"\" width=\"755\" height=\"480\" srcset=\"https:\/\/jorgezanoni.com.br\/2019\/wp-content\/uploads\/2025\/05\/eb9ed1b1-3486-4ec1-b356-e5401b21328d-1-Pequeno.jpg 755w, https:\/\/jorgezanoni.com.br\/2019\/wp-content\/uploads\/2025\/05\/eb9ed1b1-3486-4ec1-b356-e5401b21328d-1-Pequeno-300x191.jpg 300w, https:\/\/jorgezanoni.com.br\/2019\/wp-content\/uploads\/2025\/05\/eb9ed1b1-3486-4ec1-b356-e5401b21328d-1-Pequeno-696x442.jpg 696w, https:\/\/jorgezanoni.com.br\/2019\/wp-content\/uploads\/2025\/05\/eb9ed1b1-3486-4ec1-b356-e5401b21328d-1-Pequeno-661x420.jpg 661w\" sizes=\"auto, (max-width: 755px) 100vw, 755px\" \/><\/p>\n<p>Jorge Zanoni<\/p>\n","protected":false},"excerpt":{"rendered":"<p>Acidente aconteceu na esquina da Avenida dos Expedicion\u00e1rios com Rua Martim Afonso por volta de 14:55 Horas desta quarta-feira (7). Segundo informa\u00e7\u00f5es obtidas no local pela reportagem do Site JZ e TOP TV, os dois ve\u00edculos faziam o sentido de dire\u00e7\u00e3o centro-bairro pela Expedicion\u00e1rios, quando o condutor de uma Ford Pampa placas de Dracena de [&hellip;]<\/p>\n","protected":false},"author":1,"featured_media":94622,"comment_status":"closed","ping_status":"open","sticky":false,"template":"","format":"standard","meta":{"footnotes":""},"categories":[170,110],"tags":[],"class_list":["post-94621","post","type-post","status-publish","format-standard","has-post-thumbnail","hentry","category-acidentes","category-noticiasdestaque"],"_links":{"self":[{"href":"https:\/\/jorgezanoni.com.br\/2019\/wp-json\/wp\/v2\/posts\/94621","targetHints":{"allow":["GET"]}}],"collection":[{"href":"https:\/\/jorgezanoni.com.br\/2019\/wp-json\/wp\/v2\/posts"}],"about":[{"href":"https:\/\/jorgezanoni.com.br\/2019\/wp-json\/wp\/v2\/types\/post"}],"author":[{"embeddable":true,"href":"https:\/\/jorgezanoni.com.br\/2019\/wp-json\/wp\/v2\/users\/1"}],"replies":[{"embeddable":true,"href":"https:\/\/jorgezanoni.com.br\/2019\/wp-json\/wp\/v2\/comments?post=94621"}],"version-history":[{"count":1,"href":"https:\/\/jorgezanoni.com.br\/2019\/wp-json\/wp\/v2\/posts\/94621\/revisions"}],"predecessor-version":[{"id":94625,"href":"https:\/\/jorgezanoni.com.br\/2019\/wp-json\/wp\/v2\/posts\/94621\/revisions\/94625"}],"wp:featuredmedia":[{"embeddable":true,"href":"https:\/\/jorgezanoni.com.br\/2019\/wp-json\/wp\/v2\/media\/94622"}],"wp:attachment":[{"href":"https:\/\/jorgezanoni.com.br\/2019\/wp-json\/wp\/v2\/media?parent=94621"}],"wp:term":[{"taxonomy":"category","embeddable":true,"href":"https:\/\/jorgezanoni.com.br\/2019\/wp-json\/wp\/v2\/categories?post=94621"},{"taxonomy":"post_tag","embeddable":true,"href":"https:\/\/jorgezanoni.com.br\/2019\/wp-json\/wp\/v2\/tags?post=94621"}],"curies":[{"name":"wp","href":"https:\/\/api.w.org\/{rel}","templated":true}]}}