{"id":94617,"date":"2025-05-08T00:09:34","date_gmt":"2025-05-08T00:09:34","guid":{"rendered":"https:\/\/jorgezanoni.com.br\/2019\/?p=94617"},"modified":"2025-05-08T00:09:34","modified_gmt":"2025-05-08T00:09:34","slug":"sicredi-lanca-curso-gamificado-sobre-educacao-financeira-para-adolescentes-durante-semana-enef-2025","status":"publish","type":"post","link":"https:\/\/jorgezanoni.com.br\/2019\/sicredi-lanca-curso-gamificado-sobre-educacao-financeira-para-adolescentes-durante-semana-enef-2025\/","title":{"rendered":"Sicredi lan\u00e7a curso gamificado sobre educa\u00e7\u00e3o financeira para adolescentes durante Semana ENEF 2025"},"content":{"rendered":"<p style=\"text-align: justify;\" align=\"center\"><strong><i>Institui\u00e7\u00e3o financeira cooperativa intensifica suas a\u00e7\u00f5es sobre o tema durante o evento, entre 12 e 18 de maio.<\/i><\/strong><\/p>\n<p style=\"text-align: justify;\">O Sicredi realizar\u00e1 diversas a\u00e7\u00f5es em todo o Brasil na 12\u00aa Semana Nacional de Educa\u00e7\u00e3o Financeira (Semana ENEF). Durante o evento, programado para acontecer entre 12 e 18 de maio, a institui\u00e7\u00e3o financeira cooperativa lan\u00e7ar\u00e1 o curso gamificado de Educa\u00e7\u00e3o Financeira para Adolescentes, alinhado ao tema central desta edi\u00e7\u00e3o da Semana &#8211; &#8220;Educa\u00e7\u00e3o Financeira para Crian\u00e7as e Jovens: preparando a sociedade para escolhas conscientes&#8221;.<\/p>\n<p style=\"text-align: justify;\">A novidade estar\u00e1 dispon\u00edvel na aba &#8220;cursos&#8221;, da\u00a0<a href=\"https:\/\/www.sicredi.com.br\/nacomunidade\/cursos\" target=\"_blank\" rel=\"noopener noreferrer\">plataforma Sicredi na Comunidade<\/a>, a partir do dia 12 de maio. O objetivo \u00e9 incentivar o desenvolvimento de h\u00e1bitos financeiros saud\u00e1veis e a tomada de decis\u00f5es conscientes em rela\u00e7\u00e3o ao consumo, planejamento e investimentos, por meio de uma abordagem interativa e conectada ao universo jovem.<\/p>\n<p style=\"text-align: justify;\">&#8220;Estamos comprometidos em criar h\u00e1bitos financeiros saud\u00e1veis em rela\u00e7\u00e3o \u00e0s finan\u00e7as e ao consumo desde o p\u00fablico infantil, passando pelos adolescentes e adultos. Trabalhamos o ano inteiro em uma s\u00e9rie de a\u00e7\u00f5es voltadas \u00e0 educa\u00e7\u00e3o financeira, que s\u00e3o refor\u00e7adas ainda mais durante a Semana ENEF, da qual participamos intensamente. Acreditamos que esse tamb\u00e9m \u00e9 um caminho fundamental para gerar prosperidade e desenvolvimento para as pessoas e comunidades&#8221;, destaca Cristiane Amaral, gerente de Educa\u00e7\u00e3o Financeira da Funda\u00e7\u00e3o Sicredi.<\/p>\n<p style=\"text-align: justify;\">Outra novidade que marcar\u00e1 a Semana ENEF da institui\u00e7\u00e3o \u00e9 o lan\u00e7amento do videocast &#8220;Escolhas Conscientes para um Futuro Sustent\u00e1vel&#8221;, apresentado pelos planejadores financeiros Eduardo Amauri e Vivian Magalh\u00e3es. Em tr\u00eas epis\u00f3dios, eles abordam sobre as escolhas que fazemos no presente e no futuro que impactam na vida financeira.<\/p>\n<p style=\"text-align: justify;\">Haver\u00e1 ainda a sexta temporada do &#8220;Explica a\u00ed, Sicredi&#8221;, dispon\u00edvel a partir de 12 de maio no youtube do Sicredi, com cinco epis\u00f3dios que v\u00e3o trazer orienta\u00e7\u00f5es, de forma simples e did\u00e1tica, de como os adultos podem abordar o tema com as crian\u00e7as e adolescentes. E a parceria nacional entre a Mauricio de Souza Produ\u00e7\u00f5es e a Funda\u00e7\u00e3o Sicredi, iniciada em 2018 para promover a educa\u00e7\u00e3o financeira para o p\u00fablico infantil, vir\u00e1 com lan\u00e7amentos &#8211; um novo gibi e um novo v\u00eddeo em que a Turma da M\u00f4nica aprende ainda mais sobre investimentos, exemplificando temas como liquidez e infla\u00e7\u00e3o.<\/p>\n<p style=\"text-align: justify;\">Al\u00e9m dessas iniciativas, as mais de 100 cooperativas do Sicredi realizar\u00e3o a\u00e7\u00f5es locais de educa\u00e7\u00e3o financeira em diferentes formatos, alinhadas com o contexto de cada regi\u00e3o. Em 2024, o Sicredi realizou mais de 4,5 mil a\u00e7\u00f5es durante a Semana ENEF.<\/p>\n<p style=\"text-align: justify;\">A Semana Nacional de Educa\u00e7\u00e3o Financeira (Semana ENEF) \u00e9 uma iniciativa do F\u00f3rum Brasileiro de Educa\u00e7\u00e3o Financeira (FBEF) e acontece anualmente com a finalidade de promover a Estrat\u00e9gia Nacional de Educa\u00e7\u00e3o Financeira. Saiba mais sobre a programa\u00e7\u00e3o do Sicredi dentro da Semana ENEF 2025 em\u00a0<a href=\"https:\/\/www.sicredi.com.br\/site\/educacaofinanceira\/\" target=\"_blank\" rel=\"noopener noreferrer\">sicredi.com.br\/educacaofinanceira.<\/a><\/p>\n<p class=\"v1MsoNormal\" style=\"text-align: justify;\"><b><i>Sobre o Sicredi<\/i><\/b><i><\/i><\/p>\n<p class=\"v1MsoNormal\" style=\"text-align: justify;\"><i>O Sicredi \u00e9 uma institui\u00e7\u00e3o financeira cooperativa comprometida com o crescimento de seus associados e com o desenvolvimento das regi\u00f5es onde atua. Possui um modelo de gest\u00e3o que valoriza a participa\u00e7\u00e3o dos mais de 9 milh\u00f5es de associados, que exercem o papel de donos do neg\u00f3cio. Com mais de 2.800 ag\u00eancias, o Sicredi est\u00e1 presente fisicamente em todos os estados brasileiros e no Distrito Federal, disponibilizando uma gama completa de solu\u00e7\u00f5es financeiras e n\u00e3o financeiras.<\/i><\/p>\n<p class=\"v1MsoNormal\"><b><i>Site do Sicredi:\u00a0<a href=\"http:\/\/www.sicredi.com.br\/\" target=\"_blank\" rel=\"noopener noreferrer\">www.sicredi.com.br<\/a><\/i><\/b><\/p>\n<p class=\"v1MsoNormal\"><b><i>Redes Sociais:\u00a0<\/i><\/b><em><b><u><span lang=\"EN-US\"><a href=\"http:\/\/www.facebook.com\/sicredicentrooestepaulista\" target=\"_blank\" rel=\"noopener noreferrer\"><i><span lang=\"PT-BR\">Facebook<\/span><\/i><\/a><\/span><\/u><\/b><\/em><em>\u00a0|<\/em>\u00a0<em><b><u><span lang=\"EN-US\"><a href=\"https:\/\/www.linkedin.com\/company\/sicredi-centro-oeste-paulista\/\" target=\"_blank\" rel=\"noopener noreferrer\"><i><span lang=\"PT-BR\">LinkedIn<\/span><\/i><\/a><\/span><\/u><\/b><\/em><em>\u00a0|<\/em>\u00a0<em><b><u><span lang=\"EN-US\"><a href=\"http:\/\/www.youtube.com\/sicredicentrooestepaulista\" target=\"_blank\" rel=\"noopener noreferrer\"><i><span lang=\"PT-BR\">YouTube<\/span><\/i><\/a><\/span><\/u><\/b><\/em><span lang=\"EN-US\">\u00a0<\/span><em>|\u00a0<\/em><em><b><u><span lang=\"EN-US\"><a href=\"http:\/\/www.instagram.com\/sicredicentrooestepaulista\" target=\"_blank\" rel=\"noopener noreferrer\"><i><span lang=\"PT-BR\">Instagram<\/span><\/i><\/a><\/span><\/u><\/b><\/em><\/p>\n<p><img loading=\"lazy\" decoding=\"async\" class=\"alignnone size-full wp-image-94618\" src=\"https:\/\/jorgezanoni.com.br\/2019\/wp-content\/uploads\/2025\/05\/sicredi-Pequeno.jpg\" alt=\"\" width=\"720\" height=\"480\" srcset=\"https:\/\/jorgezanoni.com.br\/2019\/wp-content\/uploads\/2025\/05\/sicredi-Pequeno.jpg 720w, https:\/\/jorgezanoni.com.br\/2019\/wp-content\/uploads\/2025\/05\/sicredi-Pequeno-300x200.jpg 300w, https:\/\/jorgezanoni.com.br\/2019\/wp-content\/uploads\/2025\/05\/sicredi-Pequeno-696x464.jpg 696w, https:\/\/jorgezanoni.com.br\/2019\/wp-content\/uploads\/2025\/05\/sicredi-Pequeno-630x420.jpg 630w\" sizes=\"auto, (max-width: 720px) 100vw, 720px\" \/><\/p>\n<p>Fonte: Comunica\u00e7\u00e3o e Marketing<\/p>\n","protected":false},"excerpt":{"rendered":"<p>Institui\u00e7\u00e3o financeira cooperativa intensifica suas a\u00e7\u00f5es sobre o tema durante o evento, entre 12 e 18 de maio. O Sicredi realizar\u00e1 diversas a\u00e7\u00f5es em todo o Brasil na 12\u00aa Semana Nacional de Educa\u00e7\u00e3o Financeira (Semana ENEF). Durante o evento, programado para acontecer entre 12 e 18 de maio, a institui\u00e7\u00e3o financeira cooperativa lan\u00e7ar\u00e1 o curso [&hellip;]<\/p>\n","protected":false},"author":1,"featured_media":94619,"comment_status":"closed","ping_status":"open","sticky":false,"template":"","format":"standard","meta":{"footnotes":""},"categories":[110,116],"tags":[],"class_list":["post-94617","post","type-post","status-publish","format-standard","has-post-thumbnail","hentry","category-noticiasdestaque","category-politicaeeconomia"],"_links":{"self":[{"href":"https:\/\/jorgezanoni.com.br\/2019\/wp-json\/wp\/v2\/posts\/94617","targetHints":{"allow":["GET"]}}],"collection":[{"href":"https:\/\/jorgezanoni.com.br\/2019\/wp-json\/wp\/v2\/posts"}],"about":[{"href":"https:\/\/jorgezanoni.com.br\/2019\/wp-json\/wp\/v2\/types\/post"}],"author":[{"embeddable":true,"href":"https:\/\/jorgezanoni.com.br\/2019\/wp-json\/wp\/v2\/users\/1"}],"replies":[{"embeddable":true,"href":"https:\/\/jorgezanoni.com.br\/2019\/wp-json\/wp\/v2\/comments?post=94617"}],"version-history":[{"count":1,"href":"https:\/\/jorgezanoni.com.br\/2019\/wp-json\/wp\/v2\/posts\/94617\/revisions"}],"predecessor-version":[{"id":94620,"href":"https:\/\/jorgezanoni.com.br\/2019\/wp-json\/wp\/v2\/posts\/94617\/revisions\/94620"}],"wp:featuredmedia":[{"embeddable":true,"href":"https:\/\/jorgezanoni.com.br\/2019\/wp-json\/wp\/v2\/media\/94619"}],"wp:attachment":[{"href":"https:\/\/jorgezanoni.com.br\/2019\/wp-json\/wp\/v2\/media?parent=94617"}],"wp:term":[{"taxonomy":"category","embeddable":true,"href":"https:\/\/jorgezanoni.com.br\/2019\/wp-json\/wp\/v2\/categories?post=94617"},{"taxonomy":"post_tag","embeddable":true,"href":"https:\/\/jorgezanoni.com.br\/2019\/wp-json\/wp\/v2\/tags?post=94617"}],"curies":[{"name":"wp","href":"https:\/\/api.w.org\/{rel}","templated":true}]}}