{"id":94614,"date":"2025-05-07T17:02:50","date_gmt":"2025-05-07T17:02:50","guid":{"rendered":"https:\/\/jorgezanoni.com.br\/2019\/?p=94614"},"modified":"2025-05-07T17:02:50","modified_gmt":"2025-05-07T17:02:50","slug":"policia-militar-prende-homem-por-trafico-de-drogas-em-dracena-20","status":"publish","type":"post","link":"https:\/\/jorgezanoni.com.br\/2019\/policia-militar-prende-homem-por-trafico-de-drogas-em-dracena-20\/","title":{"rendered":"Pol\u00edcia Militar prende homem por Tr\u00e1fico de Drogas em Dracena"},"content":{"rendered":"<p style=\"text-align: justify;\">Na data de ontem (6) por volta das 21h00, policiais militares do 25\u00ba Batalh\u00e3o de Pol\u00edcia Militar do Interior pelo munic\u00edpio de Dracena em patrulhamento, avistaram o indiciado (Homem &#8211; 31 anos) em atitude suspeita, ap\u00f3s busca pessoal nada il\u00edcito foi encontrado, por\u00e9m de imediato confessou fazer tr\u00e1fico de entorpecentes, levando a equipe at\u00e9 local onde encontrava-se toda droga (17 por\u00e7\u00f5es de coca\u00edna, 04 por\u00e7\u00f5es de haxixe, 02 por\u00e7\u00f5es de maconha), dinheiro, celular e material j\u00e1 cortado pronto para embalagem. Dado voz de pris\u00e3o, indiv\u00edduo conduzido ao Plant\u00e3o Policial de Dracena permanecendo \u00e0 disposi\u00e7\u00e3o da Justi\u00e7a.<\/p>\n<p style=\"text-align: justify;\">Fonte: Comunica\u00e7\u00e3o Social<\/p>\n","protected":false},"excerpt":{"rendered":"<p>Na data de ontem (6) por volta das 21h00, policiais militares do 25\u00ba Batalh\u00e3o de Pol\u00edcia Militar do Interior pelo munic\u00edpio de Dracena em patrulhamento, avistaram o indiciado (Homem &#8211; 31 anos) em atitude suspeita, ap\u00f3s busca pessoal nada il\u00edcito foi encontrado, por\u00e9m de imediato confessou fazer tr\u00e1fico de entorpecentes, levando a equipe at\u00e9 local [&hellip;]<\/p>\n","protected":false},"author":1,"featured_media":94615,"comment_status":"closed","ping_status":"open","sticky":false,"template":"","format":"standard","meta":{"footnotes":""},"categories":[110,2],"tags":[],"class_list":["post-94614","post","type-post","status-publish","format-standard","has-post-thumbnail","hentry","category-noticiasdestaque","category-policial"],"_links":{"self":[{"href":"https:\/\/jorgezanoni.com.br\/2019\/wp-json\/wp\/v2\/posts\/94614","targetHints":{"allow":["GET"]}}],"collection":[{"href":"https:\/\/jorgezanoni.com.br\/2019\/wp-json\/wp\/v2\/posts"}],"about":[{"href":"https:\/\/jorgezanoni.com.br\/2019\/wp-json\/wp\/v2\/types\/post"}],"author":[{"embeddable":true,"href":"https:\/\/jorgezanoni.com.br\/2019\/wp-json\/wp\/v2\/users\/1"}],"replies":[{"embeddable":true,"href":"https:\/\/jorgezanoni.com.br\/2019\/wp-json\/wp\/v2\/comments?post=94614"}],"version-history":[{"count":1,"href":"https:\/\/jorgezanoni.com.br\/2019\/wp-json\/wp\/v2\/posts\/94614\/revisions"}],"predecessor-version":[{"id":94616,"href":"https:\/\/jorgezanoni.com.br\/2019\/wp-json\/wp\/v2\/posts\/94614\/revisions\/94616"}],"wp:featuredmedia":[{"embeddable":true,"href":"https:\/\/jorgezanoni.com.br\/2019\/wp-json\/wp\/v2\/media\/94615"}],"wp:attachment":[{"href":"https:\/\/jorgezanoni.com.br\/2019\/wp-json\/wp\/v2\/media?parent=94614"}],"wp:term":[{"taxonomy":"category","embeddable":true,"href":"https:\/\/jorgezanoni.com.br\/2019\/wp-json\/wp\/v2\/categories?post=94614"},{"taxonomy":"post_tag","embeddable":true,"href":"https:\/\/jorgezanoni.com.br\/2019\/wp-json\/wp\/v2\/tags?post=94614"}],"curies":[{"name":"wp","href":"https:\/\/api.w.org\/{rel}","templated":true}]}}