{"id":94589,"date":"2025-05-06T18:12:12","date_gmt":"2025-05-06T18:12:12","guid":{"rendered":"https:\/\/jorgezanoni.com.br\/2019\/?p=94589"},"modified":"2025-05-06T18:12:12","modified_gmt":"2025-05-06T18:12:12","slug":"acidente-em-esquina-com-semaforo-envolve-motocicleta-e-carro-em-dracena","status":"publish","type":"post","link":"https:\/\/jorgezanoni.com.br\/2019\/acidente-em-esquina-com-semaforo-envolve-motocicleta-e-carro-em-dracena\/","title":{"rendered":"Acidente em esquina com sem\u00e1foro envolve motocicleta e carro em Dracena"},"content":{"rendered":"<h2 style=\"text-align: justify;\"><strong>Colis\u00e3o foi registrada na esquina da Avenida Presidente Roosevelt com a Rua A\u00e9cio de Feo Flora, onde existe sem\u00e1foro.<\/strong><\/h2>\n<p style=\"text-align: justify;\">Segundo informa\u00e7\u00f5es obtidas no local pela reportagem do SITE JZ e TOP TV, um ve\u00edculo Honda Fit placas mercosul e uma motocicleta placa de Osvaldo Cruz, faziam o sentido bairro-centro pela Presidente Roosevelt, quando no sem\u00e1foro a condutora do carro foi virar a esquerda e acabou colidada na porta pela moto que fazia a ultrapassagem<\/p>\n<p style=\"text-align: justify;\">Com o impacto da batida, duas jovems cairam ao solo, sendo que uma teve escoria\u00e7\u00f5es no joelho e a outra reclamava de fortes dores no bra\u00e7o direito.<\/p>\n<div id=\"chunk-c8qlu\" style=\"text-align: justify;\">\n<div class=\"mc-column content-text active-extra-styles \" data-block-type=\"unstyled\" data-block-weight=\"16\" data-block-id=\"5\">\n<p class=\" content-text__container \" data-track-category=\"Link no Texto\" data-track-links=\"\" data-mrf-recirculation=\"Mat\u00e9ria - Links no Texto\">As duas mulehres foram socorridas ao Pronto Atendimento Municipal por uma Unidade de Resgate do Corpo de Bombeiros. A condutora do carro, n\u00e3o se feriu<\/p>\n<p data-track-category=\"Link no Texto\" data-track-links=\"\" data-mrf-recirculation=\"Mat\u00e9ria - Links no Texto\">As Pol\u00edcias Militar e T\u00e9cnica compareceram ao local para registro da ocorr\u00eancia e controle do tr\u00e2nsito e um laudo ir\u00e1 apontar as causas do acidente.<\/p>\n<p data-track-category=\"Link no Texto\" data-track-links=\"\" data-mrf-recirculation=\"Mat\u00e9ria - Links no Texto\"><img loading=\"lazy\" decoding=\"async\" class=\"alignnone size-full wp-image-94590\" src=\"https:\/\/jorgezanoni.com.br\/2019\/wp-content\/uploads\/2025\/05\/1e31b335-ada3-43f4-a1bc-19531656e6e8-Pequeno.jpg\" alt=\"\" width=\"853\" height=\"480\" srcset=\"https:\/\/jorgezanoni.com.br\/2019\/wp-content\/uploads\/2025\/05\/1e31b335-ada3-43f4-a1bc-19531656e6e8-Pequeno.jpg 853w, https:\/\/jorgezanoni.com.br\/2019\/wp-content\/uploads\/2025\/05\/1e31b335-ada3-43f4-a1bc-19531656e6e8-Pequeno-300x169.jpg 300w, https:\/\/jorgezanoni.com.br\/2019\/wp-content\/uploads\/2025\/05\/1e31b335-ada3-43f4-a1bc-19531656e6e8-Pequeno-768x432.jpg 768w, https:\/\/jorgezanoni.com.br\/2019\/wp-content\/uploads\/2025\/05\/1e31b335-ada3-43f4-a1bc-19531656e6e8-Pequeno-696x392.jpg 696w, https:\/\/jorgezanoni.com.br\/2019\/wp-content\/uploads\/2025\/05\/1e31b335-ada3-43f4-a1bc-19531656e6e8-Pequeno-746x420.jpg 746w\" sizes=\"auto, (max-width: 853px) 100vw, 853px\" \/><img loading=\"lazy\" decoding=\"async\" class=\"alignnone size-full wp-image-94592\" src=\"https:\/\/jorgezanoni.com.br\/2019\/wp-content\/uploads\/2025\/05\/5fcd52c3-0a3a-4868-afc3-8c99c946648e-Pequeno.jpg\" alt=\"\" width=\"853\" height=\"480\" srcset=\"https:\/\/jorgezanoni.com.br\/2019\/wp-content\/uploads\/2025\/05\/5fcd52c3-0a3a-4868-afc3-8c99c946648e-Pequeno.jpg 853w, https:\/\/jorgezanoni.com.br\/2019\/wp-content\/uploads\/2025\/05\/5fcd52c3-0a3a-4868-afc3-8c99c946648e-Pequeno-300x169.jpg 300w, https:\/\/jorgezanoni.com.br\/2019\/wp-content\/uploads\/2025\/05\/5fcd52c3-0a3a-4868-afc3-8c99c946648e-Pequeno-768x432.jpg 768w, https:\/\/jorgezanoni.com.br\/2019\/wp-content\/uploads\/2025\/05\/5fcd52c3-0a3a-4868-afc3-8c99c946648e-Pequeno-696x392.jpg 696w, https:\/\/jorgezanoni.com.br\/2019\/wp-content\/uploads\/2025\/05\/5fcd52c3-0a3a-4868-afc3-8c99c946648e-Pequeno-746x420.jpg 746w\" sizes=\"auto, (max-width: 853px) 100vw, 853px\" \/> <img loading=\"lazy\" decoding=\"async\" class=\"alignnone size-full wp-image-94593\" src=\"https:\/\/jorgezanoni.com.br\/2019\/wp-content\/uploads\/2025\/05\/86447221-4ed3-4b1e-b71c-e4b131aa9391-Pequeno.jpg\" alt=\"\" width=\"853\" height=\"480\" srcset=\"https:\/\/jorgezanoni.com.br\/2019\/wp-content\/uploads\/2025\/05\/86447221-4ed3-4b1e-b71c-e4b131aa9391-Pequeno.jpg 853w, https:\/\/jorgezanoni.com.br\/2019\/wp-content\/uploads\/2025\/05\/86447221-4ed3-4b1e-b71c-e4b131aa9391-Pequeno-300x169.jpg 300w, https:\/\/jorgezanoni.com.br\/2019\/wp-content\/uploads\/2025\/05\/86447221-4ed3-4b1e-b71c-e4b131aa9391-Pequeno-768x432.jpg 768w, https:\/\/jorgezanoni.com.br\/2019\/wp-content\/uploads\/2025\/05\/86447221-4ed3-4b1e-b71c-e4b131aa9391-Pequeno-696x392.jpg 696w, https:\/\/jorgezanoni.com.br\/2019\/wp-content\/uploads\/2025\/05\/86447221-4ed3-4b1e-b71c-e4b131aa9391-Pequeno-746x420.jpg 746w\" sizes=\"auto, (max-width: 853px) 100vw, 853px\" \/><\/p>\n<\/div>\n<\/div>\n<div id=\"chunk-8n55k\" style=\"text-align: justify;\">\n<div class=\"mc-column content-text active-extra-styles \" data-block-type=\"unstyled\" data-block-weight=\"9\" data-block-id=\"6\"><\/div>\n<\/div>\n<div id=\"chunk-afo8b\">\n<div class=\"mc-column content-text active-extra-styles \" data-block-type=\"unstyled\" data-block-weight=\"5\" data-block-id=\"8\">\n<p class=\" content-text__container \" style=\"text-align: justify;\" data-track-category=\"Link no Texto\" data-track-links=\"\" data-mrf-recirculation=\"Mat\u00e9ria - Links no Texto\">Jorge Zanoni<\/p>\n<\/div>\n<\/div>\n<h2 class=\"content-head__subtitle\"><\/h2>\n","protected":false},"excerpt":{"rendered":"<p>Colis\u00e3o foi registrada na esquina da Avenida Presidente Roosevelt com a Rua A\u00e9cio de Feo Flora, onde existe sem\u00e1foro. Segundo informa\u00e7\u00f5es obtidas no local pela reportagem do SITE JZ e TOP TV, um ve\u00edculo Honda Fit placas mercosul e uma motocicleta placa de Osvaldo Cruz, faziam o sentido bairro-centro pela Presidente Roosevelt, quando no sem\u00e1foro [&hellip;]<\/p>\n","protected":false},"author":1,"featured_media":94591,"comment_status":"closed","ping_status":"open","sticky":false,"template":"","format":"standard","meta":{"footnotes":""},"categories":[170,110],"tags":[],"class_list":["post-94589","post","type-post","status-publish","format-standard","has-post-thumbnail","hentry","category-acidentes","category-noticiasdestaque"],"_links":{"self":[{"href":"https:\/\/jorgezanoni.com.br\/2019\/wp-json\/wp\/v2\/posts\/94589","targetHints":{"allow":["GET"]}}],"collection":[{"href":"https:\/\/jorgezanoni.com.br\/2019\/wp-json\/wp\/v2\/posts"}],"about":[{"href":"https:\/\/jorgezanoni.com.br\/2019\/wp-json\/wp\/v2\/types\/post"}],"author":[{"embeddable":true,"href":"https:\/\/jorgezanoni.com.br\/2019\/wp-json\/wp\/v2\/users\/1"}],"replies":[{"embeddable":true,"href":"https:\/\/jorgezanoni.com.br\/2019\/wp-json\/wp\/v2\/comments?post=94589"}],"version-history":[{"count":1,"href":"https:\/\/jorgezanoni.com.br\/2019\/wp-json\/wp\/v2\/posts\/94589\/revisions"}],"predecessor-version":[{"id":94594,"href":"https:\/\/jorgezanoni.com.br\/2019\/wp-json\/wp\/v2\/posts\/94589\/revisions\/94594"}],"wp:featuredmedia":[{"embeddable":true,"href":"https:\/\/jorgezanoni.com.br\/2019\/wp-json\/wp\/v2\/media\/94591"}],"wp:attachment":[{"href":"https:\/\/jorgezanoni.com.br\/2019\/wp-json\/wp\/v2\/media?parent=94589"}],"wp:term":[{"taxonomy":"category","embeddable":true,"href":"https:\/\/jorgezanoni.com.br\/2019\/wp-json\/wp\/v2\/categories?post=94589"},{"taxonomy":"post_tag","embeddable":true,"href":"https:\/\/jorgezanoni.com.br\/2019\/wp-json\/wp\/v2\/tags?post=94589"}],"curies":[{"name":"wp","href":"https:\/\/api.w.org\/{rel}","templated":true}]}}