{"id":94582,"date":"2025-05-06T17:55:29","date_gmt":"2025-05-06T17:55:29","guid":{"rendered":"https:\/\/jorgezanoni.com.br\/2019\/?p=94582"},"modified":"2025-05-06T17:55:52","modified_gmt":"2025-05-06T17:55:52","slug":"carro-e-motcicleta-batem-na-avenida-presidente-roosevelt-em-dracena","status":"publish","type":"post","link":"https:\/\/jorgezanoni.com.br\/2019\/carro-e-motcicleta-batem-na-avenida-presidente-roosevelt-em-dracena\/","title":{"rendered":"Carro e motocicleta batem na Avenida Presidente Roosevelt em Dracena"},"content":{"rendered":"<div class=\"title\" data-block-type=\"title\" data-block-id=\"0\">\n<h1 style=\"text-align: justify;\">Homem foi socorrido ap\u00f3s cair ao solo e bater a cabe\u00e7a.<\/h1>\n<h1 class=\"content-head__title\" style=\"text-align: justify;\"><\/h1>\n<\/div>\n<div class=\"medium-centered subtitle\">\n<div id=\"chunk-1najh\" style=\"text-align: justify;\">\n<div class=\"mc-column content-text active-extra-styles \" data-block-type=\"unstyled\" data-block-weight=\"24\" data-block-id=\"2\">\n<p class=\" content-text__container \" data-track-category=\"Link no Texto\" data-track-links=\"\" data-mrf-recirculation=\"Mat\u00e9ria - Links no Texto\">Segundo informa\u00e7\u00f5es obtidas no local pela reportagem do SITE JZ e TOP TV, a moto fazia o sentido bairro-centro, fluxo \u00fanico pela Presidente Roosevelt, quando uma caminhonete teria cruzado \u00e0 sua frente pela S\u00e3o Paulo sentido Santa Casa a antiga Linha F\u00e9rrea, acontecendo a batida.<\/p>\n<\/div>\n<\/div>\n<div class=\"wall protected-content\">\n<div id=\"chunk-627ue\" style=\"text-align: justify;\">\n<div class=\"mc-column content-text active-extra-styles \" data-block-type=\"unstyled\" data-block-weight=\"16\" data-block-id=\"5\">\n<p class=\" content-text__container \" data-track-category=\"Link no Texto\" data-track-links=\"\" data-mrf-recirculation=\"Mat\u00e9ria - Links no Texto\">O homem que pilotava a moto, teve ferimentos na face e foi levado ao Pronto Atendimento Municipal por uma Unidade de Resgate do Corpo de Bombeiros. O motorista nada sofreu.<\/p>\n<\/div>\n<\/div>\n<div id=\"chunk-a9q1r\" style=\"text-align: justify;\">\n<div class=\"mc-column content-text active-extra-styles \" data-block-type=\"unstyled\" data-block-weight=\"13\" data-block-id=\"7\"><\/div>\n<\/div>\n<div id=\"chunk-6i2fu\">\n<div class=\"mc-column content-text active-extra-styles \" data-block-type=\"unstyled\" data-block-weight=\"5\" data-block-id=\"8\">\n<p class=\" content-text__container \" style=\"text-align: justify;\" data-track-category=\"Link no Texto\" data-track-links=\"\" data-mrf-recirculation=\"Mat\u00e9ria - Links no Texto\">A Pol\u00edcia Militar e T\u00e9cnica, estiveram no local para controle do tr\u00e2nsito e registro da ocorr\u00eancia que ir\u00e1 apontar as causas do acidente.<\/p>\n<p data-track-category=\"Link no Texto\" data-track-links=\"\" data-mrf-recirculation=\"Mat\u00e9ria - Links no Texto\"><img loading=\"lazy\" decoding=\"async\" class=\"alignnone size-full wp-image-94583\" src=\"https:\/\/jorgezanoni.com.br\/2019\/wp-content\/uploads\/2025\/05\/8fffb824-7281-4dd3-9664-d2139d3e770e-Pequeno.jpg\" alt=\"\" width=\"853\" height=\"480\" srcset=\"https:\/\/jorgezanoni.com.br\/2019\/wp-content\/uploads\/2025\/05\/8fffb824-7281-4dd3-9664-d2139d3e770e-Pequeno.jpg 853w, https:\/\/jorgezanoni.com.br\/2019\/wp-content\/uploads\/2025\/05\/8fffb824-7281-4dd3-9664-d2139d3e770e-Pequeno-300x169.jpg 300w, https:\/\/jorgezanoni.com.br\/2019\/wp-content\/uploads\/2025\/05\/8fffb824-7281-4dd3-9664-d2139d3e770e-Pequeno-768x432.jpg 768w, https:\/\/jorgezanoni.com.br\/2019\/wp-content\/uploads\/2025\/05\/8fffb824-7281-4dd3-9664-d2139d3e770e-Pequeno-696x392.jpg 696w, https:\/\/jorgezanoni.com.br\/2019\/wp-content\/uploads\/2025\/05\/8fffb824-7281-4dd3-9664-d2139d3e770e-Pequeno-746x420.jpg 746w\" sizes=\"auto, (max-width: 853px) 100vw, 853px\" \/> <img loading=\"lazy\" decoding=\"async\" class=\"alignnone size-full wp-image-94584\" src=\"https:\/\/jorgezanoni.com.br\/2019\/wp-content\/uploads\/2025\/05\/5256bd71-eeb8-4507-8c27-14f3e21a510b-Pequeno.jpg\" alt=\"\" width=\"270\" height=\"480\" srcset=\"https:\/\/jorgezanoni.com.br\/2019\/wp-content\/uploads\/2025\/05\/5256bd71-eeb8-4507-8c27-14f3e21a510b-Pequeno.jpg 270w, https:\/\/jorgezanoni.com.br\/2019\/wp-content\/uploads\/2025\/05\/5256bd71-eeb8-4507-8c27-14f3e21a510b-Pequeno-169x300.jpg 169w, https:\/\/jorgezanoni.com.br\/2019\/wp-content\/uploads\/2025\/05\/5256bd71-eeb8-4507-8c27-14f3e21a510b-Pequeno-236x420.jpg 236w\" sizes=\"auto, (max-width: 270px) 100vw, 270px\" \/> <img loading=\"lazy\" decoding=\"async\" class=\"alignnone size-full wp-image-94585\" src=\"https:\/\/jorgezanoni.com.br\/2019\/wp-content\/uploads\/2025\/05\/d2ec4de6-0d52-4f0c-adf4-b8d857d5a2c1-Pequeno.jpg\" alt=\"\" width=\"853\" height=\"480\" srcset=\"https:\/\/jorgezanoni.com.br\/2019\/wp-content\/uploads\/2025\/05\/d2ec4de6-0d52-4f0c-adf4-b8d857d5a2c1-Pequeno.jpg 853w, https:\/\/jorgezanoni.com.br\/2019\/wp-content\/uploads\/2025\/05\/d2ec4de6-0d52-4f0c-adf4-b8d857d5a2c1-Pequeno-300x169.jpg 300w, https:\/\/jorgezanoni.com.br\/2019\/wp-content\/uploads\/2025\/05\/d2ec4de6-0d52-4f0c-adf4-b8d857d5a2c1-Pequeno-768x432.jpg 768w, https:\/\/jorgezanoni.com.br\/2019\/wp-content\/uploads\/2025\/05\/d2ec4de6-0d52-4f0c-adf4-b8d857d5a2c1-Pequeno-696x392.jpg 696w, https:\/\/jorgezanoni.com.br\/2019\/wp-content\/uploads\/2025\/05\/d2ec4de6-0d52-4f0c-adf4-b8d857d5a2c1-Pequeno-746x420.jpg 746w\" sizes=\"auto, (max-width: 853px) 100vw, 853px\" \/><\/p>\n<p style=\"text-align: justify;\" data-track-category=\"Link no Texto\" data-track-links=\"\" data-mrf-recirculation=\"Mat\u00e9ria - Links no Texto\">Jorge Zanoni<\/p>\n<\/div>\n<\/div>\n<\/div>\n<\/div>\n","protected":false},"excerpt":{"rendered":"<p>Homem foi socorrido ap\u00f3s cair ao solo e bater a cabe\u00e7a. Segundo informa\u00e7\u00f5es obtidas no local pela reportagem do SITE JZ e TOP TV, a moto fazia o sentido bairro-centro, fluxo \u00fanico pela Presidente Roosevelt, quando uma caminhonete teria cruzado \u00e0 sua frente pela S\u00e3o Paulo sentido Santa Casa a antiga Linha F\u00e9rrea, acontecendo a [&hellip;]<\/p>\n","protected":false},"author":1,"featured_media":94586,"comment_status":"closed","ping_status":"open","sticky":false,"template":"","format":"standard","meta":{"footnotes":""},"categories":[170,110],"tags":[],"class_list":["post-94582","post","type-post","status-publish","format-standard","has-post-thumbnail","hentry","category-acidentes","category-noticiasdestaque"],"_links":{"self":[{"href":"https:\/\/jorgezanoni.com.br\/2019\/wp-json\/wp\/v2\/posts\/94582","targetHints":{"allow":["GET"]}}],"collection":[{"href":"https:\/\/jorgezanoni.com.br\/2019\/wp-json\/wp\/v2\/posts"}],"about":[{"href":"https:\/\/jorgezanoni.com.br\/2019\/wp-json\/wp\/v2\/types\/post"}],"author":[{"embeddable":true,"href":"https:\/\/jorgezanoni.com.br\/2019\/wp-json\/wp\/v2\/users\/1"}],"replies":[{"embeddable":true,"href":"https:\/\/jorgezanoni.com.br\/2019\/wp-json\/wp\/v2\/comments?post=94582"}],"version-history":[{"count":2,"href":"https:\/\/jorgezanoni.com.br\/2019\/wp-json\/wp\/v2\/posts\/94582\/revisions"}],"predecessor-version":[{"id":94588,"href":"https:\/\/jorgezanoni.com.br\/2019\/wp-json\/wp\/v2\/posts\/94582\/revisions\/94588"}],"wp:featuredmedia":[{"embeddable":true,"href":"https:\/\/jorgezanoni.com.br\/2019\/wp-json\/wp\/v2\/media\/94586"}],"wp:attachment":[{"href":"https:\/\/jorgezanoni.com.br\/2019\/wp-json\/wp\/v2\/media?parent=94582"}],"wp:term":[{"taxonomy":"category","embeddable":true,"href":"https:\/\/jorgezanoni.com.br\/2019\/wp-json\/wp\/v2\/categories?post=94582"},{"taxonomy":"post_tag","embeddable":true,"href":"https:\/\/jorgezanoni.com.br\/2019\/wp-json\/wp\/v2\/tags?post=94582"}],"curies":[{"name":"wp","href":"https:\/\/api.w.org\/{rel}","templated":true}]}}