{"id":94578,"date":"2025-05-06T16:52:09","date_gmt":"2025-05-06T16:52:09","guid":{"rendered":"https:\/\/jorgezanoni.com.br\/2019\/?p=94578"},"modified":"2025-05-06T16:52:09","modified_gmt":"2025-05-06T16:52:09","slug":"policia-militar-durante-patrulhamento-com-motos-prende-homem-por-trafico-de-drogas-em-dracena","status":"publish","type":"post","link":"https:\/\/jorgezanoni.com.br\/2019\/policia-militar-durante-patrulhamento-com-motos-prende-homem-por-trafico-de-drogas-em-dracena\/","title":{"rendered":"Pol\u00edcia Militar durante patrulhamento com motos prende homem por Tr\u00e1fico de Drogas em Dracena"},"content":{"rendered":"<p style=\"text-align: justify;\">Na data de ontem (5) por volta das 17h10min policiais militares do 25\u00ba Batalh\u00e3o de Pol\u00edcia Militar do Interior pelo munic\u00edpio de Dracena em patrulhamento com motos, foi avistado o indiciado (19 anos) no Terminal Rodovi\u00e1rio de Dracena e ao ser abordado informou a equipe que estava transportando droga (maconha 0,025kg e coca\u00edna 0,002kg) e que iria entregar em Pacaembu a uma pessoa e que pegou a droga em uma resid\u00eancia no Jardim Brasil\u00e2ndia.<br \/>\nDiante das informa\u00e7\u00f5es foi tentado a abordagem na resid\u00eancia do indiciado (homem 21 anos) mas ao notar a presen\u00e7a policial correu e pulou o muro, se evadindo, mas antes dispensou no ch\u00e3o 3 por\u00e7\u00f5es de coca\u00edna, id\u00eanticas a localizada com o indiciado no terminal rodovi\u00e1rio. Diante dos fatos ocorr\u00eancia conduzida at\u00e9 o Plant\u00e3o Policial de Dracena permanecendo preso \u00e0 disposi\u00e7\u00e3o da Justi\u00e7a.<\/p>\n<p><img loading=\"lazy\" decoding=\"async\" class=\"alignnone size-full wp-image-94579\" src=\"https:\/\/jorgezanoni.com.br\/2019\/wp-content\/uploads\/2025\/05\/pm-Pequeno.jpg\" alt=\"\" width=\"394\" height=\"480\" srcset=\"https:\/\/jorgezanoni.com.br\/2019\/wp-content\/uploads\/2025\/05\/pm-Pequeno.jpg 394w, https:\/\/jorgezanoni.com.br\/2019\/wp-content\/uploads\/2025\/05\/pm-Pequeno-246x300.jpg 246w, https:\/\/jorgezanoni.com.br\/2019\/wp-content\/uploads\/2025\/05\/pm-Pequeno-345x420.jpg 345w\" sizes=\"auto, (max-width: 394px) 100vw, 394px\" \/><\/p>\n<p>Fonte: Comunica\u00e7\u00e3o Social Pol\u00edcia Militar<\/p>\n","protected":false},"excerpt":{"rendered":"<p>Na data de ontem (5) por volta das 17h10min policiais militares do 25\u00ba Batalh\u00e3o de Pol\u00edcia Militar do Interior pelo munic\u00edpio de Dracena em patrulhamento com motos, foi avistado o indiciado (19 anos) no Terminal Rodovi\u00e1rio de Dracena e ao ser abordado informou a equipe que estava transportando droga (maconha 0,025kg e coca\u00edna 0,002kg) e [&hellip;]<\/p>\n","protected":false},"author":1,"featured_media":94580,"comment_status":"closed","ping_status":"open","sticky":false,"template":"","format":"standard","meta":{"footnotes":""},"categories":[110,2],"tags":[],"class_list":["post-94578","post","type-post","status-publish","format-standard","has-post-thumbnail","hentry","category-noticiasdestaque","category-policial"],"_links":{"self":[{"href":"https:\/\/jorgezanoni.com.br\/2019\/wp-json\/wp\/v2\/posts\/94578","targetHints":{"allow":["GET"]}}],"collection":[{"href":"https:\/\/jorgezanoni.com.br\/2019\/wp-json\/wp\/v2\/posts"}],"about":[{"href":"https:\/\/jorgezanoni.com.br\/2019\/wp-json\/wp\/v2\/types\/post"}],"author":[{"embeddable":true,"href":"https:\/\/jorgezanoni.com.br\/2019\/wp-json\/wp\/v2\/users\/1"}],"replies":[{"embeddable":true,"href":"https:\/\/jorgezanoni.com.br\/2019\/wp-json\/wp\/v2\/comments?post=94578"}],"version-history":[{"count":1,"href":"https:\/\/jorgezanoni.com.br\/2019\/wp-json\/wp\/v2\/posts\/94578\/revisions"}],"predecessor-version":[{"id":94581,"href":"https:\/\/jorgezanoni.com.br\/2019\/wp-json\/wp\/v2\/posts\/94578\/revisions\/94581"}],"wp:featuredmedia":[{"embeddable":true,"href":"https:\/\/jorgezanoni.com.br\/2019\/wp-json\/wp\/v2\/media\/94580"}],"wp:attachment":[{"href":"https:\/\/jorgezanoni.com.br\/2019\/wp-json\/wp\/v2\/media?parent=94578"}],"wp:term":[{"taxonomy":"category","embeddable":true,"href":"https:\/\/jorgezanoni.com.br\/2019\/wp-json\/wp\/v2\/categories?post=94578"},{"taxonomy":"post_tag","embeddable":true,"href":"https:\/\/jorgezanoni.com.br\/2019\/wp-json\/wp\/v2\/tags?post=94578"}],"curies":[{"name":"wp","href":"https:\/\/api.w.org\/{rel}","templated":true}]}}