{"id":94466,"date":"2025-04-30T21:42:19","date_gmt":"2025-04-30T21:42:19","guid":{"rendered":"https:\/\/jorgezanoni.com.br\/2019\/?p=94466"},"modified":"2025-05-01T17:40:58","modified_gmt":"2025-05-01T17:40:58","slug":"motociclista-fica-ferido-em-acidente-registrado-no-centro-de-dracena","status":"publish","type":"post","link":"https:\/\/jorgezanoni.com.br\/2019\/motociclista-fica-ferido-em-acidente-registrado-no-centro-de-dracena\/","title":{"rendered":"Motociclista fica ferido em acidente registrado no centro de Dracena"},"content":{"rendered":"<p style=\"text-align: justify;\"><strong>Carro e motocicleta fazendo o sentido \u00fanico da Avenida Presidente Vargas, quando aconteceu a colis\u00e3o traseira.<\/strong><\/p>\n<p style=\"text-align: justify;\">Segundo informa\u00e7\u00f5es obtidas no local pela reportagem do SITE JZ e TOP TV, um Fiat Toro placas de Dracena e uma Motocicleta placa mercosul se envolveram em um acidente. A moto teria batido na traseira do carro.<\/p>\n<p style=\"text-align: justify;\">O motociclista teve ferimentos, com poss\u00edvel fratura em uma das pernas, o motorista, n\u00e3o se feriu.<\/p>\n<p style=\"text-align: justify;\">Uma equipe da Unidade de Resgate do Corpo de Bombeiros levou o ferido at\u00e9 o Pronto Atendimento Municipal no Bairro S\u00e3o Crist\u00f3v\u00e3o.<\/p>\n<p style=\"text-align: justify;\">A Pol\u00edcia Militar compareceu para organizar o transito que ficou prejudicado e elaborar o Boletim de Ocorr\u00eancias. A Pol\u00edcia T\u00e9cnica compareceu ao local e atrav\u00e9s de laudo vai apontar as reais causas do acidente.<\/p>\n<p><img loading=\"lazy\" decoding=\"async\" class=\"alignnone size-full wp-image-94467\" src=\"https:\/\/jorgezanoni.com.br\/2019\/wp-content\/uploads\/2025\/04\/IMG_6192-Pequeno.jpg\" alt=\"\" width=\"640\" height=\"480\" srcset=\"https:\/\/jorgezanoni.com.br\/2019\/wp-content\/uploads\/2025\/04\/IMG_6192-Pequeno.jpg 640w, https:\/\/jorgezanoni.com.br\/2019\/wp-content\/uploads\/2025\/04\/IMG_6192-Pequeno-300x225.jpg 300w, https:\/\/jorgezanoni.com.br\/2019\/wp-content\/uploads\/2025\/04\/IMG_6192-Pequeno-80x60.jpg 80w, https:\/\/jorgezanoni.com.br\/2019\/wp-content\/uploads\/2025\/04\/IMG_6192-Pequeno-265x198.jpg 265w, https:\/\/jorgezanoni.com.br\/2019\/wp-content\/uploads\/2025\/04\/IMG_6192-Pequeno-560x420.jpg 560w\" sizes=\"auto, (max-width: 640px) 100vw, 640px\" \/> <img loading=\"lazy\" decoding=\"async\" class=\"alignnone size-full wp-image-94468\" src=\"https:\/\/jorgezanoni.com.br\/2019\/wp-content\/uploads\/2025\/04\/IMG_6193-Pequeno.jpg\" alt=\"\" width=\"640\" height=\"480\" srcset=\"https:\/\/jorgezanoni.com.br\/2019\/wp-content\/uploads\/2025\/04\/IMG_6193-Pequeno.jpg 640w, https:\/\/jorgezanoni.com.br\/2019\/wp-content\/uploads\/2025\/04\/IMG_6193-Pequeno-300x225.jpg 300w, https:\/\/jorgezanoni.com.br\/2019\/wp-content\/uploads\/2025\/04\/IMG_6193-Pequeno-80x60.jpg 80w, https:\/\/jorgezanoni.com.br\/2019\/wp-content\/uploads\/2025\/04\/IMG_6193-Pequeno-265x198.jpg 265w, https:\/\/jorgezanoni.com.br\/2019\/wp-content\/uploads\/2025\/04\/IMG_6193-Pequeno-560x420.jpg 560w\" sizes=\"auto, (max-width: 640px) 100vw, 640px\" \/> <img loading=\"lazy\" decoding=\"async\" class=\"alignnone size-full wp-image-94469\" src=\"https:\/\/jorgezanoni.com.br\/2019\/wp-content\/uploads\/2025\/04\/IMG_6194-Pequeno.jpg\" alt=\"\" width=\"640\" height=\"480\" srcset=\"https:\/\/jorgezanoni.com.br\/2019\/wp-content\/uploads\/2025\/04\/IMG_6194-Pequeno.jpg 640w, https:\/\/jorgezanoni.com.br\/2019\/wp-content\/uploads\/2025\/04\/IMG_6194-Pequeno-300x225.jpg 300w, https:\/\/jorgezanoni.com.br\/2019\/wp-content\/uploads\/2025\/04\/IMG_6194-Pequeno-80x60.jpg 80w, https:\/\/jorgezanoni.com.br\/2019\/wp-content\/uploads\/2025\/04\/IMG_6194-Pequeno-265x198.jpg 265w, https:\/\/jorgezanoni.com.br\/2019\/wp-content\/uploads\/2025\/04\/IMG_6194-Pequeno-560x420.jpg 560w\" sizes=\"auto, (max-width: 640px) 100vw, 640px\" \/><\/p>\n<p style=\"text-align: justify;\">Jorge Zanoni<\/p>\n","protected":false},"excerpt":{"rendered":"<p>Carro e motocicleta fazendo o sentido \u00fanico da Avenida Presidente Vargas, quando aconteceu a colis\u00e3o traseira. Segundo informa\u00e7\u00f5es obtidas no local pela reportagem do SITE JZ e TOP TV, um Fiat Toro placas de Dracena e uma Motocicleta placa mercosul se envolveram em um acidente. A moto teria batido na traseira do carro. O motociclista [&hellip;]<\/p>\n","protected":false},"author":1,"featured_media":94470,"comment_status":"closed","ping_status":"open","sticky":false,"template":"","format":"standard","meta":{"footnotes":""},"categories":[170,110],"tags":[],"class_list":["post-94466","post","type-post","status-publish","format-standard","has-post-thumbnail","hentry","category-acidentes","category-noticiasdestaque"],"_links":{"self":[{"href":"https:\/\/jorgezanoni.com.br\/2019\/wp-json\/wp\/v2\/posts\/94466","targetHints":{"allow":["GET"]}}],"collection":[{"href":"https:\/\/jorgezanoni.com.br\/2019\/wp-json\/wp\/v2\/posts"}],"about":[{"href":"https:\/\/jorgezanoni.com.br\/2019\/wp-json\/wp\/v2\/types\/post"}],"author":[{"embeddable":true,"href":"https:\/\/jorgezanoni.com.br\/2019\/wp-json\/wp\/v2\/users\/1"}],"replies":[{"embeddable":true,"href":"https:\/\/jorgezanoni.com.br\/2019\/wp-json\/wp\/v2\/comments?post=94466"}],"version-history":[{"count":2,"href":"https:\/\/jorgezanoni.com.br\/2019\/wp-json\/wp\/v2\/posts\/94466\/revisions"}],"predecessor-version":[{"id":94486,"href":"https:\/\/jorgezanoni.com.br\/2019\/wp-json\/wp\/v2\/posts\/94466\/revisions\/94486"}],"wp:featuredmedia":[{"embeddable":true,"href":"https:\/\/jorgezanoni.com.br\/2019\/wp-json\/wp\/v2\/media\/94470"}],"wp:attachment":[{"href":"https:\/\/jorgezanoni.com.br\/2019\/wp-json\/wp\/v2\/media?parent=94466"}],"wp:term":[{"taxonomy":"category","embeddable":true,"href":"https:\/\/jorgezanoni.com.br\/2019\/wp-json\/wp\/v2\/categories?post=94466"},{"taxonomy":"post_tag","embeddable":true,"href":"https:\/\/jorgezanoni.com.br\/2019\/wp-json\/wp\/v2\/tags?post=94466"}],"curies":[{"name":"wp","href":"https:\/\/api.w.org\/{rel}","templated":true}]}}