{"id":94409,"date":"2025-04-27T18:00:06","date_gmt":"2025-04-27T18:00:06","guid":{"rendered":"https:\/\/jorgezanoni.com.br\/2019\/?p=94409"},"modified":"2025-04-27T18:00:06","modified_gmt":"2025-04-27T18:00:06","slug":"policia-militar-em-acao-de-forca-tatica-prende-dois-homens-por-trafico-de-drogas-em-dracena","status":"publish","type":"post","link":"https:\/\/jorgezanoni.com.br\/2019\/policia-militar-em-acao-de-forca-tatica-prende-dois-homens-por-trafico-de-drogas-em-dracena\/","title":{"rendered":"Pol\u00edcia Militar em a\u00e7\u00e3o de For\u00e7a T\u00e1tica prende dois homens por Tr\u00e1fico de Drogas em Dracena"},"content":{"rendered":"<p style=\"text-align: justify;\">Na data de ontem (26) por volta das 20h30min policiais militares do 25\u00ba Batalh\u00e3o de Pol\u00edcia Militar do Interior durante patrulhamento de For\u00e7a T\u00e1tica no munic\u00edpio de Dracena, ap\u00f3s den\u00fancia pela rua Duque de Caxias de que um indiv\u00edduo iria retirar uma certa quantidade de entorpecentes, sendo observado no local, um cadeirante adentrando a resid\u00eancia com um motociclo el\u00e9trico e em seguida deixou o local, prosseguimos para abord\u00e1-lo, o indiciado homem (34 anos,) ap\u00f3s busca pessoal e no ve\u00edculo, foi localizado no interior de uma caixa acoplada ao motociclo, quatro tijolos de maconha, totalizando 3.036 kg de maconha deslocamos \u00e0 residencia com o abordado, onde em contato com respons\u00e1vel (homem 30 anos,) o local foi vistoriado e nada mais localizado. No Plant\u00e3o Policial de Dracena os indiciados permaneceram presos e \u00e0 disposi\u00e7\u00e3o da Justi\u00e7a.<\/p>\n<p>Fonte: Com. Social Pol\u00edcia Militar<\/p>\n","protected":false},"excerpt":{"rendered":"<p>Na data de ontem (26) por volta das 20h30min policiais militares do 25\u00ba Batalh\u00e3o de Pol\u00edcia Militar do Interior durante patrulhamento de For\u00e7a T\u00e1tica no munic\u00edpio de Dracena, ap\u00f3s den\u00fancia pela rua Duque de Caxias de que um indiv\u00edduo iria retirar uma certa quantidade de entorpecentes, sendo observado no local, um cadeirante adentrando a resid\u00eancia [&hellip;]<\/p>\n","protected":false},"author":1,"featured_media":94411,"comment_status":"closed","ping_status":"open","sticky":false,"template":"","format":"standard","meta":{"footnotes":""},"categories":[110,2],"tags":[],"class_list":["post-94409","post","type-post","status-publish","format-standard","has-post-thumbnail","hentry","category-noticiasdestaque","category-policial"],"_links":{"self":[{"href":"https:\/\/jorgezanoni.com.br\/2019\/wp-json\/wp\/v2\/posts\/94409","targetHints":{"allow":["GET"]}}],"collection":[{"href":"https:\/\/jorgezanoni.com.br\/2019\/wp-json\/wp\/v2\/posts"}],"about":[{"href":"https:\/\/jorgezanoni.com.br\/2019\/wp-json\/wp\/v2\/types\/post"}],"author":[{"embeddable":true,"href":"https:\/\/jorgezanoni.com.br\/2019\/wp-json\/wp\/v2\/users\/1"}],"replies":[{"embeddable":true,"href":"https:\/\/jorgezanoni.com.br\/2019\/wp-json\/wp\/v2\/comments?post=94409"}],"version-history":[{"count":1,"href":"https:\/\/jorgezanoni.com.br\/2019\/wp-json\/wp\/v2\/posts\/94409\/revisions"}],"predecessor-version":[{"id":94412,"href":"https:\/\/jorgezanoni.com.br\/2019\/wp-json\/wp\/v2\/posts\/94409\/revisions\/94412"}],"wp:featuredmedia":[{"embeddable":true,"href":"https:\/\/jorgezanoni.com.br\/2019\/wp-json\/wp\/v2\/media\/94411"}],"wp:attachment":[{"href":"https:\/\/jorgezanoni.com.br\/2019\/wp-json\/wp\/v2\/media?parent=94409"}],"wp:term":[{"taxonomy":"category","embeddable":true,"href":"https:\/\/jorgezanoni.com.br\/2019\/wp-json\/wp\/v2\/categories?post=94409"},{"taxonomy":"post_tag","embeddable":true,"href":"https:\/\/jorgezanoni.com.br\/2019\/wp-json\/wp\/v2\/tags?post=94409"}],"curies":[{"name":"wp","href":"https:\/\/api.w.org\/{rel}","templated":true}]}}