{"id":9433,"date":"2019-10-22T16:31:51","date_gmt":"2019-10-22T16:31:51","guid":{"rendered":"https:\/\/jorgezanoni.com.br\/2019\/?p=9433"},"modified":"2019-10-22T16:31:51","modified_gmt":"2019-10-22T16:31:51","slug":"numero-de-feridos-em-acidente-com-duas-mortes-em-jau-passa-de-40-diz-policia","status":"publish","type":"post","link":"https:\/\/jorgezanoni.com.br\/2019\/numero-de-feridos-em-acidente-com-duas-mortes-em-jau-passa-de-40-diz-policia\/","title":{"rendered":"N\u00famero de feridos em acidente com duas mortes em Ja\u00fa passa de 40, diz pol\u00edcia"},"content":{"rendered":"<h2 class=\"content-head__subtitle\" style=\"text-align: justify;\"><strong>Colis\u00e3o entre \u00f4nibus que transportavam detentos e caminh\u00e3o aconteceu na tarde de segunda-feira (21), na Rodovia Comandante Jo\u00e3o Ribeiro de Barros, entre Ja\u00fa e Bocaina.<\/strong><\/h2>\n<div class=\"mc-column content-text active-extra-styles \" data-block-type=\"unstyled\" data-block-weight=\"36\" data-block-id=\"2\">\n<p class=\"content-text__container \" style=\"text-align: justify;\" data-track-category=\"Link no Texto\" data-track-links=\"\">A Pol\u00edcia Rodovi\u00e1ria atualizou, na manh\u00e3 desta ter\u00e7a-feira (22), o n\u00famero de feridos no\u00a0<a href=\"https:\/\/g1.globo.com\/sp\/bauru-marilia\/noticia\/2019\/10\/21\/motoristas-morrem-em-acidente-entre-onibus-que-transportavam-detentos-e-caminhao-em-jau.ghtml\">acidente entre dois \u00f4nibus que transportavam detentos e um caminh\u00e3o<\/a>\u00a0na tarde de segunda-feira (21) em rodovia entre Ja\u00fa (SP) e Bocaina.<\/p>\n<\/div>\n<div class=\"wall protected-content\">\n<div class=\"mc-column content-text active-extra-styles \" data-block-type=\"unstyled\" data-block-weight=\"40\" data-block-id=\"3\">\n<p class=\"content-text__container \" style=\"text-align: justify;\" data-track-category=\"Link no Texto\" data-track-links=\"\">Segundo a pol\u00edcia, o motorista de um dos \u00f4nibus e o caminhoneiro morreram no local. O motorista do \u00f4nibus foi identificado como Aparecido Donizete Alves dos Santos, de 34 anos, e o caminhoneiro como Mizael Santanna Justino, de 30 anos<\/p>\n<p style=\"text-align: justify;\" data-track-category=\"Link no Texto\" data-track-links=\"\">Al\u00e9m das duas mortes, 45 pessoas ficaram feridas, sendo que nove foram levadas para a Santa Casa de Bocaina e 36 para a de Ja\u00fa. Em Ja\u00fa, tr\u00eas feridos seguem internados em estado grave e um aguarda reavalia\u00e7\u00e3o com o ortopedista. Outras 47 pessoas envolvidas no acidente n\u00e3o ficaram feridas.<\/p>\n<p style=\"text-align: justify;\" data-track-category=\"Link no Texto\" data-track-links=\"\">Ainda de acordo com a Pol\u00edcia Rodovi\u00e1ria, o tr\u00e2nsito no km 140 ficou interditado durante cinco horas para atendimento dos feridos e retirada dos ve\u00edculos.<\/p>\n<p data-track-category=\"Link no Texto\" data-track-links=\"\"><img loading=\"lazy\" decoding=\"async\" class=\"alignnone size-full wp-image-9434\" src=\"https:\/\/jorgezanoni.com.br\/2019\/wp-content\/uploads\/2019\/10\/mizaell.jpg\" alt=\"\" width=\"1200\" height=\"685\" srcset=\"https:\/\/jorgezanoni.com.br\/2019\/wp-content\/uploads\/2019\/10\/mizaell.jpg 1200w, https:\/\/jorgezanoni.com.br\/2019\/wp-content\/uploads\/2019\/10\/mizaell-300x171.jpg 300w, https:\/\/jorgezanoni.com.br\/2019\/wp-content\/uploads\/2019\/10\/mizaell-768x438.jpg 768w, https:\/\/jorgezanoni.com.br\/2019\/wp-content\/uploads\/2019\/10\/mizaell-1024x585.jpg 1024w, https:\/\/jorgezanoni.com.br\/2019\/wp-content\/uploads\/2019\/10\/mizaell-696x397.jpg 696w, https:\/\/jorgezanoni.com.br\/2019\/wp-content\/uploads\/2019\/10\/mizaell-1068x610.jpg 1068w, https:\/\/jorgezanoni.com.br\/2019\/wp-content\/uploads\/2019\/10\/mizaell-736x420.jpg 736w\" sizes=\"auto, (max-width: 1200px) 100vw, 1200px\" \/>Motorista do caminh\u00e3o tinha 30 anos \u2014 Foto: Facebook\/ reprodu\u00e7\u00e3o<\/p>\n<p style=\"text-align: justify;\" data-track-category=\"Link no Texto\" data-track-links=\"\">Os \u00f4nibus envolvidos no acidente transportavam presos que voltavam da saidinha do Dia das Crian\u00e7as e estavam a caminho do Centro de Progress\u00e3o Penal (CPP), de Bauru.<\/p>\n<p style=\"text-align: justify;\" data-track-category=\"Link no Texto\" data-track-links=\"\"><img loading=\"lazy\" decoding=\"async\" class=\"alignnone size-full wp-image-9435\" src=\"https:\/\/jorgezanoni.com.br\/2019\/wp-content\/uploads\/2019\/10\/bus\u00e3o1.jpeg\" alt=\"\" width=\"1200\" height=\"675\" srcset=\"https:\/\/jorgezanoni.com.br\/2019\/wp-content\/uploads\/2019\/10\/bus\u00e3o1.jpeg 1200w, https:\/\/jorgezanoni.com.br\/2019\/wp-content\/uploads\/2019\/10\/bus\u00e3o1-300x169.jpeg 300w, https:\/\/jorgezanoni.com.br\/2019\/wp-content\/uploads\/2019\/10\/bus\u00e3o1-768x432.jpeg 768w, https:\/\/jorgezanoni.com.br\/2019\/wp-content\/uploads\/2019\/10\/bus\u00e3o1-1024x576.jpeg 1024w, https:\/\/jorgezanoni.com.br\/2019\/wp-content\/uploads\/2019\/10\/bus\u00e3o1-696x392.jpeg 696w, https:\/\/jorgezanoni.com.br\/2019\/wp-content\/uploads\/2019\/10\/bus\u00e3o1-1068x601.jpeg 1068w, https:\/\/jorgezanoni.com.br\/2019\/wp-content\/uploads\/2019\/10\/bus\u00e3o1-747x420.jpeg 747w\" sizes=\"auto, (max-width: 1200px) 100vw, 1200px\" \/>Acidente entre caminh\u00e3o e dois \u00f4nibus que transportavam detentos deixou mortos em Ja\u00fa \u2014 Foto: Luizinho Andretto\/ Coisas que s\u00f3 Acontecem em Ja\u00fa<\/p>\n<div class=\"mc-column content-text active-extra-styles \" style=\"text-align: justify;\" data-block-type=\"unstyled\" data-block-weight=\"30\" data-block-id=\"11\">\n<p class=\"content-text__container \" data-track-category=\"Link no Texto\" data-track-links=\"\">Segundo informa\u00e7\u00f5es da pol\u00edcia, o caminh\u00e3o, que trafegava s\u00f3 com o cavalo (sem a carreta), invadiu a pista e bateu de frente com o primeiro \u00f4nibus e rodou na pista.<\/p>\n<\/div>\n<div class=\"mc-column content-text active-extra-styles \" data-block-type=\"unstyled\" data-block-weight=\"25\" data-block-id=\"12\">\n<p class=\"content-text__container \" style=\"text-align: justify;\" data-track-category=\"Link no Texto\" data-track-links=\"\">O segundo \u00f4nibus com detentos, al\u00e9m de bater na traseira do primeiro \u00f4nibus, tamb\u00e9m foi atingido pela parte de tr\u00e1s do caminh\u00e3o, que se soltou.<\/p>\n<div class=\"mc-column content-text active-extra-styles \" style=\"text-align: justify;\" data-block-type=\"unstyled\" data-block-weight=\"26\" data-block-id=\"14\">\n<p class=\"content-text__container \" data-track-category=\"Link no Texto\" data-track-links=\"\">Em nota, a Secretaria de Administra\u00e7\u00e3o Penitenci\u00e1ria (SAP) informou que os motoristas dos \u00f4nibus n\u00e3o s\u00e3o funcion\u00e1rios deles, mas da empresa contratada para fazer o transporte.<\/p>\n<\/div>\n<div class=\"mc-column content-text active-extra-styles \" style=\"text-align: justify;\" data-block-type=\"unstyled\" data-block-weight=\"25\" data-block-id=\"15\">\n<p class=\"content-text__container \" data-track-category=\"Link no Texto\" data-track-links=\"\">Ainda conforme a pasta, a empresa j\u00e1 encaminhou um ve\u00edculo ao hospital para buscar os reeducandos que forem liberados para lev\u00e1-los at\u00e9 a unidade prisional.<\/p>\n<\/div>\n<div class=\"mc-column content-text active-extra-styles \" data-block-type=\"unstyled\" data-block-weight=\"31\" data-block-id=\"16\">\n<p class=\"content-text__container \" style=\"text-align: justify;\" data-track-category=\"Link no Texto\" data-track-links=\"\">O enterro do motorista do \u00f4nibus ser\u00e1 em Gar\u00e7a, cidade onde ele morava, \u00e0s 17h30 desta ter\u00e7a-feira. J\u00e1 o motorista do caminh\u00e3o, vai ser \u00e0s 15h em Am\u00e9rico Brasiliense (SP).<\/p>\n<p style=\"text-align: justify;\" data-track-category=\"Link no Texto\" data-track-links=\"\">Fonte: G1<\/p>\n<\/div>\n<\/div>\n<\/div>\n<div class=\"mc-column content-media content-video\" data-block-type=\"backstage-video\" data-block-id=\"4\">\n<div class=\"content-media__container\">\n<div class=\"content-video__bigger-player-description-fixer content-media__container--loaded\">\n<div class=\"content-video__video\">\n<div id=\"wp3-player-2\" class=\"clappr-player\" tabindex=\"9999\" data-player=\"\">\n<div class=\"media-control media-control-hide\">\n<div class=\"media-control-panel\">\n<div class=\"media-control-panel__between\"><\/div>\n<div class=\"media-control-panel__lower\" data-controls=\"\">\n<div class=\"opposites-container\">\n<div class=\"media-control-position__right\">\n<div class=\"drawer-container volume-hide media-control-element\" data-volume=\"\">\n<div class=\"drawer-icon-container\" data-volume=\"\"><\/div>\n<div class=\"bar-container\" data-volume=\"\">\n<div class=\"bar-background\" data-volume=\"\">\n<div class=\"bar-fill-1\" data-volume=\"\"><\/div>\n<div class=\"bar-hover\" data-volume=\"\"><\/div>\n<\/div>\n<\/div>\n<\/div>\n<\/div>\n<\/div>\n<\/div>\n<div class=\"media-control-panel__modal\"><\/div>\n<\/div>\n<\/div>\n<\/div>\n<\/div>\n<\/div>\n<\/div>\n<\/div>\n<\/div>\n","protected":false},"excerpt":{"rendered":"<p>Colis\u00e3o entre \u00f4nibus que transportavam detentos e caminh\u00e3o aconteceu na tarde de segunda-feira (21), na Rodovia Comandante Jo\u00e3o Ribeiro de Barros, entre Ja\u00fa e Bocaina. A Pol\u00edcia Rodovi\u00e1ria atualizou, na manh\u00e3 desta ter\u00e7a-feira (22), o n\u00famero de feridos no\u00a0acidente entre dois \u00f4nibus que transportavam detentos e um caminh\u00e3o\u00a0na tarde de segunda-feira (21) em rodovia entre [&hellip;]<\/p>\n","protected":false},"author":1,"featured_media":9436,"comment_status":"closed","ping_status":"open","sticky":false,"template":"","format":"standard","meta":{"footnotes":""},"categories":[170,110],"tags":[],"class_list":["post-9433","post","type-post","status-publish","format-standard","has-post-thumbnail","hentry","category-acidentes","category-noticiasdestaque"],"_links":{"self":[{"href":"https:\/\/jorgezanoni.com.br\/2019\/wp-json\/wp\/v2\/posts\/9433","targetHints":{"allow":["GET"]}}],"collection":[{"href":"https:\/\/jorgezanoni.com.br\/2019\/wp-json\/wp\/v2\/posts"}],"about":[{"href":"https:\/\/jorgezanoni.com.br\/2019\/wp-json\/wp\/v2\/types\/post"}],"author":[{"embeddable":true,"href":"https:\/\/jorgezanoni.com.br\/2019\/wp-json\/wp\/v2\/users\/1"}],"replies":[{"embeddable":true,"href":"https:\/\/jorgezanoni.com.br\/2019\/wp-json\/wp\/v2\/comments?post=9433"}],"version-history":[{"count":0,"href":"https:\/\/jorgezanoni.com.br\/2019\/wp-json\/wp\/v2\/posts\/9433\/revisions"}],"wp:featuredmedia":[{"embeddable":true,"href":"https:\/\/jorgezanoni.com.br\/2019\/wp-json\/wp\/v2\/media\/9436"}],"wp:attachment":[{"href":"https:\/\/jorgezanoni.com.br\/2019\/wp-json\/wp\/v2\/media?parent=9433"}],"wp:term":[{"taxonomy":"category","embeddable":true,"href":"https:\/\/jorgezanoni.com.br\/2019\/wp-json\/wp\/v2\/categories?post=9433"},{"taxonomy":"post_tag","embeddable":true,"href":"https:\/\/jorgezanoni.com.br\/2019\/wp-json\/wp\/v2\/tags?post=9433"}],"curies":[{"name":"wp","href":"https:\/\/api.w.org\/{rel}","templated":true}]}}