{"id":94309,"date":"2025-04-26T19:59:51","date_gmt":"2025-04-26T19:59:51","guid":{"rendered":"https:\/\/jorgezanoni.com.br\/2019\/?p=94309"},"modified":"2025-04-26T19:59:51","modified_gmt":"2025-04-26T19:59:51","slug":"policia-militar-prende-homem-por-trafico-de-drogas-em-dracena-19","status":"publish","type":"post","link":"https:\/\/jorgezanoni.com.br\/2019\/policia-militar-prende-homem-por-trafico-de-drogas-em-dracena-19\/","title":{"rendered":"Pol\u00edcia Militar prende homem por Tr\u00e1fico de Drogas em Dracena"},"content":{"rendered":"<p style=\"text-align: justify;\">Na data de ontem 25 por volta das 22h30 min policiais militares do 25\u00ba Batalh\u00e3o de Pol\u00edcia Militar do Interior em patrulhamento com motos pela bairro Vila Luc\u00e9lia, avistou uma moto e ao ser realizada abordagem foi encontrado na posse do condutor uma por\u00e7\u00e3o de subst\u00e2ncia aparentando ser maconha, sendo relatado que havia adquirido a poucos instantes em uma resid\u00eancia e que havia pago R$ 80.00 reais. No local o indiciado ( homem 26 anos) se encontrava no quintal e rapidamente levantou com sentido a resid\u00eancia, onde foi detido pelos policiais, e de imediato confessou o tr\u00e1fico de drogas e informou que estava ao fundo de sua resid\u00eancia \u00e9 que ja tinha algumas por\u00e7\u00f5es prontas que venderia por R$ 80 reais totalizando 0,770g de maconha. Com o apoio de uma equipe do Canil Setorial do 25\u00b0 BPM\/I foi obtido resultado positivo em encontrar alguns poucos galhos de maconha desidratada no guarda roupas e tamb\u00e9m um p\u00e9 de maconha plantado ao fundo, com altura aproximadamente de 1 metro e meio. no local tamb\u00e9m havia, plastico filme, tesoura, faca e uma balan\u00e7a de precis\u00e3o. As partes envolvidas foram conduzidas ao Plant\u00e3o Policial de Dracena e indiv\u00edduo ficou a disposi\u00e7\u00e3o da Justi\u00e7a.<\/p>\n<p>Fonte: Com. Social Pol\u00edcia Militar<\/p>\n","protected":false},"excerpt":{"rendered":"<p>Na data de ontem 25 por volta das 22h30 min policiais militares do 25\u00ba Batalh\u00e3o de Pol\u00edcia Militar do Interior em patrulhamento com motos pela bairro Vila Luc\u00e9lia, avistou uma moto e ao ser realizada abordagem foi encontrado na posse do condutor uma por\u00e7\u00e3o de subst\u00e2ncia aparentando ser maconha, sendo relatado que havia adquirido a [&hellip;]<\/p>\n","protected":false},"author":1,"featured_media":94310,"comment_status":"closed","ping_status":"open","sticky":false,"template":"","format":"standard","meta":{"footnotes":""},"categories":[110,2],"tags":[],"class_list":["post-94309","post","type-post","status-publish","format-standard","has-post-thumbnail","hentry","category-noticiasdestaque","category-policial"],"_links":{"self":[{"href":"https:\/\/jorgezanoni.com.br\/2019\/wp-json\/wp\/v2\/posts\/94309","targetHints":{"allow":["GET"]}}],"collection":[{"href":"https:\/\/jorgezanoni.com.br\/2019\/wp-json\/wp\/v2\/posts"}],"about":[{"href":"https:\/\/jorgezanoni.com.br\/2019\/wp-json\/wp\/v2\/types\/post"}],"author":[{"embeddable":true,"href":"https:\/\/jorgezanoni.com.br\/2019\/wp-json\/wp\/v2\/users\/1"}],"replies":[{"embeddable":true,"href":"https:\/\/jorgezanoni.com.br\/2019\/wp-json\/wp\/v2\/comments?post=94309"}],"version-history":[{"count":1,"href":"https:\/\/jorgezanoni.com.br\/2019\/wp-json\/wp\/v2\/posts\/94309\/revisions"}],"predecessor-version":[{"id":94311,"href":"https:\/\/jorgezanoni.com.br\/2019\/wp-json\/wp\/v2\/posts\/94309\/revisions\/94311"}],"wp:featuredmedia":[{"embeddable":true,"href":"https:\/\/jorgezanoni.com.br\/2019\/wp-json\/wp\/v2\/media\/94310"}],"wp:attachment":[{"href":"https:\/\/jorgezanoni.com.br\/2019\/wp-json\/wp\/v2\/media?parent=94309"}],"wp:term":[{"taxonomy":"category","embeddable":true,"href":"https:\/\/jorgezanoni.com.br\/2019\/wp-json\/wp\/v2\/categories?post=94309"},{"taxonomy":"post_tag","embeddable":true,"href":"https:\/\/jorgezanoni.com.br\/2019\/wp-json\/wp\/v2\/tags?post=94309"}],"curies":[{"name":"wp","href":"https:\/\/api.w.org\/{rel}","templated":true}]}}