{"id":94251,"date":"2025-04-23T22:06:23","date_gmt":"2025-04-23T22:06:23","guid":{"rendered":"https:\/\/jorgezanoni.com.br\/2019\/?p=94251"},"modified":"2025-04-23T22:07:53","modified_gmt":"2025-04-23T22:07:53","slug":"policia-civil-identifica-adolescentes-envolvidos-em-furtos-de-bicicletas-em-junqueiropolis","status":"publish","type":"post","link":"https:\/\/jorgezanoni.com.br\/2019\/policia-civil-identifica-adolescentes-envolvidos-em-furtos-de-bicicletas-em-junqueiropolis\/","title":{"rendered":"Pol\u00edcia Civil identifica adolescentes envolvidos em furtos de bicicletas em Junqueir\u00f3polis"},"content":{"rendered":"<p style=\"text-align: justify;\">A Pol\u00edcia Civil do Estado de S\u00e3o Paulo, por interm\u00e9dio da Delegacia de Pol\u00edcia de Junqueir\u00f3polis, identificou nesta quarta-feira (23) um grupo de adolescentes suspeitos de envolvimento em atos infracionais an\u00e1logos ao crime de furto, que resultaram na subtra\u00e7\u00e3o de ao menos seis bicicletas de alunos de uma escola da rede estadual de ensino do munic\u00edpio.<\/p>\n<p style=\"text-align: justify;\">As investiga\u00e7\u00f5es tiveram in\u00edcio ap\u00f3s o registro de quatro boletins de ocorr\u00eancia, entre os dias 14 e 16, relatando furtos ocorridos na parte externa da unidade escolar, nas proximidades da secretaria.<\/p>\n<p style=\"text-align: justify;\">Durante os trabalhos investigativos, os policiais civis identificaram oito adolescentes suspeitos de participa\u00e7\u00e3o nas a\u00e7\u00f5es. Conforme apurado, o grupo atuava de forma organizada e com divis\u00e3o de tarefas: alguns ficavam respons\u00e1veis por escolher os alvos, outros realizavam a vigil\u00e2ncia, enquanto parte do grupo executava os furtos e os demais promoviam o desmonte e a comercializa\u00e7\u00e3o das pe\u00e7as.<\/p>\n<p style=\"text-align: justify;\">Diversos componentes das bicicletas &#8211; como quadros, rodas e pneus &#8211; foram recuperados e est\u00e3o sendo devolvidos aos respectivos propriet\u00e1rios.<\/p>\n<p style=\"text-align: justify;\">Todos os adolescentes envolvidos t\u00eam menos de 14 anos de idade e responder\u00e3o por atos infracionais an\u00e1logos ao crime de furto. Os procedimentos ser\u00e3o encaminhados ao Minist\u00e9rio P\u00fablico e ao Ju\u00edzo da Inf\u00e2ncia e Juventude da Comarca de Junqueir\u00f3polis para as provid\u00eancias cab\u00edveis.<\/p>\n<p>Fonte: Com. Social Pol\u00edcia Civil<\/p>\n","protected":false},"excerpt":{"rendered":"<p>A Pol\u00edcia Civil do Estado de S\u00e3o Paulo, por interm\u00e9dio da Delegacia de Pol\u00edcia de Junqueir\u00f3polis, identificou nesta quarta-feira (23) um grupo de adolescentes suspeitos de envolvimento em atos infracionais an\u00e1logos ao crime de furto, que resultaram na subtra\u00e7\u00e3o de ao menos seis bicicletas de alunos de uma escola da rede estadual de ensino do [&hellip;]<\/p>\n","protected":false},"author":1,"featured_media":94253,"comment_status":"closed","ping_status":"open","sticky":false,"template":"","format":"standard","meta":{"footnotes":""},"categories":[110,2],"tags":[],"class_list":["post-94251","post","type-post","status-publish","format-standard","has-post-thumbnail","hentry","category-noticiasdestaque","category-policial"],"_links":{"self":[{"href":"https:\/\/jorgezanoni.com.br\/2019\/wp-json\/wp\/v2\/posts\/94251","targetHints":{"allow":["GET"]}}],"collection":[{"href":"https:\/\/jorgezanoni.com.br\/2019\/wp-json\/wp\/v2\/posts"}],"about":[{"href":"https:\/\/jorgezanoni.com.br\/2019\/wp-json\/wp\/v2\/types\/post"}],"author":[{"embeddable":true,"href":"https:\/\/jorgezanoni.com.br\/2019\/wp-json\/wp\/v2\/users\/1"}],"replies":[{"embeddable":true,"href":"https:\/\/jorgezanoni.com.br\/2019\/wp-json\/wp\/v2\/comments?post=94251"}],"version-history":[{"count":1,"href":"https:\/\/jorgezanoni.com.br\/2019\/wp-json\/wp\/v2\/posts\/94251\/revisions"}],"predecessor-version":[{"id":94252,"href":"https:\/\/jorgezanoni.com.br\/2019\/wp-json\/wp\/v2\/posts\/94251\/revisions\/94252"}],"wp:featuredmedia":[{"embeddable":true,"href":"https:\/\/jorgezanoni.com.br\/2019\/wp-json\/wp\/v2\/media\/94253"}],"wp:attachment":[{"href":"https:\/\/jorgezanoni.com.br\/2019\/wp-json\/wp\/v2\/media?parent=94251"}],"wp:term":[{"taxonomy":"category","embeddable":true,"href":"https:\/\/jorgezanoni.com.br\/2019\/wp-json\/wp\/v2\/categories?post=94251"},{"taxonomy":"post_tag","embeddable":true,"href":"https:\/\/jorgezanoni.com.br\/2019\/wp-json\/wp\/v2\/tags?post=94251"}],"curies":[{"name":"wp","href":"https:\/\/api.w.org\/{rel}","templated":true}]}}