{"id":94133,"date":"2025-04-17T17:34:13","date_gmt":"2025-04-17T17:34:13","guid":{"rendered":"https:\/\/jorgezanoni.com.br\/2019\/?p=94133"},"modified":"2025-04-17T17:40:06","modified_gmt":"2025-04-17T17:40:06","slug":"morre-marcos-frucri-que-era-funcionario-do-tribunal-de-justica","status":"publish","type":"post","link":"https:\/\/jorgezanoni.com.br\/2019\/morre-marcos-frucri-que-era-funcionario-do-tribunal-de-justica\/","title":{"rendered":"Morre Marcos Frucri que era funcion\u00e1rio do Tribunal de Justi\u00e7a"},"content":{"rendered":"<p style=\"text-align: justify;\">Comunicamos com pesar o falecimento de Marcos Lopes Frucri aos 55 anos. Ele estava internado na Santa Casa de Dracena em tratamento, n\u00e3o resistindo e vindo a \u00f3bito no in\u00edcio da tarde desta quinta-feira (17).<\/p>\n<p style=\"text-align: justify;\">Deixa a esposa Silva Cristina Ribeiro Frucri e as filhas Isadora (Professora) e Luana (Estudante de Medicina Veterin\u00e1ria em Pres, Prudente), irm\u00e3os Dalva (in mem\u00f3ria, Lourdes, Marilene, Sidnei e C\u00e9lia, demais parentes e amigos<\/p>\n<p style=\"text-align: justify;\">Era funcion\u00e1rio do Tribunal de Justi\u00e7a do Estado de S\u00e3o Paulo.<\/p>\n<p>O SITE JZ e TOP TV se solidarizam com a fam\u00edlia e amigos neste dif\u00edcil momento.<\/p>\n<p>(Aguarde informa\u00e7\u00f5es sobre Vel\u00f3rio e Sepultamento)<\/p>\n<p>Jorge Zanoni<\/p>\n<p>&nbsp;<\/p>\n","protected":false},"excerpt":{"rendered":"<p>Comunicamos com pesar o falecimento de Marcos Lopes Frucri aos 55 anos. Ele estava internado na Santa Casa de Dracena em tratamento, n\u00e3o resistindo e vindo a \u00f3bito no in\u00edcio da tarde desta quinta-feira (17). Deixa a esposa Silva Cristina Ribeiro Frucri e as filhas Isadora (Professora) e Luana (Estudante de Medicina Veterin\u00e1ria em Pres, [&hellip;]<\/p>\n","protected":false},"author":1,"featured_media":94134,"comment_status":"closed","ping_status":"open","sticky":false,"template":"","format":"standard","meta":{"footnotes":""},"categories":[178,110],"tags":[],"class_list":["post-94133","post","type-post","status-publish","format-standard","has-post-thumbnail","hentry","category-notadefalecimento","category-noticiasdestaque"],"_links":{"self":[{"href":"https:\/\/jorgezanoni.com.br\/2019\/wp-json\/wp\/v2\/posts\/94133","targetHints":{"allow":["GET"]}}],"collection":[{"href":"https:\/\/jorgezanoni.com.br\/2019\/wp-json\/wp\/v2\/posts"}],"about":[{"href":"https:\/\/jorgezanoni.com.br\/2019\/wp-json\/wp\/v2\/types\/post"}],"author":[{"embeddable":true,"href":"https:\/\/jorgezanoni.com.br\/2019\/wp-json\/wp\/v2\/users\/1"}],"replies":[{"embeddable":true,"href":"https:\/\/jorgezanoni.com.br\/2019\/wp-json\/wp\/v2\/comments?post=94133"}],"version-history":[{"count":3,"href":"https:\/\/jorgezanoni.com.br\/2019\/wp-json\/wp\/v2\/posts\/94133\/revisions"}],"predecessor-version":[{"id":94137,"href":"https:\/\/jorgezanoni.com.br\/2019\/wp-json\/wp\/v2\/posts\/94133\/revisions\/94137"}],"wp:featuredmedia":[{"embeddable":true,"href":"https:\/\/jorgezanoni.com.br\/2019\/wp-json\/wp\/v2\/media\/94134"}],"wp:attachment":[{"href":"https:\/\/jorgezanoni.com.br\/2019\/wp-json\/wp\/v2\/media?parent=94133"}],"wp:term":[{"taxonomy":"category","embeddable":true,"href":"https:\/\/jorgezanoni.com.br\/2019\/wp-json\/wp\/v2\/categories?post=94133"},{"taxonomy":"post_tag","embeddable":true,"href":"https:\/\/jorgezanoni.com.br\/2019\/wp-json\/wp\/v2\/tags?post=94133"}],"curies":[{"name":"wp","href":"https:\/\/api.w.org\/{rel}","templated":true}]}}