{"id":94102,"date":"2025-04-15T23:23:58","date_gmt":"2025-04-15T23:23:58","guid":{"rendered":"https:\/\/jorgezanoni.com.br\/2019\/?p=94102"},"modified":"2025-04-15T23:23:58","modified_gmt":"2025-04-15T23:23:58","slug":"amigos-do-outro-tempo-deste-tempo-em-ourinhos-sp-por-sergio-barbosa","status":"publish","type":"post","link":"https:\/\/jorgezanoni.com.br\/2019\/amigos-do-outro-tempo-deste-tempo-em-ourinhos-sp-por-sergio-barbosa\/","title":{"rendered":"\u201cAMIGOS\u201d Do outro tempo deste tempo em Ourinhos\/SP&#8230; (por S\u00e9rgio Barbosa)"},"content":{"rendered":"<p style=\"text-align: justify;\"><strong>\u201cAMIGOS\u201d DO OUTRO TEMPO DESTE TENPO EM OURINHOS-SP&#8230;<\/strong><\/p>\n<p style=\"text-align: justify;\">\u201dAmizade verdadeira n\u00e3o \u00e9 ser insepar\u00e1vel. \u00c9 estar separado, e nada mudar.\u201d<\/p>\n<p style=\"text-align: justify;\"><strong>By seb@r.<\/strong><strong>\u00a0<\/strong><\/p>\n<p style=\"text-align: justify;\">Quando era adolescente em Ourinhos, isso faz anos e anos, tive a oportunidade de conviver com muitos colegas e poucos amigos, entre estes, gostaria de destacar dois&#8230;<\/p>\n<p style=\"text-align: justify;\">Um deles era carinhosamente apelidado de \u201cPPPaulo\u201d, de origem japonesa e morava em um s\u00edtio pr\u00f3ximo da cidade, ainda, o \u201capelido\u201d era por que o PAULO era \u201cgago\u201d e todas as vezes que se perguntava o nome dele, a resposta era \u201cPPPaulo\u201d&#8230;<\/p>\n<p style=\"text-align: justify;\">N\u00e3o sei por onde anda o mesmo, a \u00faltima not\u00edcia era que estava em Curitiba e como sempre, uma amizade que se perdeu no tempo do tempo&#8230;<\/p>\n<p style=\"text-align: justify;\">Ainda, \u201cPPPaulo\u201d cursou EDIFICA\u00c7\u00d5ES com o meu irm\u00e3o VALDIR no COL\u00c9GIO T\u00c9CNICO INDUSTRIAL ESTADUAL DE OURINHOS na d\u00e9cada de 70&#8230;<\/p>\n<p style=\"text-align: justify;\">Al\u00e9m do \u201cPAULO\u201d, faz-se necess\u00e1rio destacar um outro amig\u00e3o, este esteve em diversas cidades, ora estudando ou trabalhando, cursou ENGENHARIA MEC\u00c2NICA uma UFSC e se tornou um excelente \u201cEngenheiro de Som\u201d&#8230;<\/p>\n<p style=\"text-align: justify;\">Seu nome, IRINEU B. e morava na esquina abaixo da RUA 21 DE ABRIL, na RUA 3 DE MAIO e depois de muitas reformas, a resid\u00eancia continua firme e forte no mesmo local&#8230;<\/p>\n<p style=\"text-align: justify;\">Fomos colegas e depois amigos no curso de MEC\u00c2NICA do COL\u00c9GIO T\u00c9CNICO INDUSTRIAL ESTADUAL DE OURINHOS, se bem que at\u00e9 onde estou lembrando aqui, eu acabei \u201crepetindo o segundo ano\u201d e o meu amigo, IRINEU seguiu o curso sem mais e sem menos&#8230;<\/p>\n<p style=\"text-align: justify;\">O mesmo est\u00e1 morando em MARING\u00c1 faz alguns anos, \u201cvi\u00favo\u201d, ainda, com filhos e parece que j\u00e1 \u00e9 \u201cav\u00f4\u201d e anda envolvido com atividades religiosas e tudo mais&#8230;<\/p>\n<p style=\"text-align: justify;\">Aos amigos \u201cPPAULO E IRINEU\u201d escrevo essas palavras em busca daquele outro tempo do tempo, quando tudo era alegria e aventura de acordo com os desafios naquela \u00e9poca de adolescentes em terras ourinhenses&#8230;<\/p>\n<p>QUEM VIVEU E CONHECEU VAI SABER&#8230;<\/p>\n<p><strong>e-mail: <\/strong><a href=\"mailto:barbosa.sebar@gmail.com\"><strong>barbosa.sebar@gmail.com<\/strong><\/a><\/p>\n<p>&nbsp;<\/p>\n","protected":false},"excerpt":{"rendered":"<p>\u201cAMIGOS\u201d DO OUTRO TEMPO DESTE TENPO EM OURINHOS-SP&#8230; \u201dAmizade verdadeira n\u00e3o \u00e9 ser insepar\u00e1vel. \u00c9 estar separado, e nada mudar.\u201d By seb@r.\u00a0 Quando era adolescente em Ourinhos, isso faz anos e anos, tive a oportunidade de conviver com muitos colegas e poucos amigos, entre estes, gostaria de destacar dois&#8230; Um deles era carinhosamente apelidado de [&hellip;]<\/p>\n","protected":false},"author":1,"featured_media":94103,"comment_status":"closed","ping_status":"open","sticky":false,"template":"","format":"standard","meta":{"footnotes":""},"categories":[175],"tags":[],"class_list":["post-94102","post","type-post","status-publish","format-standard","has-post-thumbnail","hentry","category-artigos"],"_links":{"self":[{"href":"https:\/\/jorgezanoni.com.br\/2019\/wp-json\/wp\/v2\/posts\/94102","targetHints":{"allow":["GET"]}}],"collection":[{"href":"https:\/\/jorgezanoni.com.br\/2019\/wp-json\/wp\/v2\/posts"}],"about":[{"href":"https:\/\/jorgezanoni.com.br\/2019\/wp-json\/wp\/v2\/types\/post"}],"author":[{"embeddable":true,"href":"https:\/\/jorgezanoni.com.br\/2019\/wp-json\/wp\/v2\/users\/1"}],"replies":[{"embeddable":true,"href":"https:\/\/jorgezanoni.com.br\/2019\/wp-json\/wp\/v2\/comments?post=94102"}],"version-history":[{"count":1,"href":"https:\/\/jorgezanoni.com.br\/2019\/wp-json\/wp\/v2\/posts\/94102\/revisions"}],"predecessor-version":[{"id":94104,"href":"https:\/\/jorgezanoni.com.br\/2019\/wp-json\/wp\/v2\/posts\/94102\/revisions\/94104"}],"wp:featuredmedia":[{"embeddable":true,"href":"https:\/\/jorgezanoni.com.br\/2019\/wp-json\/wp\/v2\/media\/94103"}],"wp:attachment":[{"href":"https:\/\/jorgezanoni.com.br\/2019\/wp-json\/wp\/v2\/media?parent=94102"}],"wp:term":[{"taxonomy":"category","embeddable":true,"href":"https:\/\/jorgezanoni.com.br\/2019\/wp-json\/wp\/v2\/categories?post=94102"},{"taxonomy":"post_tag","embeddable":true,"href":"https:\/\/jorgezanoni.com.br\/2019\/wp-json\/wp\/v2\/tags?post=94102"}],"curies":[{"name":"wp","href":"https:\/\/api.w.org\/{rel}","templated":true}]}}